{"id":2936,"date":"2019-02-13T06:40:07","date_gmt":"2019-02-13T05:40:07","guid":{"rendered":"https:\/\/www.naturparkmagazin.de\/dahme-heideseen\/?p=2936"},"modified":"2019-02-13T06:45:30","modified_gmt":"2019-02-13T05:45:30","slug":"rangertour-laute-und-leise-toene","status":"publish","type":"post","link":"https:\/\/www.naturparkmagazin.de\/dahme-heideseen\/rangertour-laute-und-leise-toene\/","title":{"rendered":"RangerTour: Laute und leise T\u00f6ne"},"content":{"rendered":"<p>Konzerfr\u00fchling! &#8211;\u00a0Zur Begr\u00fc\u00dfung gibt es ein kleines Fr\u00fchlingskonzert von der Jagdhornbl\u00e4sergruppe K\u00f6llnitz.<\/p>\n<p>Ziel sind Fl\u00e4chen, auf denen in den vergangenen Jahren Naturschutzprojekte im Rahmen von EU-LIFE\u00a0umgesetzt wurden. Am Glienitzberg, einer alten Lehmgrube, haben sich die Folgen der Ma\u00dfnahmen gut etabliert und es ist eine positive Entwicklung zu erkennen.<\/p>\n<p>Auf den Fl\u00e4chen der Bugker Sahara sind die Eingriffe wesentlich j\u00fcnger. Trockenrasen und Sandw\u00fcsten stehen im Gegensatz zu Flechten-Kiefernwald, dessen B\u00e4ume M\u00e4rchengestalten \u00e4hneln. Jeder Lebensraum hat seine Bewohner und diesen werden wir mit allen Sinnen nachsp\u00fcren und lauschen. Welche Stimmen verk\u00fcnden den Fr\u00fchlingsbeginn?<\/p>\n<p>Am Wucksee angekommen wartet eine kleine \u00dcberraschung auf die Teilnehmer, bevor es zur\u00fcckgeht nach Bugk. Hier wird zum Schluss noch einmal kr\u00e4ftig ins Horn geblasen.<\/p>\n<p><strong>Anprechpartner\n<\/strong>Thomas Mertke\nArnold-Breithor-Stra\u00dfe 8\n15754 Heidesee\n033768 50118\ndahme-heideseen@naturwacht.de<strong>\n<\/strong><\/p>\n<p>&nbsp;<\/p>\n","protected":false},"excerpt":{"rendered":"<p>Die Ranger der Naturwacht f\u00fchren durch den Naturpark. Entdeckt bzw. erlauscht werden die leisen aber auch lauten T\u00f6ne des Naturparks.<\/p>\n","protected":false},"author":83,"featured_media":2458,"comment_status":"open","ping_status":"open","sticky":false,"template":"","format":"standard","meta":[],"categories":[11],"tags":[],"yoast_head":"<!-- This site is optimized with the Yoast SEO plugin v19.10 - https:\/\/yoast.com\/wordpress\/plugins\/seo\/ -->\n<title>RangerTour: Laute und leise T\u00f6ne - Naturpark Dahme-Heideseen<\/title>\n<meta name=\"robots\" content=\"index, follow, max-snippet:-1, max-image-preview:large, max-video-preview:-1\" \/>\n<link rel=\"canonical\" href=\"https:\/\/www.naturparkmagazin.de\/dahme-heideseen\/rangertour-laute-und-leise-toene\/\" \/>\n<meta property=\"og:locale\" content=\"de_DE\" \/>\n<meta property=\"og:type\" content=\"article\" \/>\n<meta property=\"og:title\" content=\"RangerTour: Laute und leise T\u00f6ne - Naturpark Dahme-Heideseen\" \/>\n<meta property=\"og:description\" content=\"Die Ranger der Naturwacht f\u00fchren durch den Naturpark. Entdeckt bzw. erlauscht werden die leisen aber auch lauten T\u00f6ne des Naturparks.\" \/>\n<meta property=\"og:url\" content=\"https:\/\/www.naturparkmagazin.de\/dahme-heideseen\/rangertour-laute-und-leise-toene\/\" \/>\n<meta property=\"og:site_name\" content=\"Naturpark Dahme-Heideseen\" \/>\n<meta property=\"article:published_time\" content=\"2019-02-13T05:40:07+00:00\" \/>\n<meta property=\"article:modified_time\" content=\"2019-02-13T05:45:30+00:00\" \/>\n<meta property=\"og:image\" content=\"https:\/\/www.naturparkmagazin.de\/dahme-heideseen\/wp-content\/uploads\/sites\/37\/bugker-sahra.jpg\" \/>\n\t<meta property=\"og:image:width\" content=\"1000\" \/>\n\t<meta property=\"og:image:height\" content=\"750\" \/>\n\t<meta property=\"og:image:type\" content=\"image\/jpeg\" \/>\n<meta name=\"author\" content=\"Astrid Osenbr\u00fcck\" \/>\n<meta name=\"twitter:label1\" content=\"Verfasst von\" \/>\n\t<meta name=\"twitter:data1\" content=\"Astrid Osenbr\u00fcck\" \/>\n\t<meta name=\"twitter:label2\" content=\"Gesch\u00e4tzte Lesezeit\" \/>\n\t<meta name=\"twitter:data2\" content=\"1\u00a0Minute\" \/>\n<script type=\"application\/ld+json\" class=\"yoast-schema-graph\">{\"@context\":\"https:\/\/schema.org\",\"@graph\":[{\"@type\":\"WebPage\",\"@id\":\"https:\/\/www.naturparkmagazin.de\/dahme-heideseen\/rangertour-laute-und-leise-toene\/\",\"url\":\"https:\/\/www.naturparkmagazin.de\/dahme-heideseen\/rangertour-laute-und-leise-toene\/\",\"name\":\"RangerTour: Laute und leise T\u00f6ne - Naturpark Dahme-Heideseen\",\"isPartOf\":{\"@id\":\"https:\/\/www.naturparkmagazin.de\/dahme-heideseen\/#website\"},\"datePublished\":\"2019-02-13T05:40:07+00:00\",\"dateModified\":\"2019-02-13T05:45:30+00:00\",\"author\":{\"@id\":\"https:\/\/www.naturparkmagazin.de\/dahme-heideseen\/#\/schema\/person\/a0510aafafdf8183c95fc98faf0c9f21\"},\"breadcrumb\":{\"@id\":\"https:\/\/www.naturparkmagazin.de\/dahme-heideseen\/rangertour-laute-und-leise-toene\/#breadcrumb\"},\"inLanguage\":\"de\",\"potentialAction\":[{\"@type\":\"ReadAction\",\"target\":[\"https:\/\/www.naturparkmagazin.de\/dahme-heideseen\/rangertour-laute-und-leise-toene\/\"]}]},{\"@type\":\"BreadcrumbList\",\"@id\":\"https:\/\/www.naturparkmagazin.de\/dahme-heideseen\/rangertour-laute-und-leise-toene\/#breadcrumb\",\"itemListElement\":[{\"@type\":\"ListItem\",\"position\":1,\"name\":\"Home\",\"item\":\"https:\/\/www.naturparkmagazin.de\/dahme-heideseen\/\"},{\"@type\":\"ListItem\",\"position\":2,\"name\":\"RangerTour: Laute und leise T\u00f6ne\"}]},{\"@type\":\"WebSite\",\"@id\":\"https:\/\/www.naturparkmagazin.de\/dahme-heideseen\/#website\",\"url\":\"https:\/\/www.naturparkmagazin.de\/dahme-heideseen\/\",\"name\":\"Naturpark Dahme-Heideseen\",\"description\":\"\",\"potentialAction\":[{\"@type\":\"SearchAction\",\"target\":{\"@type\":\"EntryPoint\",\"urlTemplate\":\"https:\/\/www.naturparkmagazin.de\/dahme-heideseen\/?s={search_term_string}\"},\"query-input\":\"required name=search_term_string\"}],\"inLanguage\":\"de\"},{\"@type\":\"Person\",\"@id\":\"https:\/\/www.naturparkmagazin.de\/dahme-heideseen\/#\/schema\/person\/a0510aafafdf8183c95fc98faf0c9f21\",\"name\":\"Astrid Osenbr\u00fcck\",\"sameAs\":[\"http:\/\/www.dahme-heideseen-naturpark.de\"],\"url\":\"https:\/\/www.naturparkmagazin.de\/dahme-heideseen\/author\/astridosenbrueck\/\"}]}<\/script>\n<!-- \/ Yoast SEO plugin. -->","yoast_head_json":{"title":"RangerTour: Laute und leise T\u00f6ne - Naturpark Dahme-Heideseen","robots":{"index":"index","follow":"follow","max-snippet":"max-snippet:-1","max-image-preview":"max-image-preview:large","max-video-preview":"max-video-preview:-1"},"canonical":"https:\/\/www.naturparkmagazin.de\/dahme-heideseen\/rangertour-laute-und-leise-toene\/","og_locale":"de_DE","og_type":"article","og_title":"RangerTour: Laute und leise T\u00f6ne - Naturpark Dahme-Heideseen","og_description":"Die Ranger der Naturwacht f\u00fchren durch den Naturpark. Entdeckt bzw. erlauscht werden die leisen aber auch lauten T\u00f6ne des Naturparks.","og_url":"https:\/\/www.naturparkmagazin.de\/dahme-heideseen\/rangertour-laute-und-leise-toene\/","og_site_name":"Naturpark Dahme-Heideseen","article_published_time":"2019-02-13T05:40:07+00:00","article_modified_time":"2019-02-13T05:45:30+00:00","og_image":[{"width":1000,"height":750,"url":"https:\/\/www.naturparkmagazin.de\/dahme-heideseen\/wp-content\/uploads\/sites\/37\/bugker-sahra.jpg","type":"image\/jpeg"}],"author":"Astrid Osenbr\u00fcck","twitter_misc":{"Verfasst von":"Astrid Osenbr\u00fcck","Gesch\u00e4tzte Lesezeit":"1\u00a0Minute"},"schema":{"@context":"https:\/\/schema.org","@graph":[{"@type":"WebPage","@id":"https:\/\/www.naturparkmagazin.de\/dahme-heideseen\/rangertour-laute-und-leise-toene\/","url":"https:\/\/www.naturparkmagazin.de\/dahme-heideseen\/rangertour-laute-und-leise-toene\/","name":"RangerTour: Laute und leise T\u00f6ne - Naturpark Dahme-Heideseen","isPartOf":{"@id":"https:\/\/www.naturparkmagazin.de\/dahme-heideseen\/#website"},"datePublished":"2019-02-13T05:40:07+00:00","dateModified":"2019-02-13T05:45:30+00:00","author":{"@id":"https:\/\/www.naturparkmagazin.de\/dahme-heideseen\/#\/schema\/person\/a0510aafafdf8183c95fc98faf0c9f21"},"breadcrumb":{"@id":"https:\/\/www.naturparkmagazin.de\/dahme-heideseen\/rangertour-laute-und-leise-toene\/#breadcrumb"},"inLanguage":"de","potentialAction":[{"@type":"ReadAction","target":["https:\/\/www.naturparkmagazin.de\/dahme-heideseen\/rangertour-laute-und-leise-toene\/"]}]},{"@type":"BreadcrumbList","@id":"https:\/\/www.naturparkmagazin.de\/dahme-heideseen\/rangertour-laute-und-leise-toene\/#breadcrumb","itemListElement":[{"@type":"ListItem","position":1,"name":"Home","item":"https:\/\/www.naturparkmagazin.de\/dahme-heideseen\/"},{"@type":"ListItem","position":2,"name":"RangerTour: Laute und leise T\u00f6ne"}]},{"@type":"WebSite","@id":"https:\/\/www.naturparkmagazin.de\/dahme-heideseen\/#website","url":"https:\/\/www.naturparkmagazin.de\/dahme-heideseen\/","name":"Naturpark Dahme-Heideseen","description":"","potentialAction":[{"@type":"SearchAction","target":{"@type":"EntryPoint","urlTemplate":"https:\/\/www.naturparkmagazin.de\/dahme-heideseen\/?s={search_term_string}"},"query-input":"required name=search_term_string"}],"inLanguage":"de"},{"@type":"Person","@id":"https:\/\/www.naturparkmagazin.de\/dahme-heideseen\/#\/schema\/person\/a0510aafafdf8183c95fc98faf0c9f21","name":"Astrid Osenbr\u00fcck","sameAs":["http:\/\/www.dahme-heideseen-naturpark.de"],"url":"https:\/\/www.naturparkmagazin.de\/dahme-heideseen\/author\/astridosenbrueck\/"}]}},"_links":{"self":[{"href":"https:\/\/www.naturparkmagazin.de\/dahme-heideseen\/wp-json\/wp\/v2\/posts\/2936"}],"collection":[{"href":"https:\/\/www.naturparkmagazin.de\/dahme-heideseen\/wp-json\/wp\/v2\/posts"}],"about":[{"href":"https:\/\/www.naturparkmagazin.de\/dahme-heideseen\/wp-json\/wp\/v2\/types\/post"}],"author":[{"embeddable":true,"href":"https:\/\/www.naturparkmagazin.de\/dahme-heideseen\/wp-json\/wp\/v2\/users\/83"}],"replies":[{"embeddable":true,"href":"https:\/\/www.naturparkmagazin.de\/dahme-heideseen\/wp-json\/wp\/v2\/comments?post=2936"}],"version-history":[{"count":4,"href":"https:\/\/www.naturparkmagazin.de\/dahme-heideseen\/wp-json\/wp\/v2\/posts\/2936\/revisions"}],"predecessor-version":[{"id":2941,"href":"https:\/\/www.naturparkmagazin.de\/dahme-heideseen\/wp-json\/wp\/v2\/posts\/2936\/revisions\/2941"}],"wp:featuredmedia":[{"embeddable":true,"href":"https:\/\/www.naturparkmagazin.de\/dahme-heideseen\/wp-json\/wp\/v2\/media\/2458"}],"wp:attachment":[{"href":"https:\/\/www.naturparkmagazin.de\/dahme-heideseen\/wp-json\/wp\/v2\/media?parent=2936"}],"wp:term":[{"taxonomy":"category","embeddable":true,"href":"https:\/\/www.naturparkmagazin.de\/dahme-heideseen\/wp-json\/wp\/v2\/categories?post=2936"},{"taxonomy":"post_tag","embeddable":true,"href":"https:\/\/www.naturparkmagazin.de\/dahme-heideseen\/wp-json\/wp\/v2\/tags?post=2936"}],"curies":[{"name":"wp","href":"https:\/\/api.w.org\/{rel}","templated":true}]}}