{"id":2945,"date":"2019-02-13T08:04:49","date_gmt":"2019-02-13T07:04:49","guid":{"rendered":"https:\/\/www.naturparkmagazin.de\/dahme-heideseen\/?p=2945"},"modified":"2019-03-11T09:46:14","modified_gmt":"2019-03-11T08:46:14","slug":"bedrohte-schoenheiten-schmetterlinge-und-andere-insekten","status":"publish","type":"post","link":"https:\/\/www.naturparkmagazin.de\/dahme-heideseen\/bedrohte-schoenheiten-schmetterlinge-und-andere-insekten\/","title":{"rendered":"Bedrohte Sch\u00f6nheiten, Schmetterlinge und andere Insekten"},"content":{"rendered":"<p>Anneli Kr\u00e4mer fotografiert seit Jahren leidenschaftlich die Insektenwelt im Naturpark Dahme-Heideseen\u00a0&#8211; nun l\u00e4dt die VHS Dahme-Spreewald zu einem Vortrag, bei welchem sie ihre sch\u00f6nsten Bilder pr\u00e4sentiert. Dabei erz\u00e4hlt die Fotografin, wie sie zu ihren Aufnahmen kommt und informiert \u00fcber die Lebensweise mancher Tiere.<\/p>\n<p>Ob Wiese, Garten oder Wald &#8211; Anneli Kr\u00e4mer findet \u00fcberall kleine Sch\u00f6nheiten. Besonders viele seltene Arten entdeckt sie h\u00e4ufig an den Seen und in den Mooren unserer Region.\nInsekten erf\u00fcllen im Kreislauf der Natur sehr wichtige Aufgaben, und jeder Einzelne kann durch sein Handeln dazu beitragen, die Bl\u00fctenbest\u00e4uber und die anderen Helfer zu unterst\u00fctzen.<\/p>\n<p>Folgen Sie der Natur-Fotografin Anneli Kr\u00e4mer bei diesem Vortrag in eine oft unsichtbare Welt und erfreuen Sie sich an den Bildern und Geschichten.<\/p>\n","protected":false},"excerpt":{"rendered":"<p>Naturfotografin Anneli Kr\u00e4mer zeigt in beeindruckenden Fotos die Sch\u00f6nheit unserer Insektenwelt in ihrem nat\u00fcrlichen Umfeld. <\/p>\n","protected":false},"author":83,"featured_media":605,"comment_status":"open","ping_status":"open","sticky":false,"template":"","format":"standard","meta":[],"categories":[11],"tags":[],"yoast_head":"<!-- This site is optimized with the Yoast SEO plugin v19.10 - https:\/\/yoast.com\/wordpress\/plugins\/seo\/ -->\n<title>Bedrohte Sch\u00f6nheiten, Schmetterlinge und andere Insekten - Naturpark Dahme-Heideseen<\/title>\n<meta name=\"robots\" content=\"index, follow, max-snippet:-1, max-image-preview:large, max-video-preview:-1\" \/>\n<link rel=\"canonical\" href=\"https:\/\/www.naturparkmagazin.de\/dahme-heideseen\/bedrohte-schoenheiten-schmetterlinge-und-andere-insekten\/\" \/>\n<meta property=\"og:locale\" content=\"de_DE\" \/>\n<meta property=\"og:type\" content=\"article\" \/>\n<meta property=\"og:title\" content=\"Bedrohte Sch\u00f6nheiten, Schmetterlinge und andere Insekten - Naturpark Dahme-Heideseen\" \/>\n<meta property=\"og:description\" content=\"Naturfotografin Anneli Kr\u00e4mer zeigt in beeindruckenden Fotos die Sch\u00f6nheit unserer Insektenwelt in ihrem nat\u00fcrlichen Umfeld.\" \/>\n<meta property=\"og:url\" content=\"https:\/\/www.naturparkmagazin.de\/dahme-heideseen\/bedrohte-schoenheiten-schmetterlinge-und-andere-insekten\/\" \/>\n<meta property=\"og:site_name\" content=\"Naturpark Dahme-Heideseen\" \/>\n<meta property=\"article:published_time\" content=\"2019-02-13T07:04:49+00:00\" \/>\n<meta property=\"article:modified_time\" content=\"2019-03-11T08:46:14+00:00\" \/>\n<meta property=\"og:image\" content=\"https:\/\/www.naturparkmagazin.de\/dahme-heideseen\/wp-content\/uploads\/sites\/37\/Schwalbenschwanz_Kraemer.jpg\" \/>\n\t<meta property=\"og:image:width\" content=\"853\" \/>\n\t<meta property=\"og:image:height\" content=\"625\" \/>\n\t<meta property=\"og:image:type\" content=\"image\/jpeg\" \/>\n<meta name=\"author\" content=\"Astrid Osenbr\u00fcck\" \/>\n<meta name=\"twitter:label1\" content=\"Verfasst von\" \/>\n\t<meta name=\"twitter:data1\" content=\"Astrid Osenbr\u00fcck\" \/>\n\t<meta name=\"twitter:label2\" content=\"Gesch\u00e4tzte Lesezeit\" \/>\n\t<meta name=\"twitter:data2\" content=\"1\u00a0Minute\" \/>\n<script type=\"application\/ld+json\" class=\"yoast-schema-graph\">{\"@context\":\"https:\/\/schema.org\",\"@graph\":[{\"@type\":\"WebPage\",\"@id\":\"https:\/\/www.naturparkmagazin.de\/dahme-heideseen\/bedrohte-schoenheiten-schmetterlinge-und-andere-insekten\/\",\"url\":\"https:\/\/www.naturparkmagazin.de\/dahme-heideseen\/bedrohte-schoenheiten-schmetterlinge-und-andere-insekten\/\",\"name\":\"Bedrohte Sch\u00f6nheiten, Schmetterlinge und andere Insekten - Naturpark Dahme-Heideseen\",\"isPartOf\":{\"@id\":\"https:\/\/www.naturparkmagazin.de\/dahme-heideseen\/#website\"},\"datePublished\":\"2019-02-13T07:04:49+00:00\",\"dateModified\":\"2019-03-11T08:46:14+00:00\",\"author\":{\"@id\":\"https:\/\/www.naturparkmagazin.de\/dahme-heideseen\/#\/schema\/person\/a0510aafafdf8183c95fc98faf0c9f21\"},\"breadcrumb\":{\"@id\":\"https:\/\/www.naturparkmagazin.de\/dahme-heideseen\/bedrohte-schoenheiten-schmetterlinge-und-andere-insekten\/#breadcrumb\"},\"inLanguage\":\"de\",\"potentialAction\":[{\"@type\":\"ReadAction\",\"target\":[\"https:\/\/www.naturparkmagazin.de\/dahme-heideseen\/bedrohte-schoenheiten-schmetterlinge-und-andere-insekten\/\"]}]},{\"@type\":\"BreadcrumbList\",\"@id\":\"https:\/\/www.naturparkmagazin.de\/dahme-heideseen\/bedrohte-schoenheiten-schmetterlinge-und-andere-insekten\/#breadcrumb\",\"itemListElement\":[{\"@type\":\"ListItem\",\"position\":1,\"name\":\"Home\",\"item\":\"https:\/\/www.naturparkmagazin.de\/dahme-heideseen\/\"},{\"@type\":\"ListItem\",\"position\":2,\"name\":\"Bedrohte Sch\u00f6nheiten, Schmetterlinge und andere Insekten\"}]},{\"@type\":\"WebSite\",\"@id\":\"https:\/\/www.naturparkmagazin.de\/dahme-heideseen\/#website\",\"url\":\"https:\/\/www.naturparkmagazin.de\/dahme-heideseen\/\",\"name\":\"Naturpark Dahme-Heideseen\",\"description\":\"\",\"potentialAction\":[{\"@type\":\"SearchAction\",\"target\":{\"@type\":\"EntryPoint\",\"urlTemplate\":\"https:\/\/www.naturparkmagazin.de\/dahme-heideseen\/?s={search_term_string}\"},\"query-input\":\"required name=search_term_string\"}],\"inLanguage\":\"de\"},{\"@type\":\"Person\",\"@id\":\"https:\/\/www.naturparkmagazin.de\/dahme-heideseen\/#\/schema\/person\/a0510aafafdf8183c95fc98faf0c9f21\",\"name\":\"Astrid Osenbr\u00fcck\",\"sameAs\":[\"http:\/\/www.dahme-heideseen-naturpark.de\"],\"url\":\"https:\/\/www.naturparkmagazin.de\/dahme-heideseen\/author\/astridosenbrueck\/\"}]}<\/script>\n<!-- \/ Yoast SEO plugin. -->","yoast_head_json":{"title":"Bedrohte Sch\u00f6nheiten, Schmetterlinge und andere Insekten - Naturpark Dahme-Heideseen","robots":{"index":"index","follow":"follow","max-snippet":"max-snippet:-1","max-image-preview":"max-image-preview:large","max-video-preview":"max-video-preview:-1"},"canonical":"https:\/\/www.naturparkmagazin.de\/dahme-heideseen\/bedrohte-schoenheiten-schmetterlinge-und-andere-insekten\/","og_locale":"de_DE","og_type":"article","og_title":"Bedrohte Sch\u00f6nheiten, Schmetterlinge und andere Insekten - Naturpark Dahme-Heideseen","og_description":"Naturfotografin Anneli Kr\u00e4mer zeigt in beeindruckenden Fotos die Sch\u00f6nheit unserer Insektenwelt in ihrem nat\u00fcrlichen Umfeld.","og_url":"https:\/\/www.naturparkmagazin.de\/dahme-heideseen\/bedrohte-schoenheiten-schmetterlinge-und-andere-insekten\/","og_site_name":"Naturpark Dahme-Heideseen","article_published_time":"2019-02-13T07:04:49+00:00","article_modified_time":"2019-03-11T08:46:14+00:00","og_image":[{"width":853,"height":625,"url":"https:\/\/www.naturparkmagazin.de\/dahme-heideseen\/wp-content\/uploads\/sites\/37\/Schwalbenschwanz_Kraemer.jpg","type":"image\/jpeg"}],"author":"Astrid Osenbr\u00fcck","twitter_misc":{"Verfasst von":"Astrid Osenbr\u00fcck","Gesch\u00e4tzte Lesezeit":"1\u00a0Minute"},"schema":{"@context":"https:\/\/schema.org","@graph":[{"@type":"WebPage","@id":"https:\/\/www.naturparkmagazin.de\/dahme-heideseen\/bedrohte-schoenheiten-schmetterlinge-und-andere-insekten\/","url":"https:\/\/www.naturparkmagazin.de\/dahme-heideseen\/bedrohte-schoenheiten-schmetterlinge-und-andere-insekten\/","name":"Bedrohte Sch\u00f6nheiten, Schmetterlinge und andere Insekten - Naturpark Dahme-Heideseen","isPartOf":{"@id":"https:\/\/www.naturparkmagazin.de\/dahme-heideseen\/#website"},"datePublished":"2019-02-13T07:04:49+00:00","dateModified":"2019-03-11T08:46:14+00:00","author":{"@id":"https:\/\/www.naturparkmagazin.de\/dahme-heideseen\/#\/schema\/person\/a0510aafafdf8183c95fc98faf0c9f21"},"breadcrumb":{"@id":"https:\/\/www.naturparkmagazin.de\/dahme-heideseen\/bedrohte-schoenheiten-schmetterlinge-und-andere-insekten\/#breadcrumb"},"inLanguage":"de","potentialAction":[{"@type":"ReadAction","target":["https:\/\/www.naturparkmagazin.de\/dahme-heideseen\/bedrohte-schoenheiten-schmetterlinge-und-andere-insekten\/"]}]},{"@type":"BreadcrumbList","@id":"https:\/\/www.naturparkmagazin.de\/dahme-heideseen\/bedrohte-schoenheiten-schmetterlinge-und-andere-insekten\/#breadcrumb","itemListElement":[{"@type":"ListItem","position":1,"name":"Home","item":"https:\/\/www.naturparkmagazin.de\/dahme-heideseen\/"},{"@type":"ListItem","position":2,"name":"Bedrohte Sch\u00f6nheiten, Schmetterlinge und andere Insekten"}]},{"@type":"WebSite","@id":"https:\/\/www.naturparkmagazin.de\/dahme-heideseen\/#website","url":"https:\/\/www.naturparkmagazin.de\/dahme-heideseen\/","name":"Naturpark Dahme-Heideseen","description":"","potentialAction":[{"@type":"SearchAction","target":{"@type":"EntryPoint","urlTemplate":"https:\/\/www.naturparkmagazin.de\/dahme-heideseen\/?s={search_term_string}"},"query-input":"required name=search_term_string"}],"inLanguage":"de"},{"@type":"Person","@id":"https:\/\/www.naturparkmagazin.de\/dahme-heideseen\/#\/schema\/person\/a0510aafafdf8183c95fc98faf0c9f21","name":"Astrid Osenbr\u00fcck","sameAs":["http:\/\/www.dahme-heideseen-naturpark.de"],"url":"https:\/\/www.naturparkmagazin.de\/dahme-heideseen\/author\/astridosenbrueck\/"}]}},"_links":{"self":[{"href":"https:\/\/www.naturparkmagazin.de\/dahme-heideseen\/wp-json\/wp\/v2\/posts\/2945"}],"collection":[{"href":"https:\/\/www.naturparkmagazin.de\/dahme-heideseen\/wp-json\/wp\/v2\/posts"}],"about":[{"href":"https:\/\/www.naturparkmagazin.de\/dahme-heideseen\/wp-json\/wp\/v2\/types\/post"}],"author":[{"embeddable":true,"href":"https:\/\/www.naturparkmagazin.de\/dahme-heideseen\/wp-json\/wp\/v2\/users\/83"}],"replies":[{"embeddable":true,"href":"https:\/\/www.naturparkmagazin.de\/dahme-heideseen\/wp-json\/wp\/v2\/comments?post=2945"}],"version-history":[{"count":2,"href":"https:\/\/www.naturparkmagazin.de\/dahme-heideseen\/wp-json\/wp\/v2\/posts\/2945\/revisions"}],"predecessor-version":[{"id":2947,"href":"https:\/\/www.naturparkmagazin.de\/dahme-heideseen\/wp-json\/wp\/v2\/posts\/2945\/revisions\/2947"}],"wp:featuredmedia":[{"embeddable":true,"href":"https:\/\/www.naturparkmagazin.de\/dahme-heideseen\/wp-json\/wp\/v2\/media\/605"}],"wp:attachment":[{"href":"https:\/\/www.naturparkmagazin.de\/dahme-heideseen\/wp-json\/wp\/v2\/media?parent=2945"}],"wp:term":[{"taxonomy":"category","embeddable":true,"href":"https:\/\/www.naturparkmagazin.de\/dahme-heideseen\/wp-json\/wp\/v2\/categories?post=2945"},{"taxonomy":"post_tag","embeddable":true,"href":"https:\/\/www.naturparkmagazin.de\/dahme-heideseen\/wp-json\/wp\/v2\/tags?post=2945"}],"curies":[{"name":"wp","href":"https:\/\/api.w.org\/{rel}","templated":true}]}}