{"id":2955,"date":"2019-02-14T12:33:57","date_gmt":"2019-02-14T11:33:57","guid":{"rendered":"https:\/\/www.naturparkmagazin.de\/dahme-heideseen\/?p=2955"},"modified":"2019-02-18T10:56:33","modified_gmt":"2019-02-18T09:56:33","slug":"nicht-verpassen-naturpark-ausstellung-im-naturkundemuseum-potsdam","status":"publish","type":"post","link":"https:\/\/www.naturparkmagazin.de\/dahme-heideseen\/nicht-verpassen-naturpark-ausstellung-im-naturkundemuseum-potsdam\/","title":{"rendered":"Nicht verpassen! &#8211; Naturpark-Ausstellung im Naturkundemuseum Potsdam"},"content":{"rendered":"<h1>Vom Gl\u00fcck, die Natur zu entdecken<\/h1>\n<h2>Ausstellung zum 20j\u00e4hrigen Jubil\u00e4um des Naturparks Dahme-Heideseen<\/h2>\n<p>Langsam klettern die Temperaturen wieder nach oben, die ersten Fr\u00fchjahrsbl\u00fcher strecken ihre K\u00f6pfe aus dem Erdreich und auch die V\u00f6gel zwitschern fr\u00f6hlich und verhei\u00dfungsvoll &#8211; bald ist er da, der Fr\u00fchling. Die Vorfreude auf Wander-,\u00a0Rad- oder Kanutouren oder das\u00a0Baden im See w\u00e4chst stetig.<\/p>\n<p>Da kann man die letzten kalten, regnerischen oder windigen\u00a0Tage gut nutzen, um Touren in die Natur zu planen: Anregungen daf\u00fcr finden sich im Naturkundemuseum Potsdam. Bereits seit einem halben Jahr pr\u00e4sentiert sich der Naturpark mit zahlreichen bunt bebilderten und informativen Tafeln in der\u00a0Treppenhaus-Galerie. Neben Informationen zu dem Wissenschaftler Walter Kirsche, der sich zu Lebzeiten im Naturpark engagiert hat,\u00a0finden sich\u00a0hier auch Tipps und Anregungen zu Unternehmungen im Naturpark.<\/p>\n<p>An der Rezeption finden Sie weiterf\u00fchrende Flyer, auf denen Routen durch den Naturpark\u00a0detailliert dargestellt werden sowie Faltbl\u00e4tter zu Sehensw\u00fcrdigkeiten und Partnern des Naturparks.<\/p>\n<p>&nbsp;<\/p>\n","protected":false},"excerpt":{"rendered":"<p>Der Naturpark pr\u00e4sentiert sich mit der Sonderausstellung &#8222;Vom Gl\u00fcck, die Natur zu entdecken&#8220; noch bis zum 25. August im Naturkundemuseum Potsdam.<\/p>\n","protected":false},"author":83,"featured_media":2637,"comment_status":"open","ping_status":"open","sticky":false,"template":"","format":"standard","meta":[],"categories":[7],"tags":[],"yoast_head":"<!-- This site is optimized with the Yoast SEO plugin v19.10 - https:\/\/yoast.com\/wordpress\/plugins\/seo\/ -->\n<title>Nicht verpassen! - Naturpark-Ausstellung im Naturkundemuseum Potsdam - Naturpark Dahme-Heideseen<\/title>\n<meta name=\"robots\" content=\"index, follow, max-snippet:-1, max-image-preview:large, max-video-preview:-1\" \/>\n<link rel=\"canonical\" href=\"https:\/\/www.naturparkmagazin.de\/dahme-heideseen\/nicht-verpassen-naturpark-ausstellung-im-naturkundemuseum-potsdam\/\" \/>\n<meta property=\"og:locale\" content=\"de_DE\" \/>\n<meta property=\"og:type\" content=\"article\" \/>\n<meta property=\"og:title\" content=\"Nicht verpassen! - Naturpark-Ausstellung im Naturkundemuseum Potsdam - Naturpark Dahme-Heideseen\" \/>\n<meta property=\"og:description\" content=\"Der Naturpark pr\u00e4sentiert sich mit der Sonderausstellung &quot;Vom Gl\u00fcck, die Natur zu entdecken&quot; noch bis zum 25. August im Naturkundemuseum Potsdam.\" \/>\n<meta property=\"og:url\" content=\"https:\/\/www.naturparkmagazin.de\/dahme-heideseen\/nicht-verpassen-naturpark-ausstellung-im-naturkundemuseum-potsdam\/\" \/>\n<meta property=\"og:site_name\" content=\"Naturpark Dahme-Heideseen\" \/>\n<meta property=\"article:published_time\" content=\"2019-02-14T11:33:57+00:00\" \/>\n<meta property=\"article:modified_time\" content=\"2019-02-18T09:56:33+00:00\" \/>\n<meta property=\"og:image\" content=\"https:\/\/www.naturparkmagazin.de\/dahme-heideseen\/wp-content\/uploads\/sites\/37\/admin-ajax.phpbf_.jpg\" \/>\n\t<meta property=\"og:image:width\" content=\"200\" \/>\n\t<meta property=\"og:image:height\" content=\"200\" \/>\n\t<meta property=\"og:image:type\" content=\"image\/jpeg\" \/>\n<meta name=\"author\" content=\"Astrid Osenbr\u00fcck\" \/>\n<meta name=\"twitter:label1\" content=\"Verfasst von\" \/>\n\t<meta name=\"twitter:data1\" content=\"Astrid Osenbr\u00fcck\" \/>\n\t<meta name=\"twitter:label2\" content=\"Gesch\u00e4tzte Lesezeit\" \/>\n\t<meta name=\"twitter:data2\" content=\"1\u00a0Minute\" \/>\n<script type=\"application\/ld+json\" class=\"yoast-schema-graph\">{\"@context\":\"https:\/\/schema.org\",\"@graph\":[{\"@type\":\"WebPage\",\"@id\":\"https:\/\/www.naturparkmagazin.de\/dahme-heideseen\/nicht-verpassen-naturpark-ausstellung-im-naturkundemuseum-potsdam\/\",\"url\":\"https:\/\/www.naturparkmagazin.de\/dahme-heideseen\/nicht-verpassen-naturpark-ausstellung-im-naturkundemuseum-potsdam\/\",\"name\":\"Nicht verpassen! - Naturpark-Ausstellung im Naturkundemuseum Potsdam - Naturpark Dahme-Heideseen\",\"isPartOf\":{\"@id\":\"https:\/\/www.naturparkmagazin.de\/dahme-heideseen\/#website\"},\"datePublished\":\"2019-02-14T11:33:57+00:00\",\"dateModified\":\"2019-02-18T09:56:33+00:00\",\"author\":{\"@id\":\"https:\/\/www.naturparkmagazin.de\/dahme-heideseen\/#\/schema\/person\/a0510aafafdf8183c95fc98faf0c9f21\"},\"breadcrumb\":{\"@id\":\"https:\/\/www.naturparkmagazin.de\/dahme-heideseen\/nicht-verpassen-naturpark-ausstellung-im-naturkundemuseum-potsdam\/#breadcrumb\"},\"inLanguage\":\"de\",\"potentialAction\":[{\"@type\":\"ReadAction\",\"target\":[\"https:\/\/www.naturparkmagazin.de\/dahme-heideseen\/nicht-verpassen-naturpark-ausstellung-im-naturkundemuseum-potsdam\/\"]}]},{\"@type\":\"BreadcrumbList\",\"@id\":\"https:\/\/www.naturparkmagazin.de\/dahme-heideseen\/nicht-verpassen-naturpark-ausstellung-im-naturkundemuseum-potsdam\/#breadcrumb\",\"itemListElement\":[{\"@type\":\"ListItem\",\"position\":1,\"name\":\"Home\",\"item\":\"https:\/\/www.naturparkmagazin.de\/dahme-heideseen\/\"},{\"@type\":\"ListItem\",\"position\":2,\"name\":\"Nicht verpassen! &#8211; Naturpark-Ausstellung im Naturkundemuseum Potsdam\"}]},{\"@type\":\"WebSite\",\"@id\":\"https:\/\/www.naturparkmagazin.de\/dahme-heideseen\/#website\",\"url\":\"https:\/\/www.naturparkmagazin.de\/dahme-heideseen\/\",\"name\":\"Naturpark Dahme-Heideseen\",\"description\":\"\",\"potentialAction\":[{\"@type\":\"SearchAction\",\"target\":{\"@type\":\"EntryPoint\",\"urlTemplate\":\"https:\/\/www.naturparkmagazin.de\/dahme-heideseen\/?s={search_term_string}\"},\"query-input\":\"required name=search_term_string\"}],\"inLanguage\":\"de\"},{\"@type\":\"Person\",\"@id\":\"https:\/\/www.naturparkmagazin.de\/dahme-heideseen\/#\/schema\/person\/a0510aafafdf8183c95fc98faf0c9f21\",\"name\":\"Astrid Osenbr\u00fcck\",\"sameAs\":[\"http:\/\/www.dahme-heideseen-naturpark.de\"],\"url\":\"https:\/\/www.naturparkmagazin.de\/dahme-heideseen\/author\/astridosenbrueck\/\"}]}<\/script>\n<!-- \/ Yoast SEO plugin. -->","yoast_head_json":{"title":"Nicht verpassen! - Naturpark-Ausstellung im Naturkundemuseum Potsdam - Naturpark Dahme-Heideseen","robots":{"index":"index","follow":"follow","max-snippet":"max-snippet:-1","max-image-preview":"max-image-preview:large","max-video-preview":"max-video-preview:-1"},"canonical":"https:\/\/www.naturparkmagazin.de\/dahme-heideseen\/nicht-verpassen-naturpark-ausstellung-im-naturkundemuseum-potsdam\/","og_locale":"de_DE","og_type":"article","og_title":"Nicht verpassen! - Naturpark-Ausstellung im Naturkundemuseum Potsdam - Naturpark Dahme-Heideseen","og_description":"Der Naturpark pr\u00e4sentiert sich mit der Sonderausstellung \"Vom Gl\u00fcck, die Natur zu entdecken\" noch bis zum 25. August im Naturkundemuseum Potsdam.","og_url":"https:\/\/www.naturparkmagazin.de\/dahme-heideseen\/nicht-verpassen-naturpark-ausstellung-im-naturkundemuseum-potsdam\/","og_site_name":"Naturpark Dahme-Heideseen","article_published_time":"2019-02-14T11:33:57+00:00","article_modified_time":"2019-02-18T09:56:33+00:00","og_image":[{"width":200,"height":200,"url":"https:\/\/www.naturparkmagazin.de\/dahme-heideseen\/wp-content\/uploads\/sites\/37\/admin-ajax.phpbf_.jpg","type":"image\/jpeg"}],"author":"Astrid Osenbr\u00fcck","twitter_misc":{"Verfasst von":"Astrid Osenbr\u00fcck","Gesch\u00e4tzte Lesezeit":"1\u00a0Minute"},"schema":{"@context":"https:\/\/schema.org","@graph":[{"@type":"WebPage","@id":"https:\/\/www.naturparkmagazin.de\/dahme-heideseen\/nicht-verpassen-naturpark-ausstellung-im-naturkundemuseum-potsdam\/","url":"https:\/\/www.naturparkmagazin.de\/dahme-heideseen\/nicht-verpassen-naturpark-ausstellung-im-naturkundemuseum-potsdam\/","name":"Nicht verpassen! - Naturpark-Ausstellung im Naturkundemuseum Potsdam - Naturpark Dahme-Heideseen","isPartOf":{"@id":"https:\/\/www.naturparkmagazin.de\/dahme-heideseen\/#website"},"datePublished":"2019-02-14T11:33:57+00:00","dateModified":"2019-02-18T09:56:33+00:00","author":{"@id":"https:\/\/www.naturparkmagazin.de\/dahme-heideseen\/#\/schema\/person\/a0510aafafdf8183c95fc98faf0c9f21"},"breadcrumb":{"@id":"https:\/\/www.naturparkmagazin.de\/dahme-heideseen\/nicht-verpassen-naturpark-ausstellung-im-naturkundemuseum-potsdam\/#breadcrumb"},"inLanguage":"de","potentialAction":[{"@type":"ReadAction","target":["https:\/\/www.naturparkmagazin.de\/dahme-heideseen\/nicht-verpassen-naturpark-ausstellung-im-naturkundemuseum-potsdam\/"]}]},{"@type":"BreadcrumbList","@id":"https:\/\/www.naturparkmagazin.de\/dahme-heideseen\/nicht-verpassen-naturpark-ausstellung-im-naturkundemuseum-potsdam\/#breadcrumb","itemListElement":[{"@type":"ListItem","position":1,"name":"Home","item":"https:\/\/www.naturparkmagazin.de\/dahme-heideseen\/"},{"@type":"ListItem","position":2,"name":"Nicht verpassen! &#8211; Naturpark-Ausstellung im Naturkundemuseum Potsdam"}]},{"@type":"WebSite","@id":"https:\/\/www.naturparkmagazin.de\/dahme-heideseen\/#website","url":"https:\/\/www.naturparkmagazin.de\/dahme-heideseen\/","name":"Naturpark Dahme-Heideseen","description":"","potentialAction":[{"@type":"SearchAction","target":{"@type":"EntryPoint","urlTemplate":"https:\/\/www.naturparkmagazin.de\/dahme-heideseen\/?s={search_term_string}"},"query-input":"required name=search_term_string"}],"inLanguage":"de"},{"@type":"Person","@id":"https:\/\/www.naturparkmagazin.de\/dahme-heideseen\/#\/schema\/person\/a0510aafafdf8183c95fc98faf0c9f21","name":"Astrid Osenbr\u00fcck","sameAs":["http:\/\/www.dahme-heideseen-naturpark.de"],"url":"https:\/\/www.naturparkmagazin.de\/dahme-heideseen\/author\/astridosenbrueck\/"}]}},"_links":{"self":[{"href":"https:\/\/www.naturparkmagazin.de\/dahme-heideseen\/wp-json\/wp\/v2\/posts\/2955"}],"collection":[{"href":"https:\/\/www.naturparkmagazin.de\/dahme-heideseen\/wp-json\/wp\/v2\/posts"}],"about":[{"href":"https:\/\/www.naturparkmagazin.de\/dahme-heideseen\/wp-json\/wp\/v2\/types\/post"}],"author":[{"embeddable":true,"href":"https:\/\/www.naturparkmagazin.de\/dahme-heideseen\/wp-json\/wp\/v2\/users\/83"}],"replies":[{"embeddable":true,"href":"https:\/\/www.naturparkmagazin.de\/dahme-heideseen\/wp-json\/wp\/v2\/comments?post=2955"}],"version-history":[{"count":5,"href":"https:\/\/www.naturparkmagazin.de\/dahme-heideseen\/wp-json\/wp\/v2\/posts\/2955\/revisions"}],"predecessor-version":[{"id":2972,"href":"https:\/\/www.naturparkmagazin.de\/dahme-heideseen\/wp-json\/wp\/v2\/posts\/2955\/revisions\/2972"}],"wp:featuredmedia":[{"embeddable":true,"href":"https:\/\/www.naturparkmagazin.de\/dahme-heideseen\/wp-json\/wp\/v2\/media\/2637"}],"wp:attachment":[{"href":"https:\/\/www.naturparkmagazin.de\/dahme-heideseen\/wp-json\/wp\/v2\/media?parent=2955"}],"wp:term":[{"taxonomy":"category","embeddable":true,"href":"https:\/\/www.naturparkmagazin.de\/dahme-heideseen\/wp-json\/wp\/v2\/categories?post=2955"},{"taxonomy":"post_tag","embeddable":true,"href":"https:\/\/www.naturparkmagazin.de\/dahme-heideseen\/wp-json\/wp\/v2\/tags?post=2955"}],"curies":[{"name":"wp","href":"https:\/\/api.w.org\/{rel}","templated":true}]}}