{"id":2976,"date":"2019-03-11T15:31:24","date_gmt":"2019-03-11T14:31:24","guid":{"rendered":"https:\/\/www.naturparkmagazin.de\/dahme-heideseen\/?p=2976"},"modified":"2019-03-11T15:34:13","modified_gmt":"2019-03-11T14:34:13","slug":"kraeuter-sind-nicht-nur-zum-kochen-da","status":"publish","type":"post","link":"https:\/\/www.naturparkmagazin.de\/dahme-heideseen\/kraeuter-sind-nicht-nur-zum-kochen-da\/","title":{"rendered":"Kr\u00e4uter sind nicht nur zum Kochen da!"},"content":{"rendered":"<p>Ein Kr\u00e4uterpfl\u00e4nzchen hat vielerlei geschmackliche und gesundheitliche Anwendungsgebiete. Erfahren Sie mehr \u00fcber den Einsatz von K\u00fcchenkr\u00e4utern jenseits von Ofen und Herd!<\/p>\n<p>Das Gesundheits-Seminar findet im Rahmen der Veranstaltungsreihe Du und Dein Garten im Naturpark statt.<\/p>\n<p>Anmeldung bitte bis sp\u00e4testens einen Tag vor der Veranstaltung unter 033678\/73 -108 oder per Mail an <a href=\"mailto:besucherzentrum@storkow.de\">besucherzentrum@storkow.de<\/a><\/p>\n","protected":false},"excerpt":{"rendered":"<p>Im Gesundheits-Seminar der Kr\u00e4uterp\u00e4dagogin Ute Bernhardt lernen Teilnehmer, wozu Kr\u00e4uter sonst noch verwendet werden k\u00f6nnen.<\/p>\n","protected":false},"author":83,"featured_media":2980,"comment_status":"open","ping_status":"open","sticky":false,"template":"","format":"standard","meta":[],"categories":[11],"tags":[],"yoast_head":"<!-- This site is optimized with the Yoast SEO plugin v19.10 - https:\/\/yoast.com\/wordpress\/plugins\/seo\/ -->\n<title>Kr\u00e4uter sind nicht nur zum Kochen da! - Naturpark Dahme-Heideseen<\/title>\n<meta name=\"robots\" content=\"index, follow, max-snippet:-1, max-image-preview:large, max-video-preview:-1\" \/>\n<link rel=\"canonical\" href=\"https:\/\/www.naturparkmagazin.de\/dahme-heideseen\/kraeuter-sind-nicht-nur-zum-kochen-da\/\" \/>\n<meta property=\"og:locale\" content=\"de_DE\" \/>\n<meta property=\"og:type\" content=\"article\" \/>\n<meta property=\"og:title\" content=\"Kr\u00e4uter sind nicht nur zum Kochen da! - Naturpark Dahme-Heideseen\" \/>\n<meta property=\"og:description\" content=\"Im Gesundheits-Seminar der Kr\u00e4uterp\u00e4dagogin Ute Bernhardt lernen Teilnehmer, wozu Kr\u00e4uter sonst noch verwendet werden k\u00f6nnen.\" \/>\n<meta property=\"og:url\" content=\"https:\/\/www.naturparkmagazin.de\/dahme-heideseen\/kraeuter-sind-nicht-nur-zum-kochen-da\/\" \/>\n<meta property=\"og:site_name\" content=\"Naturpark Dahme-Heideseen\" \/>\n<meta property=\"article:published_time\" content=\"2019-03-11T14:31:24+00:00\" \/>\n<meta property=\"article:modified_time\" content=\"2019-03-11T14:34:13+00:00\" \/>\n<meta property=\"og:image\" content=\"https:\/\/www.naturparkmagazin.de\/dahme-heideseen\/wp-content\/uploads\/sites\/37\/Heilkr\u00e4utersalben-Ute-Bernhardt-min.jpg\" \/>\n\t<meta property=\"og:image:width\" content=\"3264\" \/>\n\t<meta property=\"og:image:height\" content=\"2448\" \/>\n\t<meta property=\"og:image:type\" content=\"image\/jpeg\" \/>\n<meta name=\"author\" content=\"Astrid Osenbr\u00fcck\" \/>\n<meta name=\"twitter:label1\" content=\"Verfasst von\" \/>\n\t<meta name=\"twitter:data1\" content=\"Astrid Osenbr\u00fcck\" \/>\n<script type=\"application\/ld+json\" class=\"yoast-schema-graph\">{\"@context\":\"https:\/\/schema.org\",\"@graph\":[{\"@type\":\"WebPage\",\"@id\":\"https:\/\/www.naturparkmagazin.de\/dahme-heideseen\/kraeuter-sind-nicht-nur-zum-kochen-da\/\",\"url\":\"https:\/\/www.naturparkmagazin.de\/dahme-heideseen\/kraeuter-sind-nicht-nur-zum-kochen-da\/\",\"name\":\"Kr\u00e4uter sind nicht nur zum Kochen da! - Naturpark Dahme-Heideseen\",\"isPartOf\":{\"@id\":\"https:\/\/www.naturparkmagazin.de\/dahme-heideseen\/#website\"},\"datePublished\":\"2019-03-11T14:31:24+00:00\",\"dateModified\":\"2019-03-11T14:34:13+00:00\",\"author\":{\"@id\":\"https:\/\/www.naturparkmagazin.de\/dahme-heideseen\/#\/schema\/person\/a0510aafafdf8183c95fc98faf0c9f21\"},\"breadcrumb\":{\"@id\":\"https:\/\/www.naturparkmagazin.de\/dahme-heideseen\/kraeuter-sind-nicht-nur-zum-kochen-da\/#breadcrumb\"},\"inLanguage\":\"de\",\"potentialAction\":[{\"@type\":\"ReadAction\",\"target\":[\"https:\/\/www.naturparkmagazin.de\/dahme-heideseen\/kraeuter-sind-nicht-nur-zum-kochen-da\/\"]}]},{\"@type\":\"BreadcrumbList\",\"@id\":\"https:\/\/www.naturparkmagazin.de\/dahme-heideseen\/kraeuter-sind-nicht-nur-zum-kochen-da\/#breadcrumb\",\"itemListElement\":[{\"@type\":\"ListItem\",\"position\":1,\"name\":\"Home\",\"item\":\"https:\/\/www.naturparkmagazin.de\/dahme-heideseen\/\"},{\"@type\":\"ListItem\",\"position\":2,\"name\":\"Kr\u00e4uter sind nicht nur zum Kochen da!\"}]},{\"@type\":\"WebSite\",\"@id\":\"https:\/\/www.naturparkmagazin.de\/dahme-heideseen\/#website\",\"url\":\"https:\/\/www.naturparkmagazin.de\/dahme-heideseen\/\",\"name\":\"Naturpark Dahme-Heideseen\",\"description\":\"\",\"potentialAction\":[{\"@type\":\"SearchAction\",\"target\":{\"@type\":\"EntryPoint\",\"urlTemplate\":\"https:\/\/www.naturparkmagazin.de\/dahme-heideseen\/?s={search_term_string}\"},\"query-input\":\"required name=search_term_string\"}],\"inLanguage\":\"de\"},{\"@type\":\"Person\",\"@id\":\"https:\/\/www.naturparkmagazin.de\/dahme-heideseen\/#\/schema\/person\/a0510aafafdf8183c95fc98faf0c9f21\",\"name\":\"Astrid Osenbr\u00fcck\",\"sameAs\":[\"http:\/\/www.dahme-heideseen-naturpark.de\"],\"url\":\"https:\/\/www.naturparkmagazin.de\/dahme-heideseen\/author\/astridosenbrueck\/\"}]}<\/script>\n<!-- \/ Yoast SEO plugin. -->","yoast_head_json":{"title":"Kr\u00e4uter sind nicht nur zum Kochen da! - Naturpark Dahme-Heideseen","robots":{"index":"index","follow":"follow","max-snippet":"max-snippet:-1","max-image-preview":"max-image-preview:large","max-video-preview":"max-video-preview:-1"},"canonical":"https:\/\/www.naturparkmagazin.de\/dahme-heideseen\/kraeuter-sind-nicht-nur-zum-kochen-da\/","og_locale":"de_DE","og_type":"article","og_title":"Kr\u00e4uter sind nicht nur zum Kochen da! - Naturpark Dahme-Heideseen","og_description":"Im Gesundheits-Seminar der Kr\u00e4uterp\u00e4dagogin Ute Bernhardt lernen Teilnehmer, wozu Kr\u00e4uter sonst noch verwendet werden k\u00f6nnen.","og_url":"https:\/\/www.naturparkmagazin.de\/dahme-heideseen\/kraeuter-sind-nicht-nur-zum-kochen-da\/","og_site_name":"Naturpark Dahme-Heideseen","article_published_time":"2019-03-11T14:31:24+00:00","article_modified_time":"2019-03-11T14:34:13+00:00","og_image":[{"width":3264,"height":2448,"url":"https:\/\/www.naturparkmagazin.de\/dahme-heideseen\/wp-content\/uploads\/sites\/37\/Heilkr\u00e4utersalben-Ute-Bernhardt-min.jpg","type":"image\/jpeg"}],"author":"Astrid Osenbr\u00fcck","twitter_misc":{"Verfasst von":"Astrid Osenbr\u00fcck"},"schema":{"@context":"https:\/\/schema.org","@graph":[{"@type":"WebPage","@id":"https:\/\/www.naturparkmagazin.de\/dahme-heideseen\/kraeuter-sind-nicht-nur-zum-kochen-da\/","url":"https:\/\/www.naturparkmagazin.de\/dahme-heideseen\/kraeuter-sind-nicht-nur-zum-kochen-da\/","name":"Kr\u00e4uter sind nicht nur zum Kochen da! - Naturpark Dahme-Heideseen","isPartOf":{"@id":"https:\/\/www.naturparkmagazin.de\/dahme-heideseen\/#website"},"datePublished":"2019-03-11T14:31:24+00:00","dateModified":"2019-03-11T14:34:13+00:00","author":{"@id":"https:\/\/www.naturparkmagazin.de\/dahme-heideseen\/#\/schema\/person\/a0510aafafdf8183c95fc98faf0c9f21"},"breadcrumb":{"@id":"https:\/\/www.naturparkmagazin.de\/dahme-heideseen\/kraeuter-sind-nicht-nur-zum-kochen-da\/#breadcrumb"},"inLanguage":"de","potentialAction":[{"@type":"ReadAction","target":["https:\/\/www.naturparkmagazin.de\/dahme-heideseen\/kraeuter-sind-nicht-nur-zum-kochen-da\/"]}]},{"@type":"BreadcrumbList","@id":"https:\/\/www.naturparkmagazin.de\/dahme-heideseen\/kraeuter-sind-nicht-nur-zum-kochen-da\/#breadcrumb","itemListElement":[{"@type":"ListItem","position":1,"name":"Home","item":"https:\/\/www.naturparkmagazin.de\/dahme-heideseen\/"},{"@type":"ListItem","position":2,"name":"Kr\u00e4uter sind nicht nur zum Kochen da!"}]},{"@type":"WebSite","@id":"https:\/\/www.naturparkmagazin.de\/dahme-heideseen\/#website","url":"https:\/\/www.naturparkmagazin.de\/dahme-heideseen\/","name":"Naturpark Dahme-Heideseen","description":"","potentialAction":[{"@type":"SearchAction","target":{"@type":"EntryPoint","urlTemplate":"https:\/\/www.naturparkmagazin.de\/dahme-heideseen\/?s={search_term_string}"},"query-input":"required name=search_term_string"}],"inLanguage":"de"},{"@type":"Person","@id":"https:\/\/www.naturparkmagazin.de\/dahme-heideseen\/#\/schema\/person\/a0510aafafdf8183c95fc98faf0c9f21","name":"Astrid Osenbr\u00fcck","sameAs":["http:\/\/www.dahme-heideseen-naturpark.de"],"url":"https:\/\/www.naturparkmagazin.de\/dahme-heideseen\/author\/astridosenbrueck\/"}]}},"_links":{"self":[{"href":"https:\/\/www.naturparkmagazin.de\/dahme-heideseen\/wp-json\/wp\/v2\/posts\/2976"}],"collection":[{"href":"https:\/\/www.naturparkmagazin.de\/dahme-heideseen\/wp-json\/wp\/v2\/posts"}],"about":[{"href":"https:\/\/www.naturparkmagazin.de\/dahme-heideseen\/wp-json\/wp\/v2\/types\/post"}],"author":[{"embeddable":true,"href":"https:\/\/www.naturparkmagazin.de\/dahme-heideseen\/wp-json\/wp\/v2\/users\/83"}],"replies":[{"embeddable":true,"href":"https:\/\/www.naturparkmagazin.de\/dahme-heideseen\/wp-json\/wp\/v2\/comments?post=2976"}],"version-history":[{"count":4,"href":"https:\/\/www.naturparkmagazin.de\/dahme-heideseen\/wp-json\/wp\/v2\/posts\/2976\/revisions"}],"predecessor-version":[{"id":2983,"href":"https:\/\/www.naturparkmagazin.de\/dahme-heideseen\/wp-json\/wp\/v2\/posts\/2976\/revisions\/2983"}],"wp:featuredmedia":[{"embeddable":true,"href":"https:\/\/www.naturparkmagazin.de\/dahme-heideseen\/wp-json\/wp\/v2\/media\/2980"}],"wp:attachment":[{"href":"https:\/\/www.naturparkmagazin.de\/dahme-heideseen\/wp-json\/wp\/v2\/media?parent=2976"}],"wp:term":[{"taxonomy":"category","embeddable":true,"href":"https:\/\/www.naturparkmagazin.de\/dahme-heideseen\/wp-json\/wp\/v2\/categories?post=2976"},{"taxonomy":"post_tag","embeddable":true,"href":"https:\/\/www.naturparkmagazin.de\/dahme-heideseen\/wp-json\/wp\/v2\/tags?post=2976"}],"curies":[{"name":"wp","href":"https:\/\/api.w.org\/{rel}","templated":true}]}}