{"id":2995,"date":"2019-03-20T07:01:58","date_gmt":"2019-03-20T06:01:58","guid":{"rendered":"https:\/\/www.naturparkmagazin.de\/dahme-heideseen\/?p=2995"},"modified":"2019-03-28T14:27:45","modified_gmt":"2019-03-28T13:27:45","slug":"umweltminister-setzt-rund-45-000-glasaale-im-naturpark-aus","status":"publish","type":"post","link":"https:\/\/www.naturparkmagazin.de\/dahme-heideseen\/umweltminister-setzt-rund-45-000-glasaale-im-naturpark-aus\/","title":{"rendered":"Umweltminister setzt rund 45.000 Glasaale im Naturpark aus"},"content":{"rendered":"<p>Am fr\u00fchen Morgen des 15. M\u00e4rz\u00a0und mit Gummistiefeln bewaffnet, fand sich der Umweltminister J\u00f6rg Vogels\u00e4nger in der Fischerei K\u00f6llnitz ein. Gemeinsam mit Thomas H\u00f6lzel und Tobias Willmeroth\u00a0&#8211;\u00a0Gesch\u00e4ftsf\u00fchrer von\u00a0Artprojekt, dem Unternehmen, das die Fischerei K\u00f6llnitz \u00fcbernommen hat &#8211;\u00a0und Dr. Hannes Petrischak von der Heinz Sielmann Stiftung, setzte er einige Glasaale in die Gro\u00df Schauener Seenkette aus. Den Rest der insgesamt rund 45.000 Jungtiere brachten Fischer in mit Wasser gef\u00fcllten Plastiks\u00e4cken per Boot hinaus auf den See.<\/p>\n<p>Neben dem Ziel, die Best\u00e4nde zu sichern, spielt auch der Erhalt der heimischen Delikatesse eine Rolle.<\/p>\n<p>Als Glasaale bezeichnet man das Jugendstadium der Aale, da die Tiere in diesem\u00a0Alter noch durchscheinend erscheinen.<\/p>\n<p>Geboren in der Sargassosee im Atlantik, brauchen die Aale mit Hilfe des Golfstroms drei Jahre f\u00fcr die \u00dcberquerung zu den europ\u00e4ischen K\u00fcsten. Dort werden sie jedes Jahr abgefischt und ins europ\u00e4ische Binnenland gebracht.<\/p>\n<p>Mit dem Aussetzen der Aale soll dem R\u00fcckgang der Aal-Best\u00e4nde entgegengewirkt werden. Mit ca. zehn Jahren geschlechtsreif, machen sie sich zu diesem Zeitpunkt auf den R\u00fcckweg in ihr Laichgebiet im Atlantik. Einige werden wahrscheinlich vom Komoran oder anderen Fra\u00dffeinden erwischt, andere hingegen landen am Ende &#8222;als besondere heimische K\u00f6stlichkeit&#8220; auf den Tellern, so H\u00f6lzel.<\/p>\n<p>Bleibt zu hoffen, dass es gelingt, \u00d6kologie sowie Wirtschaft\u00a0durch das Aussetzen der Glasaale zu st\u00e4rken.<\/p>\n","protected":false},"excerpt":{"rendered":"<p>Der brandenburgische Umweltminister, J\u00f6rg Vogels\u00e4nger, setzte am Freitag, 15. M\u00e4rz rund 45.000 Glasaale in die Gro\u00df Schauener Seenkette aus. Neben dem Ziel, die Best\u00e4nde zu sichern, spielt auch der Erhalt der heimischen Delikatesse eine Rolle.<\/p>\n","protected":false},"author":83,"featured_media":2997,"comment_status":"open","ping_status":"open","sticky":false,"template":"","format":"standard","meta":[],"categories":[7],"tags":[],"yoast_head":"<!-- This site is optimized with the Yoast SEO plugin v19.10 - https:\/\/yoast.com\/wordpress\/plugins\/seo\/ -->\n<title>Umweltminister setzt rund 45.000 Glasaale im Naturpark aus - Naturpark Dahme-Heideseen<\/title>\n<meta name=\"robots\" content=\"index, follow, max-snippet:-1, max-image-preview:large, max-video-preview:-1\" \/>\n<link rel=\"canonical\" href=\"https:\/\/www.naturparkmagazin.de\/dahme-heideseen\/umweltminister-setzt-rund-45-000-glasaale-im-naturpark-aus\/\" \/>\n<meta property=\"og:locale\" content=\"de_DE\" \/>\n<meta property=\"og:type\" content=\"article\" \/>\n<meta property=\"og:title\" content=\"Umweltminister setzt rund 45.000 Glasaale im Naturpark aus - Naturpark Dahme-Heideseen\" \/>\n<meta property=\"og:description\" content=\"Der brandenburgische Umweltminister, J\u00f6rg Vogels\u00e4nger, setzte am Freitag, 15. M\u00e4rz rund 45.000 Glasaale in die Gro\u00df Schauener Seenkette aus. Neben dem Ziel, die Best\u00e4nde zu sichern, spielt auch der Erhalt der heimischen Delikatesse eine Rolle.\" \/>\n<meta property=\"og:url\" content=\"https:\/\/www.naturparkmagazin.de\/dahme-heideseen\/umweltminister-setzt-rund-45-000-glasaale-im-naturpark-aus\/\" \/>\n<meta property=\"og:site_name\" content=\"Naturpark Dahme-Heideseen\" \/>\n<meta property=\"article:published_time\" content=\"2019-03-20T06:01:58+00:00\" \/>\n<meta property=\"article:modified_time\" content=\"2019-03-28T13:27:45+00:00\" \/>\n<meta property=\"og:image\" content=\"https:\/\/www.naturparkmagazin.de\/dahme-heideseen\/wp-content\/uploads\/sites\/37\/Glasaale-aussetzen-Fischerei-K\u00f6llnitz.jpg\" \/>\n\t<meta property=\"og:image:width\" content=\"3872\" \/>\n\t<meta property=\"og:image:height\" content=\"2592\" \/>\n\t<meta property=\"og:image:type\" content=\"image\/jpeg\" \/>\n<meta name=\"author\" content=\"Astrid Osenbr\u00fcck\" \/>\n<meta name=\"twitter:label1\" content=\"Verfasst von\" \/>\n\t<meta name=\"twitter:data1\" content=\"Astrid Osenbr\u00fcck\" \/>\n\t<meta name=\"twitter:label2\" content=\"Gesch\u00e4tzte Lesezeit\" \/>\n\t<meta name=\"twitter:data2\" content=\"1\u00a0Minute\" \/>\n<script type=\"application\/ld+json\" class=\"yoast-schema-graph\">{\"@context\":\"https:\/\/schema.org\",\"@graph\":[{\"@type\":\"WebPage\",\"@id\":\"https:\/\/www.naturparkmagazin.de\/dahme-heideseen\/umweltminister-setzt-rund-45-000-glasaale-im-naturpark-aus\/\",\"url\":\"https:\/\/www.naturparkmagazin.de\/dahme-heideseen\/umweltminister-setzt-rund-45-000-glasaale-im-naturpark-aus\/\",\"name\":\"Umweltminister setzt rund 45.000 Glasaale im Naturpark aus - Naturpark Dahme-Heideseen\",\"isPartOf\":{\"@id\":\"https:\/\/www.naturparkmagazin.de\/dahme-heideseen\/#website\"},\"datePublished\":\"2019-03-20T06:01:58+00:00\",\"dateModified\":\"2019-03-28T13:27:45+00:00\",\"author\":{\"@id\":\"https:\/\/www.naturparkmagazin.de\/dahme-heideseen\/#\/schema\/person\/a0510aafafdf8183c95fc98faf0c9f21\"},\"breadcrumb\":{\"@id\":\"https:\/\/www.naturparkmagazin.de\/dahme-heideseen\/umweltminister-setzt-rund-45-000-glasaale-im-naturpark-aus\/#breadcrumb\"},\"inLanguage\":\"de\",\"potentialAction\":[{\"@type\":\"ReadAction\",\"target\":[\"https:\/\/www.naturparkmagazin.de\/dahme-heideseen\/umweltminister-setzt-rund-45-000-glasaale-im-naturpark-aus\/\"]}]},{\"@type\":\"BreadcrumbList\",\"@id\":\"https:\/\/www.naturparkmagazin.de\/dahme-heideseen\/umweltminister-setzt-rund-45-000-glasaale-im-naturpark-aus\/#breadcrumb\",\"itemListElement\":[{\"@type\":\"ListItem\",\"position\":1,\"name\":\"Home\",\"item\":\"https:\/\/www.naturparkmagazin.de\/dahme-heideseen\/\"},{\"@type\":\"ListItem\",\"position\":2,\"name\":\"Umweltminister setzt rund 45.000 Glasaale im Naturpark aus\"}]},{\"@type\":\"WebSite\",\"@id\":\"https:\/\/www.naturparkmagazin.de\/dahme-heideseen\/#website\",\"url\":\"https:\/\/www.naturparkmagazin.de\/dahme-heideseen\/\",\"name\":\"Naturpark Dahme-Heideseen\",\"description\":\"\",\"potentialAction\":[{\"@type\":\"SearchAction\",\"target\":{\"@type\":\"EntryPoint\",\"urlTemplate\":\"https:\/\/www.naturparkmagazin.de\/dahme-heideseen\/?s={search_term_string}\"},\"query-input\":\"required name=search_term_string\"}],\"inLanguage\":\"de\"},{\"@type\":\"Person\",\"@id\":\"https:\/\/www.naturparkmagazin.de\/dahme-heideseen\/#\/schema\/person\/a0510aafafdf8183c95fc98faf0c9f21\",\"name\":\"Astrid Osenbr\u00fcck\",\"sameAs\":[\"http:\/\/www.dahme-heideseen-naturpark.de\"],\"url\":\"https:\/\/www.naturparkmagazin.de\/dahme-heideseen\/author\/astridosenbrueck\/\"}]}<\/script>\n<!-- \/ Yoast SEO plugin. -->","yoast_head_json":{"title":"Umweltminister setzt rund 45.000 Glasaale im Naturpark aus - Naturpark Dahme-Heideseen","robots":{"index":"index","follow":"follow","max-snippet":"max-snippet:-1","max-image-preview":"max-image-preview:large","max-video-preview":"max-video-preview:-1"},"canonical":"https:\/\/www.naturparkmagazin.de\/dahme-heideseen\/umweltminister-setzt-rund-45-000-glasaale-im-naturpark-aus\/","og_locale":"de_DE","og_type":"article","og_title":"Umweltminister setzt rund 45.000 Glasaale im Naturpark aus - Naturpark Dahme-Heideseen","og_description":"Der brandenburgische Umweltminister, J\u00f6rg Vogels\u00e4nger, setzte am Freitag, 15. M\u00e4rz rund 45.000 Glasaale in die Gro\u00df Schauener Seenkette aus. Neben dem Ziel, die Best\u00e4nde zu sichern, spielt auch der Erhalt der heimischen Delikatesse eine Rolle.","og_url":"https:\/\/www.naturparkmagazin.de\/dahme-heideseen\/umweltminister-setzt-rund-45-000-glasaale-im-naturpark-aus\/","og_site_name":"Naturpark Dahme-Heideseen","article_published_time":"2019-03-20T06:01:58+00:00","article_modified_time":"2019-03-28T13:27:45+00:00","og_image":[{"width":3872,"height":2592,"url":"https:\/\/www.naturparkmagazin.de\/dahme-heideseen\/wp-content\/uploads\/sites\/37\/Glasaale-aussetzen-Fischerei-K\u00f6llnitz.jpg","type":"image\/jpeg"}],"author":"Astrid Osenbr\u00fcck","twitter_misc":{"Verfasst von":"Astrid Osenbr\u00fcck","Gesch\u00e4tzte Lesezeit":"1\u00a0Minute"},"schema":{"@context":"https:\/\/schema.org","@graph":[{"@type":"WebPage","@id":"https:\/\/www.naturparkmagazin.de\/dahme-heideseen\/umweltminister-setzt-rund-45-000-glasaale-im-naturpark-aus\/","url":"https:\/\/www.naturparkmagazin.de\/dahme-heideseen\/umweltminister-setzt-rund-45-000-glasaale-im-naturpark-aus\/","name":"Umweltminister setzt rund 45.000 Glasaale im Naturpark aus - Naturpark Dahme-Heideseen","isPartOf":{"@id":"https:\/\/www.naturparkmagazin.de\/dahme-heideseen\/#website"},"datePublished":"2019-03-20T06:01:58+00:00","dateModified":"2019-03-28T13:27:45+00:00","author":{"@id":"https:\/\/www.naturparkmagazin.de\/dahme-heideseen\/#\/schema\/person\/a0510aafafdf8183c95fc98faf0c9f21"},"breadcrumb":{"@id":"https:\/\/www.naturparkmagazin.de\/dahme-heideseen\/umweltminister-setzt-rund-45-000-glasaale-im-naturpark-aus\/#breadcrumb"},"inLanguage":"de","potentialAction":[{"@type":"ReadAction","target":["https:\/\/www.naturparkmagazin.de\/dahme-heideseen\/umweltminister-setzt-rund-45-000-glasaale-im-naturpark-aus\/"]}]},{"@type":"BreadcrumbList","@id":"https:\/\/www.naturparkmagazin.de\/dahme-heideseen\/umweltminister-setzt-rund-45-000-glasaale-im-naturpark-aus\/#breadcrumb","itemListElement":[{"@type":"ListItem","position":1,"name":"Home","item":"https:\/\/www.naturparkmagazin.de\/dahme-heideseen\/"},{"@type":"ListItem","position":2,"name":"Umweltminister setzt rund 45.000 Glasaale im Naturpark aus"}]},{"@type":"WebSite","@id":"https:\/\/www.naturparkmagazin.de\/dahme-heideseen\/#website","url":"https:\/\/www.naturparkmagazin.de\/dahme-heideseen\/","name":"Naturpark Dahme-Heideseen","description":"","potentialAction":[{"@type":"SearchAction","target":{"@type":"EntryPoint","urlTemplate":"https:\/\/www.naturparkmagazin.de\/dahme-heideseen\/?s={search_term_string}"},"query-input":"required name=search_term_string"}],"inLanguage":"de"},{"@type":"Person","@id":"https:\/\/www.naturparkmagazin.de\/dahme-heideseen\/#\/schema\/person\/a0510aafafdf8183c95fc98faf0c9f21","name":"Astrid Osenbr\u00fcck","sameAs":["http:\/\/www.dahme-heideseen-naturpark.de"],"url":"https:\/\/www.naturparkmagazin.de\/dahme-heideseen\/author\/astridosenbrueck\/"}]}},"_links":{"self":[{"href":"https:\/\/www.naturparkmagazin.de\/dahme-heideseen\/wp-json\/wp\/v2\/posts\/2995"}],"collection":[{"href":"https:\/\/www.naturparkmagazin.de\/dahme-heideseen\/wp-json\/wp\/v2\/posts"}],"about":[{"href":"https:\/\/www.naturparkmagazin.de\/dahme-heideseen\/wp-json\/wp\/v2\/types\/post"}],"author":[{"embeddable":true,"href":"https:\/\/www.naturparkmagazin.de\/dahme-heideseen\/wp-json\/wp\/v2\/users\/83"}],"replies":[{"embeddable":true,"href":"https:\/\/www.naturparkmagazin.de\/dahme-heideseen\/wp-json\/wp\/v2\/comments?post=2995"}],"version-history":[{"count":4,"href":"https:\/\/www.naturparkmagazin.de\/dahme-heideseen\/wp-json\/wp\/v2\/posts\/2995\/revisions"}],"predecessor-version":[{"id":3025,"href":"https:\/\/www.naturparkmagazin.de\/dahme-heideseen\/wp-json\/wp\/v2\/posts\/2995\/revisions\/3025"}],"wp:featuredmedia":[{"embeddable":true,"href":"https:\/\/www.naturparkmagazin.de\/dahme-heideseen\/wp-json\/wp\/v2\/media\/2997"}],"wp:attachment":[{"href":"https:\/\/www.naturparkmagazin.de\/dahme-heideseen\/wp-json\/wp\/v2\/media?parent=2995"}],"wp:term":[{"taxonomy":"category","embeddable":true,"href":"https:\/\/www.naturparkmagazin.de\/dahme-heideseen\/wp-json\/wp\/v2\/categories?post=2995"},{"taxonomy":"post_tag","embeddable":true,"href":"https:\/\/www.naturparkmagazin.de\/dahme-heideseen\/wp-json\/wp\/v2\/tags?post=2995"}],"curies":[{"name":"wp","href":"https:\/\/api.w.org\/{rel}","templated":true}]}}