{"id":3003,"date":"2019-03-21T07:01:16","date_gmt":"2019-03-21T06:01:16","guid":{"rendered":"https:\/\/www.naturparkmagazin.de\/dahme-heideseen\/?p=3003"},"modified":"2019-03-28T14:25:32","modified_gmt":"2019-03-28T13:25:32","slug":"ffh-managementplanung-sitzungen-der-regionalen-arbeitsgruppen-1-2-durchgefuehrt","status":"publish","type":"post","link":"https:\/\/www.naturparkmagazin.de\/dahme-heideseen\/ffh-managementplanung-sitzungen-der-regionalen-arbeitsgruppen-1-2-durchgefuehrt\/","title":{"rendered":"FFH-Managementplanung: 2. Treffen der regionalen Arbeitsgruppen 1 &amp; 2"},"content":{"rendered":"<p>Am 13. M\u00e4rz\u00a0fanden sich im Rahmen der FFH-Managementplanung VertreterInnen der Naturparkverwaltung und Naturwacht, Beh\u00f6rden (Forst, Wasser, Naturschutz) und gro\u00dfen Fl\u00e4cheneigent\u00fcmer\/-bewirtschafter zusammen. Ziel der Veranstaltung war,\u00a0sich zu den Ergebnissen der Erfassung von besonders sch\u00fctzenswerten Biotopen und Tierarten in den unten aufgef\u00fchrten FFH-Gebieten zu informieren. Dar\u00fcber hinaus diskutierten die Teilnehmerinnen angeregt \u00fcber die realistische Umsetzung von Ma\u00dfnahmen zur Erhaltung oder Entwicklung der Schutzg\u00fcter sowie \u00fcber m\u00f6gliche H\u00fcrden und Konflikte zu den Naturschutzzielen in der Praxis, wie z.B. die Gew\u00e4hrleistung des Arbeitsschutzes bei Waldarbeiten.<\/p>\n<p>Folgende FFH-Gebiete aus den Planungsregionen 1 und 2 standen auf der Tagesordnung:<\/p>\n<ul>\n<li><a href=\"https:\/\/www.dahme-heideseen-naturpark.de\/themen\/natura-2000\/streganzer-berg\/\" target=\"_blank\">Streganzer Berg<\/a><\/li>\n<li><a href=\"https:\/\/www.dahme-heideseen-naturpark.de\/themen\/natura-2000\/katzenberge\/\" target=\"_blank\">Katzenberge<\/a><\/li>\n<li><a href=\"https:\/\/www.dahme-heideseen-naturpark.de\/themen\/natura-2000\/kleine-und-mittelleber\/\" target=\"_blank\">Kleine und Mittelleber<\/a><\/li>\n<li><a href=\"https:\/\/www.dahme-heideseen-naturpark.de\/themen\/natura-2000\/massow\/\" target=\"_blank\">Massow<\/a><\/li>\n<li><a href=\"https:\/\/www.dahme-heideseen-naturpark.de\/themen\/natura-2000\/replinchener-see-1\/\" target=\"_blank\">Replinchener See<\/a><\/li>\n<\/ul>\n<p>Die <b>\u00f6ffentliche Auslegung der 1. Entw\u00fcrfe der Managementpl\u00e4ne erfolgt zeitnah<\/b> und wird rechtzeitig orts\u00fcblich bekannt gemacht. Es handelt sich hierbei um <b>kein formelles Beteiligungsverfahren<\/b>, sondern lediglich um die M\u00f6glichkeit in einem Zeitraum von ca. vier Wochen <b>Anmerkungen<\/b> zu den Planentw\u00fcrfen einreichen zu k\u00f6nnen.<\/p>\n<p>Die restlichen Gebiete werden voraussichtlich ab Anfang Juni bei weiteren regionalen Arbeitsgruppentreffen thematisiert.<\/p>\n<p>Weitere Informationen zur FFH-Managementplanung im Naturpark sowie zu den einzelnen Planungsregionen finden Sie <a href=\"http:\/\/www.dahme-heideseen-naturpark.de\/unser-auftrag\/natura-2000\/managementplanung\/\" target=\"_blank\">hier<\/a>.<\/p>\n","protected":false},"excerpt":{"rendered":"<p>Im Zuge der FFH-Managementplanung lud die Naturparkverwaltung  zu einem Infoabend ein und informierte \u00fcber Ergebnissen der Erfassung von besonders sch\u00fctzenswerten Biotopen und Tierarten in den FFH-Gebieten.<\/p>\n","protected":false},"author":83,"featured_media":3006,"comment_status":"open","ping_status":"open","sticky":false,"template":"","format":"standard","meta":[],"categories":[7],"tags":[],"yoast_head":"<!-- This site is optimized with the Yoast SEO plugin v19.10 - https:\/\/yoast.com\/wordpress\/plugins\/seo\/ -->\n<title>FFH-Managementplanung: 2. Treffen der regionalen Arbeitsgruppen 1 &amp; 2 - Naturpark Dahme-Heideseen<\/title>\n<meta name=\"robots\" content=\"index, follow, max-snippet:-1, max-image-preview:large, max-video-preview:-1\" \/>\n<link rel=\"canonical\" href=\"https:\/\/www.naturparkmagazin.de\/dahme-heideseen\/ffh-managementplanung-sitzungen-der-regionalen-arbeitsgruppen-1-2-durchgefuehrt\/\" \/>\n<meta property=\"og:locale\" content=\"de_DE\" \/>\n<meta property=\"og:type\" content=\"article\" \/>\n<meta property=\"og:title\" content=\"FFH-Managementplanung: 2. Treffen der regionalen Arbeitsgruppen 1 &amp; 2 - Naturpark Dahme-Heideseen\" \/>\n<meta property=\"og:description\" content=\"Im Zuge der FFH-Managementplanung lud die Naturparkverwaltung zu einem Infoabend ein und informierte \u00fcber Ergebnissen der Erfassung von besonders sch\u00fctzenswerten Biotopen und Tierarten in den FFH-Gebieten.\" \/>\n<meta property=\"og:url\" content=\"https:\/\/www.naturparkmagazin.de\/dahme-heideseen\/ffh-managementplanung-sitzungen-der-regionalen-arbeitsgruppen-1-2-durchgefuehrt\/\" \/>\n<meta property=\"og:site_name\" content=\"Naturpark Dahme-Heideseen\" \/>\n<meta property=\"article:published_time\" content=\"2019-03-21T06:01:16+00:00\" \/>\n<meta property=\"article:modified_time\" content=\"2019-03-28T13:25:32+00:00\" \/>\n<meta property=\"og:image\" content=\"https:\/\/www.naturparkmagazin.de\/dahme-heideseen\/wp-content\/uploads\/sites\/37\/rAG-Treffen.jpg\" \/>\n\t<meta property=\"og:image:width\" content=\"3872\" \/>\n\t<meta property=\"og:image:height\" content=\"2592\" \/>\n\t<meta property=\"og:image:type\" content=\"image\/jpeg\" \/>\n<meta name=\"author\" content=\"Astrid Osenbr\u00fcck\" \/>\n<meta name=\"twitter:label1\" content=\"Verfasst von\" \/>\n\t<meta name=\"twitter:data1\" content=\"Astrid Osenbr\u00fcck\" \/>\n\t<meta name=\"twitter:label2\" content=\"Gesch\u00e4tzte Lesezeit\" \/>\n\t<meta name=\"twitter:data2\" content=\"1\u00a0Minute\" \/>\n<script type=\"application\/ld+json\" class=\"yoast-schema-graph\">{\"@context\":\"https:\/\/schema.org\",\"@graph\":[{\"@type\":\"WebPage\",\"@id\":\"https:\/\/www.naturparkmagazin.de\/dahme-heideseen\/ffh-managementplanung-sitzungen-der-regionalen-arbeitsgruppen-1-2-durchgefuehrt\/\",\"url\":\"https:\/\/www.naturparkmagazin.de\/dahme-heideseen\/ffh-managementplanung-sitzungen-der-regionalen-arbeitsgruppen-1-2-durchgefuehrt\/\",\"name\":\"FFH-Managementplanung: 2. Treffen der regionalen Arbeitsgruppen 1 &amp; 2 - Naturpark Dahme-Heideseen\",\"isPartOf\":{\"@id\":\"https:\/\/www.naturparkmagazin.de\/dahme-heideseen\/#website\"},\"datePublished\":\"2019-03-21T06:01:16+00:00\",\"dateModified\":\"2019-03-28T13:25:32+00:00\",\"author\":{\"@id\":\"https:\/\/www.naturparkmagazin.de\/dahme-heideseen\/#\/schema\/person\/a0510aafafdf8183c95fc98faf0c9f21\"},\"breadcrumb\":{\"@id\":\"https:\/\/www.naturparkmagazin.de\/dahme-heideseen\/ffh-managementplanung-sitzungen-der-regionalen-arbeitsgruppen-1-2-durchgefuehrt\/#breadcrumb\"},\"inLanguage\":\"de\",\"potentialAction\":[{\"@type\":\"ReadAction\",\"target\":[\"https:\/\/www.naturparkmagazin.de\/dahme-heideseen\/ffh-managementplanung-sitzungen-der-regionalen-arbeitsgruppen-1-2-durchgefuehrt\/\"]}]},{\"@type\":\"BreadcrumbList\",\"@id\":\"https:\/\/www.naturparkmagazin.de\/dahme-heideseen\/ffh-managementplanung-sitzungen-der-regionalen-arbeitsgruppen-1-2-durchgefuehrt\/#breadcrumb\",\"itemListElement\":[{\"@type\":\"ListItem\",\"position\":1,\"name\":\"Home\",\"item\":\"https:\/\/www.naturparkmagazin.de\/dahme-heideseen\/\"},{\"@type\":\"ListItem\",\"position\":2,\"name\":\"FFH-Managementplanung: 2. Treffen der regionalen Arbeitsgruppen 1 &amp; 2\"}]},{\"@type\":\"WebSite\",\"@id\":\"https:\/\/www.naturparkmagazin.de\/dahme-heideseen\/#website\",\"url\":\"https:\/\/www.naturparkmagazin.de\/dahme-heideseen\/\",\"name\":\"Naturpark Dahme-Heideseen\",\"description\":\"\",\"potentialAction\":[{\"@type\":\"SearchAction\",\"target\":{\"@type\":\"EntryPoint\",\"urlTemplate\":\"https:\/\/www.naturparkmagazin.de\/dahme-heideseen\/?s={search_term_string}\"},\"query-input\":\"required name=search_term_string\"}],\"inLanguage\":\"de\"},{\"@type\":\"Person\",\"@id\":\"https:\/\/www.naturparkmagazin.de\/dahme-heideseen\/#\/schema\/person\/a0510aafafdf8183c95fc98faf0c9f21\",\"name\":\"Astrid Osenbr\u00fcck\",\"sameAs\":[\"http:\/\/www.dahme-heideseen-naturpark.de\"],\"url\":\"https:\/\/www.naturparkmagazin.de\/dahme-heideseen\/author\/astridosenbrueck\/\"}]}<\/script>\n<!-- \/ Yoast SEO plugin. -->","yoast_head_json":{"title":"FFH-Managementplanung: 2. Treffen der regionalen Arbeitsgruppen 1 &amp; 2 - Naturpark Dahme-Heideseen","robots":{"index":"index","follow":"follow","max-snippet":"max-snippet:-1","max-image-preview":"max-image-preview:large","max-video-preview":"max-video-preview:-1"},"canonical":"https:\/\/www.naturparkmagazin.de\/dahme-heideseen\/ffh-managementplanung-sitzungen-der-regionalen-arbeitsgruppen-1-2-durchgefuehrt\/","og_locale":"de_DE","og_type":"article","og_title":"FFH-Managementplanung: 2. Treffen der regionalen Arbeitsgruppen 1 &amp; 2 - Naturpark Dahme-Heideseen","og_description":"Im Zuge der FFH-Managementplanung lud die Naturparkverwaltung zu einem Infoabend ein und informierte \u00fcber Ergebnissen der Erfassung von besonders sch\u00fctzenswerten Biotopen und Tierarten in den FFH-Gebieten.","og_url":"https:\/\/www.naturparkmagazin.de\/dahme-heideseen\/ffh-managementplanung-sitzungen-der-regionalen-arbeitsgruppen-1-2-durchgefuehrt\/","og_site_name":"Naturpark Dahme-Heideseen","article_published_time":"2019-03-21T06:01:16+00:00","article_modified_time":"2019-03-28T13:25:32+00:00","og_image":[{"width":3872,"height":2592,"url":"https:\/\/www.naturparkmagazin.de\/dahme-heideseen\/wp-content\/uploads\/sites\/37\/rAG-Treffen.jpg","type":"image\/jpeg"}],"author":"Astrid Osenbr\u00fcck","twitter_misc":{"Verfasst von":"Astrid Osenbr\u00fcck","Gesch\u00e4tzte Lesezeit":"1\u00a0Minute"},"schema":{"@context":"https:\/\/schema.org","@graph":[{"@type":"WebPage","@id":"https:\/\/www.naturparkmagazin.de\/dahme-heideseen\/ffh-managementplanung-sitzungen-der-regionalen-arbeitsgruppen-1-2-durchgefuehrt\/","url":"https:\/\/www.naturparkmagazin.de\/dahme-heideseen\/ffh-managementplanung-sitzungen-der-regionalen-arbeitsgruppen-1-2-durchgefuehrt\/","name":"FFH-Managementplanung: 2. Treffen der regionalen Arbeitsgruppen 1 &amp; 2 - Naturpark Dahme-Heideseen","isPartOf":{"@id":"https:\/\/www.naturparkmagazin.de\/dahme-heideseen\/#website"},"datePublished":"2019-03-21T06:01:16+00:00","dateModified":"2019-03-28T13:25:32+00:00","author":{"@id":"https:\/\/www.naturparkmagazin.de\/dahme-heideseen\/#\/schema\/person\/a0510aafafdf8183c95fc98faf0c9f21"},"breadcrumb":{"@id":"https:\/\/www.naturparkmagazin.de\/dahme-heideseen\/ffh-managementplanung-sitzungen-der-regionalen-arbeitsgruppen-1-2-durchgefuehrt\/#breadcrumb"},"inLanguage":"de","potentialAction":[{"@type":"ReadAction","target":["https:\/\/www.naturparkmagazin.de\/dahme-heideseen\/ffh-managementplanung-sitzungen-der-regionalen-arbeitsgruppen-1-2-durchgefuehrt\/"]}]},{"@type":"BreadcrumbList","@id":"https:\/\/www.naturparkmagazin.de\/dahme-heideseen\/ffh-managementplanung-sitzungen-der-regionalen-arbeitsgruppen-1-2-durchgefuehrt\/#breadcrumb","itemListElement":[{"@type":"ListItem","position":1,"name":"Home","item":"https:\/\/www.naturparkmagazin.de\/dahme-heideseen\/"},{"@type":"ListItem","position":2,"name":"FFH-Managementplanung: 2. Treffen der regionalen Arbeitsgruppen 1 &amp; 2"}]},{"@type":"WebSite","@id":"https:\/\/www.naturparkmagazin.de\/dahme-heideseen\/#website","url":"https:\/\/www.naturparkmagazin.de\/dahme-heideseen\/","name":"Naturpark Dahme-Heideseen","description":"","potentialAction":[{"@type":"SearchAction","target":{"@type":"EntryPoint","urlTemplate":"https:\/\/www.naturparkmagazin.de\/dahme-heideseen\/?s={search_term_string}"},"query-input":"required name=search_term_string"}],"inLanguage":"de"},{"@type":"Person","@id":"https:\/\/www.naturparkmagazin.de\/dahme-heideseen\/#\/schema\/person\/a0510aafafdf8183c95fc98faf0c9f21","name":"Astrid Osenbr\u00fcck","sameAs":["http:\/\/www.dahme-heideseen-naturpark.de"],"url":"https:\/\/www.naturparkmagazin.de\/dahme-heideseen\/author\/astridosenbrueck\/"}]}},"_links":{"self":[{"href":"https:\/\/www.naturparkmagazin.de\/dahme-heideseen\/wp-json\/wp\/v2\/posts\/3003"}],"collection":[{"href":"https:\/\/www.naturparkmagazin.de\/dahme-heideseen\/wp-json\/wp\/v2\/posts"}],"about":[{"href":"https:\/\/www.naturparkmagazin.de\/dahme-heideseen\/wp-json\/wp\/v2\/types\/post"}],"author":[{"embeddable":true,"href":"https:\/\/www.naturparkmagazin.de\/dahme-heideseen\/wp-json\/wp\/v2\/users\/83"}],"replies":[{"embeddable":true,"href":"https:\/\/www.naturparkmagazin.de\/dahme-heideseen\/wp-json\/wp\/v2\/comments?post=3003"}],"version-history":[{"count":9,"href":"https:\/\/www.naturparkmagazin.de\/dahme-heideseen\/wp-json\/wp\/v2\/posts\/3003\/revisions"}],"predecessor-version":[{"id":3023,"href":"https:\/\/www.naturparkmagazin.de\/dahme-heideseen\/wp-json\/wp\/v2\/posts\/3003\/revisions\/3023"}],"wp:featuredmedia":[{"embeddable":true,"href":"https:\/\/www.naturparkmagazin.de\/dahme-heideseen\/wp-json\/wp\/v2\/media\/3006"}],"wp:attachment":[{"href":"https:\/\/www.naturparkmagazin.de\/dahme-heideseen\/wp-json\/wp\/v2\/media?parent=3003"}],"wp:term":[{"taxonomy":"category","embeddable":true,"href":"https:\/\/www.naturparkmagazin.de\/dahme-heideseen\/wp-json\/wp\/v2\/categories?post=3003"},{"taxonomy":"post_tag","embeddable":true,"href":"https:\/\/www.naturparkmagazin.de\/dahme-heideseen\/wp-json\/wp\/v2\/tags?post=3003"}],"curies":[{"name":"wp","href":"https:\/\/api.w.org\/{rel}","templated":true}]}}