{"id":3031,"date":"2019-04-12T18:25:58","date_gmt":"2019-04-12T16:25:58","guid":{"rendered":"https:\/\/www.naturparkmagazin.de\/dahme-heideseen\/?p=3031"},"modified":"2019-04-23T09:59:48","modified_gmt":"2019-04-23T07:59:48","slug":"die-schoenheiten-des-sommers-erleben-tagfalter-monitoring-im-naturpark-dahme-heideseen","status":"publish","type":"post","link":"https:\/\/www.naturparkmagazin.de\/dahme-heideseen\/die-schoenheiten-des-sommers-erleben-tagfalter-monitoring-im-naturpark-dahme-heideseen\/","title":{"rendered":"Die Sch\u00f6nheit(en) des Sommers erleben \u2013 Tagfalter-Monitoring im Naturpark Dahme-Heideseen"},"content":{"rendered":"<p>Schmetterlinge sind eine der auff\u00e4lligsten und optisch ansprechendsten Artgruppen unter den Insekten. Perfekt f\u00fcr den Einstieg in die Welt der kleinen Krabbel- und Fl\u00fcgeltiere! Wer erinnert sich nicht an das lebhafte Geflatter im Fr\u00fchling und Sommer w\u00e4hrend seiner Kindheit? Leider hat dieses deutlich abgenommen \u2013 das Insektensterben ist mittlerweile in aller Munde. Darauf wollen wir reagieren!<\/p>\n<p>So geben wir die Gelegenheit, die Vielfalt der Schmetterlingswelt kennen zu lernen und mit uns zusammen den noch vorhandenen Bestand im Naturpark Dahme-Heideseen zu erkunden. Zudem vermitteln wir Handlungsempfehlungen, wie die Vielfalt im eigenen Umfeld gef\u00f6rdert werden kann.<\/p>\n<p>Dazu laden wir ab dem 9. Mai immer donnerstags zwischen 15 und 17 Uhr in die Naturpark-Verwaltung in Prieros (Arnold-Breithor-Str. 8) ein um das Projekt \u201eTagfalter-Monitoring\u201c vorzustellen. Bei geeignetem Wetter begehen wir gemeinsam eine Beobachtungsstrecke und geben Hilfestellung bei der Anlage eigener Beobachtungsstrecken. Dar\u00fcber hinaus soll der Termin Gelegenheit zum Austausch f\u00fcr NaturfreundInnen bieten.\u00a0Jeder kann mitmachen &#8211; Interessenten von Klein bis Gro\u00df sind herzlich willkommen\u2026<\/p>\n<p>\u2026auch die Kleinen k\u00f6nnen schon zum gro\u00dfen Schmetterlingsforscher werden!<\/p>\n<p>Hinweis: Keine Z\u00e4hlung bei Temperaturen unter 13\u00b0C bzw. unter 17\u00b0C bei st\u00e4rkerer Bew\u00f6lkung (40-80%) und einer Windst\u00e4rke \u00fcber 4.<\/p>\n<p>Anmeldungen bitte bis sp\u00e4testens einen Tag vor der jeweiligen Veranstaltung<\/p>\n<p>Ansprechpartner im Naturpark Dahme-Heideseen: Melanie Wagner <a href=\"mailto:melanie.wagner@lfu.brandenburg.de\">melanie.wagner@lfu.brandenburg.de<\/a>, Tel: 033768 969 11<\/p>\n<p>Offizielle Homepage des Tagfalter-Monitoring: <a href=\"http:\/\/www.tagfalter-monitoring.de\/\">http:\/\/www.tagfalter-monitoring.de\/<\/a><\/p>\n<p>NABU-Artikel \u00fcber R\u00fcckgang der Schmetterlinge und weitere Links zum Thema: <a href=\"https:\/\/www.nabu.de\/news\/2018\/12\/25604.html\">https:\/\/www.nabu.de\/news\/2018\/12\/25604.html<\/a><\/p>\n","protected":false},"excerpt":{"rendered":"<p>Wer Schmetterlinge nicht nur im Bauch sp\u00fcren sondern auch in Feld, Wald und Wiese erkunden m\u00f6chte, ist ab Mai herzlich zum Tagfalter-Monitoring im Naturpark eingeladen.<\/p>\n","protected":false},"author":83,"featured_media":3038,"comment_status":"open","ping_status":"open","sticky":false,"template":"","format":"standard","meta":[],"categories":[7],"tags":[],"yoast_head":"<!-- This site is optimized with the Yoast SEO plugin v19.10 - https:\/\/yoast.com\/wordpress\/plugins\/seo\/ -->\n<title>Die Sch\u00f6nheit(en) des Sommers erleben \u2013 Tagfalter-Monitoring im Naturpark Dahme-Heideseen - Naturpark Dahme-Heideseen<\/title>\n<meta name=\"robots\" content=\"index, follow, max-snippet:-1, max-image-preview:large, max-video-preview:-1\" \/>\n<link rel=\"canonical\" href=\"https:\/\/www.naturparkmagazin.de\/dahme-heideseen\/die-schoenheiten-des-sommers-erleben-tagfalter-monitoring-im-naturpark-dahme-heideseen\/\" \/>\n<meta property=\"og:locale\" content=\"de_DE\" \/>\n<meta property=\"og:type\" content=\"article\" \/>\n<meta property=\"og:title\" content=\"Die Sch\u00f6nheit(en) des Sommers erleben \u2013 Tagfalter-Monitoring im Naturpark Dahme-Heideseen - Naturpark Dahme-Heideseen\" \/>\n<meta property=\"og:description\" content=\"Wer Schmetterlinge nicht nur im Bauch sp\u00fcren sondern auch in Feld, Wald und Wiese erkunden m\u00f6chte, ist ab Mai herzlich zum Tagfalter-Monitoring im Naturpark eingeladen.\" \/>\n<meta property=\"og:url\" content=\"https:\/\/www.naturparkmagazin.de\/dahme-heideseen\/die-schoenheiten-des-sommers-erleben-tagfalter-monitoring-im-naturpark-dahme-heideseen\/\" \/>\n<meta property=\"og:site_name\" content=\"Naturpark Dahme-Heideseen\" \/>\n<meta property=\"article:published_time\" content=\"2019-04-12T16:25:58+00:00\" \/>\n<meta property=\"article:modified_time\" content=\"2019-04-23T07:59:48+00:00\" \/>\n<meta property=\"og:image\" content=\"https:\/\/www.naturparkmagazin.de\/dahme-heideseen\/wp-content\/uploads\/sites\/37\/c-falter-33-min.jpg\" \/>\n\t<meta property=\"og:image:width\" content=\"6000\" \/>\n\t<meta property=\"og:image:height\" content=\"4000\" \/>\n\t<meta property=\"og:image:type\" content=\"image\/jpeg\" \/>\n<meta name=\"author\" content=\"Astrid Osenbr\u00fcck\" \/>\n<meta name=\"twitter:label1\" content=\"Verfasst von\" \/>\n\t<meta name=\"twitter:data1\" content=\"Astrid Osenbr\u00fcck\" \/>\n\t<meta name=\"twitter:label2\" content=\"Gesch\u00e4tzte Lesezeit\" \/>\n\t<meta name=\"twitter:data2\" content=\"1\u00a0Minute\" \/>\n<script type=\"application\/ld+json\" class=\"yoast-schema-graph\">{\"@context\":\"https:\/\/schema.org\",\"@graph\":[{\"@type\":\"WebPage\",\"@id\":\"https:\/\/www.naturparkmagazin.de\/dahme-heideseen\/die-schoenheiten-des-sommers-erleben-tagfalter-monitoring-im-naturpark-dahme-heideseen\/\",\"url\":\"https:\/\/www.naturparkmagazin.de\/dahme-heideseen\/die-schoenheiten-des-sommers-erleben-tagfalter-monitoring-im-naturpark-dahme-heideseen\/\",\"name\":\"Die Sch\u00f6nheit(en) des Sommers erleben \u2013 Tagfalter-Monitoring im Naturpark Dahme-Heideseen - Naturpark Dahme-Heideseen\",\"isPartOf\":{\"@id\":\"https:\/\/www.naturparkmagazin.de\/dahme-heideseen\/#website\"},\"datePublished\":\"2019-04-12T16:25:58+00:00\",\"dateModified\":\"2019-04-23T07:59:48+00:00\",\"author\":{\"@id\":\"https:\/\/www.naturparkmagazin.de\/dahme-heideseen\/#\/schema\/person\/a0510aafafdf8183c95fc98faf0c9f21\"},\"breadcrumb\":{\"@id\":\"https:\/\/www.naturparkmagazin.de\/dahme-heideseen\/die-schoenheiten-des-sommers-erleben-tagfalter-monitoring-im-naturpark-dahme-heideseen\/#breadcrumb\"},\"inLanguage\":\"de\",\"potentialAction\":[{\"@type\":\"ReadAction\",\"target\":[\"https:\/\/www.naturparkmagazin.de\/dahme-heideseen\/die-schoenheiten-des-sommers-erleben-tagfalter-monitoring-im-naturpark-dahme-heideseen\/\"]}]},{\"@type\":\"BreadcrumbList\",\"@id\":\"https:\/\/www.naturparkmagazin.de\/dahme-heideseen\/die-schoenheiten-des-sommers-erleben-tagfalter-monitoring-im-naturpark-dahme-heideseen\/#breadcrumb\",\"itemListElement\":[{\"@type\":\"ListItem\",\"position\":1,\"name\":\"Home\",\"item\":\"https:\/\/www.naturparkmagazin.de\/dahme-heideseen\/\"},{\"@type\":\"ListItem\",\"position\":2,\"name\":\"Die Sch\u00f6nheit(en) des Sommers erleben \u2013 Tagfalter-Monitoring im Naturpark Dahme-Heideseen\"}]},{\"@type\":\"WebSite\",\"@id\":\"https:\/\/www.naturparkmagazin.de\/dahme-heideseen\/#website\",\"url\":\"https:\/\/www.naturparkmagazin.de\/dahme-heideseen\/\",\"name\":\"Naturpark Dahme-Heideseen\",\"description\":\"\",\"potentialAction\":[{\"@type\":\"SearchAction\",\"target\":{\"@type\":\"EntryPoint\",\"urlTemplate\":\"https:\/\/www.naturparkmagazin.de\/dahme-heideseen\/?s={search_term_string}\"},\"query-input\":\"required name=search_term_string\"}],\"inLanguage\":\"de\"},{\"@type\":\"Person\",\"@id\":\"https:\/\/www.naturparkmagazin.de\/dahme-heideseen\/#\/schema\/person\/a0510aafafdf8183c95fc98faf0c9f21\",\"name\":\"Astrid Osenbr\u00fcck\",\"sameAs\":[\"http:\/\/www.dahme-heideseen-naturpark.de\"],\"url\":\"https:\/\/www.naturparkmagazin.de\/dahme-heideseen\/author\/astridosenbrueck\/\"}]}<\/script>\n<!-- \/ Yoast SEO plugin. -->","yoast_head_json":{"title":"Die Sch\u00f6nheit(en) des Sommers erleben \u2013 Tagfalter-Monitoring im Naturpark Dahme-Heideseen - Naturpark Dahme-Heideseen","robots":{"index":"index","follow":"follow","max-snippet":"max-snippet:-1","max-image-preview":"max-image-preview:large","max-video-preview":"max-video-preview:-1"},"canonical":"https:\/\/www.naturparkmagazin.de\/dahme-heideseen\/die-schoenheiten-des-sommers-erleben-tagfalter-monitoring-im-naturpark-dahme-heideseen\/","og_locale":"de_DE","og_type":"article","og_title":"Die Sch\u00f6nheit(en) des Sommers erleben \u2013 Tagfalter-Monitoring im Naturpark Dahme-Heideseen - Naturpark Dahme-Heideseen","og_description":"Wer Schmetterlinge nicht nur im Bauch sp\u00fcren sondern auch in Feld, Wald und Wiese erkunden m\u00f6chte, ist ab Mai herzlich zum Tagfalter-Monitoring im Naturpark eingeladen.","og_url":"https:\/\/www.naturparkmagazin.de\/dahme-heideseen\/die-schoenheiten-des-sommers-erleben-tagfalter-monitoring-im-naturpark-dahme-heideseen\/","og_site_name":"Naturpark Dahme-Heideseen","article_published_time":"2019-04-12T16:25:58+00:00","article_modified_time":"2019-04-23T07:59:48+00:00","og_image":[{"width":6000,"height":4000,"url":"https:\/\/www.naturparkmagazin.de\/dahme-heideseen\/wp-content\/uploads\/sites\/37\/c-falter-33-min.jpg","type":"image\/jpeg"}],"author":"Astrid Osenbr\u00fcck","twitter_misc":{"Verfasst von":"Astrid Osenbr\u00fcck","Gesch\u00e4tzte Lesezeit":"1\u00a0Minute"},"schema":{"@context":"https:\/\/schema.org","@graph":[{"@type":"WebPage","@id":"https:\/\/www.naturparkmagazin.de\/dahme-heideseen\/die-schoenheiten-des-sommers-erleben-tagfalter-monitoring-im-naturpark-dahme-heideseen\/","url":"https:\/\/www.naturparkmagazin.de\/dahme-heideseen\/die-schoenheiten-des-sommers-erleben-tagfalter-monitoring-im-naturpark-dahme-heideseen\/","name":"Die Sch\u00f6nheit(en) des Sommers erleben \u2013 Tagfalter-Monitoring im Naturpark Dahme-Heideseen - Naturpark Dahme-Heideseen","isPartOf":{"@id":"https:\/\/www.naturparkmagazin.de\/dahme-heideseen\/#website"},"datePublished":"2019-04-12T16:25:58+00:00","dateModified":"2019-04-23T07:59:48+00:00","author":{"@id":"https:\/\/www.naturparkmagazin.de\/dahme-heideseen\/#\/schema\/person\/a0510aafafdf8183c95fc98faf0c9f21"},"breadcrumb":{"@id":"https:\/\/www.naturparkmagazin.de\/dahme-heideseen\/die-schoenheiten-des-sommers-erleben-tagfalter-monitoring-im-naturpark-dahme-heideseen\/#breadcrumb"},"inLanguage":"de","potentialAction":[{"@type":"ReadAction","target":["https:\/\/www.naturparkmagazin.de\/dahme-heideseen\/die-schoenheiten-des-sommers-erleben-tagfalter-monitoring-im-naturpark-dahme-heideseen\/"]}]},{"@type":"BreadcrumbList","@id":"https:\/\/www.naturparkmagazin.de\/dahme-heideseen\/die-schoenheiten-des-sommers-erleben-tagfalter-monitoring-im-naturpark-dahme-heideseen\/#breadcrumb","itemListElement":[{"@type":"ListItem","position":1,"name":"Home","item":"https:\/\/www.naturparkmagazin.de\/dahme-heideseen\/"},{"@type":"ListItem","position":2,"name":"Die Sch\u00f6nheit(en) des Sommers erleben \u2013 Tagfalter-Monitoring im Naturpark Dahme-Heideseen"}]},{"@type":"WebSite","@id":"https:\/\/www.naturparkmagazin.de\/dahme-heideseen\/#website","url":"https:\/\/www.naturparkmagazin.de\/dahme-heideseen\/","name":"Naturpark Dahme-Heideseen","description":"","potentialAction":[{"@type":"SearchAction","target":{"@type":"EntryPoint","urlTemplate":"https:\/\/www.naturparkmagazin.de\/dahme-heideseen\/?s={search_term_string}"},"query-input":"required name=search_term_string"}],"inLanguage":"de"},{"@type":"Person","@id":"https:\/\/www.naturparkmagazin.de\/dahme-heideseen\/#\/schema\/person\/a0510aafafdf8183c95fc98faf0c9f21","name":"Astrid Osenbr\u00fcck","sameAs":["http:\/\/www.dahme-heideseen-naturpark.de"],"url":"https:\/\/www.naturparkmagazin.de\/dahme-heideseen\/author\/astridosenbrueck\/"}]}},"_links":{"self":[{"href":"https:\/\/www.naturparkmagazin.de\/dahme-heideseen\/wp-json\/wp\/v2\/posts\/3031"}],"collection":[{"href":"https:\/\/www.naturparkmagazin.de\/dahme-heideseen\/wp-json\/wp\/v2\/posts"}],"about":[{"href":"https:\/\/www.naturparkmagazin.de\/dahme-heideseen\/wp-json\/wp\/v2\/types\/post"}],"author":[{"embeddable":true,"href":"https:\/\/www.naturparkmagazin.de\/dahme-heideseen\/wp-json\/wp\/v2\/users\/83"}],"replies":[{"embeddable":true,"href":"https:\/\/www.naturparkmagazin.de\/dahme-heideseen\/wp-json\/wp\/v2\/comments?post=3031"}],"version-history":[{"count":3,"href":"https:\/\/www.naturparkmagazin.de\/dahme-heideseen\/wp-json\/wp\/v2\/posts\/3031\/revisions"}],"predecessor-version":[{"id":3052,"href":"https:\/\/www.naturparkmagazin.de\/dahme-heideseen\/wp-json\/wp\/v2\/posts\/3031\/revisions\/3052"}],"wp:featuredmedia":[{"embeddable":true,"href":"https:\/\/www.naturparkmagazin.de\/dahme-heideseen\/wp-json\/wp\/v2\/media\/3038"}],"wp:attachment":[{"href":"https:\/\/www.naturparkmagazin.de\/dahme-heideseen\/wp-json\/wp\/v2\/media?parent=3031"}],"wp:term":[{"taxonomy":"category","embeddable":true,"href":"https:\/\/www.naturparkmagazin.de\/dahme-heideseen\/wp-json\/wp\/v2\/categories?post=3031"},{"taxonomy":"post_tag","embeddable":true,"href":"https:\/\/www.naturparkmagazin.de\/dahme-heideseen\/wp-json\/wp\/v2\/tags?post=3031"}],"curies":[{"name":"wp","href":"https:\/\/api.w.org\/{rel}","templated":true}]}}