{"id":3055,"date":"2019-04-23T15:17:26","date_gmt":"2019-04-23T13:17:26","guid":{"rendered":"https:\/\/www.naturparkmagazin.de\/dahme-heideseen\/?p=3055"},"modified":"2019-04-26T12:15:34","modified_gmt":"2019-04-26T10:15:34","slug":"3055","status":"publish","type":"post","link":"https:\/\/www.naturparkmagazin.de\/dahme-heideseen\/3055\/","title":{"rendered":"Liebe Leserin, lieber Leser,"},"content":{"rendered":"<p>der Mai steht im Naturpark ganz im Zeichen des Wanderns. So finden Sie bei den Veranstaltungstipps &#8211; mit der Ranger-ErlebnisTour entlang der &#8222;Alten Dahme&#8220;\u00a0und der poetischen F\u00fchrung durch die\u00a0Lesef\u00e4hrte Waldweisen &#8211;\u00a0gleich zwei Wanderungen.\u00a0Nat\u00fcrlich gibt es noch weitere M\u00f6glichkeiten, die Wanderschuhe auszuprobieren: So findet am\u00a014. Mai\u00a0der\u00a0allj\u00e4hrliche Tag das Wanderns statt. Im Naturpark\u00a0f\u00fchrt die Projektleiterin des BIZ, Sarah Mamerow,\u00a0durch das Naturschutzgebiet L\u00f6ptener Fenne-Wustrickwiesen und legt ein spezielles Augenmerk auf die unterschiedlichen Pflanzen der teilweise seltenen Lebensr\u00e4ume. Auf ihrem Streifzug berichtet sie \u00fcber \u201eLebensgewohnheiten\u201c von Kr\u00e4utern, erkl\u00e4rt, welche Pflanzen\u00a0sich nebeneinander\u00a0wohlf\u00fchlen, und regt an, selbst auf Entdeckungsreise zu gehen. Weitere Informationen zu der Veranstaltung finden Sie\u00a0unter <a href=\"http:\/\/www.dahme-heideseen-naturpark.de\" target=\"_blank\">www.dahme-heideseen-naturpark.de <\/a>oder <a href=\"http:\/\/www.tag-des-wanderns.de\/\">www.tag-des-wanderns.de<\/a>.<\/p>\n<p>Wir w\u00fcnschen viel Freude beim Wandern und nat\u00fcrlich beim Schm\u00f6ckern des Newsletters.<\/p>\n<p>Herzlichst<\/p>\n<p>Ihr Naturpark-Team<\/p>\n","protected":false},"excerpt":{"rendered":"<p>der Mai steht im Naturpark ganz im Zeichen des Wanderns. So finden Sie bei den Veranstaltungstipps &#8211; mit der Ranger-ErlebnisTour entlang der &#8222;Alten Dahme&#8220;\u00a0und der poetischen F\u00fchrung durch die\u00a0Lesef\u00e4hrte Waldweisen &#8211;\u00a0gleich zwei Wanderungen.\u00a0Nat\u00fcrlich gibt es noch weitere M\u00f6glichkeiten, die Wanderschuhe auszuprobieren: So findet am\u00a014. Mai\u00a0der\u00a0allj\u00e4hrliche Tag das Wanderns statt. Im Naturpark\u00a0f\u00fchrt die Projektleiterin des BIZ,<\/p>\n","protected":false},"author":83,"featured_media":0,"comment_status":"open","ping_status":"open","sticky":false,"template":"","format":"standard","meta":[],"categories":[52],"tags":[],"yoast_head":"<!-- This site is optimized with the Yoast SEO plugin v19.10 - https:\/\/yoast.com\/wordpress\/plugins\/seo\/ -->\n<title>Liebe Leserin, lieber Leser, - Naturpark Dahme-Heideseen<\/title>\n<meta name=\"robots\" content=\"index, follow, max-snippet:-1, max-image-preview:large, max-video-preview:-1\" \/>\n<link rel=\"canonical\" href=\"https:\/\/www.naturparkmagazin.de\/dahme-heideseen\/3055\/\" \/>\n<meta property=\"og:locale\" content=\"de_DE\" \/>\n<meta property=\"og:type\" content=\"article\" \/>\n<meta property=\"og:title\" content=\"Liebe Leserin, lieber Leser, - Naturpark Dahme-Heideseen\" \/>\n<meta property=\"og:description\" content=\"der Mai steht im Naturpark ganz im Zeichen des Wanderns. So finden Sie bei den Veranstaltungstipps &#8211; mit der Ranger-ErlebnisTour entlang der &#8222;Alten Dahme&#8220;\u00a0und der poetischen F\u00fchrung durch die\u00a0Lesef\u00e4hrte Waldweisen &#8211;\u00a0gleich zwei Wanderungen.\u00a0Nat\u00fcrlich gibt es noch weitere M\u00f6glichkeiten, die Wanderschuhe auszuprobieren: So findet am\u00a014. Mai\u00a0der\u00a0allj\u00e4hrliche Tag das Wanderns statt. Im Naturpark\u00a0f\u00fchrt die Projektleiterin des BIZ,\" \/>\n<meta property=\"og:url\" content=\"https:\/\/www.naturparkmagazin.de\/dahme-heideseen\/3055\/\" \/>\n<meta property=\"og:site_name\" content=\"Naturpark Dahme-Heideseen\" \/>\n<meta property=\"article:published_time\" content=\"2019-04-23T13:17:26+00:00\" \/>\n<meta property=\"article:modified_time\" content=\"2019-04-26T10:15:34+00:00\" \/>\n<meta name=\"author\" content=\"Astrid Osenbr\u00fcck\" \/>\n<meta name=\"twitter:label1\" content=\"Verfasst von\" \/>\n\t<meta name=\"twitter:data1\" content=\"Astrid Osenbr\u00fcck\" \/>\n\t<meta name=\"twitter:label2\" content=\"Gesch\u00e4tzte Lesezeit\" \/>\n\t<meta name=\"twitter:data2\" content=\"1\u00a0Minute\" \/>\n<script type=\"application\/ld+json\" class=\"yoast-schema-graph\">{\"@context\":\"https:\/\/schema.org\",\"@graph\":[{\"@type\":\"WebPage\",\"@id\":\"https:\/\/www.naturparkmagazin.de\/dahme-heideseen\/3055\/\",\"url\":\"https:\/\/www.naturparkmagazin.de\/dahme-heideseen\/3055\/\",\"name\":\"Liebe Leserin, lieber Leser, - Naturpark Dahme-Heideseen\",\"isPartOf\":{\"@id\":\"https:\/\/www.naturparkmagazin.de\/dahme-heideseen\/#website\"},\"datePublished\":\"2019-04-23T13:17:26+00:00\",\"dateModified\":\"2019-04-26T10:15:34+00:00\",\"author\":{\"@id\":\"https:\/\/www.naturparkmagazin.de\/dahme-heideseen\/#\/schema\/person\/a0510aafafdf8183c95fc98faf0c9f21\"},\"breadcrumb\":{\"@id\":\"https:\/\/www.naturparkmagazin.de\/dahme-heideseen\/3055\/#breadcrumb\"},\"inLanguage\":\"de\",\"potentialAction\":[{\"@type\":\"ReadAction\",\"target\":[\"https:\/\/www.naturparkmagazin.de\/dahme-heideseen\/3055\/\"]}]},{\"@type\":\"BreadcrumbList\",\"@id\":\"https:\/\/www.naturparkmagazin.de\/dahme-heideseen\/3055\/#breadcrumb\",\"itemListElement\":[{\"@type\":\"ListItem\",\"position\":1,\"name\":\"Home\",\"item\":\"https:\/\/www.naturparkmagazin.de\/dahme-heideseen\/\"},{\"@type\":\"ListItem\",\"position\":2,\"name\":\"Liebe Leserin, lieber Leser,\"}]},{\"@type\":\"WebSite\",\"@id\":\"https:\/\/www.naturparkmagazin.de\/dahme-heideseen\/#website\",\"url\":\"https:\/\/www.naturparkmagazin.de\/dahme-heideseen\/\",\"name\":\"Naturpark Dahme-Heideseen\",\"description\":\"\",\"potentialAction\":[{\"@type\":\"SearchAction\",\"target\":{\"@type\":\"EntryPoint\",\"urlTemplate\":\"https:\/\/www.naturparkmagazin.de\/dahme-heideseen\/?s={search_term_string}\"},\"query-input\":\"required name=search_term_string\"}],\"inLanguage\":\"de\"},{\"@type\":\"Person\",\"@id\":\"https:\/\/www.naturparkmagazin.de\/dahme-heideseen\/#\/schema\/person\/a0510aafafdf8183c95fc98faf0c9f21\",\"name\":\"Astrid Osenbr\u00fcck\",\"sameAs\":[\"http:\/\/www.dahme-heideseen-naturpark.de\"],\"url\":\"https:\/\/www.naturparkmagazin.de\/dahme-heideseen\/author\/astridosenbrueck\/\"}]}<\/script>\n<!-- \/ Yoast SEO plugin. -->","yoast_head_json":{"title":"Liebe Leserin, lieber Leser, - Naturpark Dahme-Heideseen","robots":{"index":"index","follow":"follow","max-snippet":"max-snippet:-1","max-image-preview":"max-image-preview:large","max-video-preview":"max-video-preview:-1"},"canonical":"https:\/\/www.naturparkmagazin.de\/dahme-heideseen\/3055\/","og_locale":"de_DE","og_type":"article","og_title":"Liebe Leserin, lieber Leser, - Naturpark Dahme-Heideseen","og_description":"der Mai steht im Naturpark ganz im Zeichen des Wanderns. So finden Sie bei den Veranstaltungstipps &#8211; mit der Ranger-ErlebnisTour entlang der &#8222;Alten Dahme&#8220;\u00a0und der poetischen F\u00fchrung durch die\u00a0Lesef\u00e4hrte Waldweisen &#8211;\u00a0gleich zwei Wanderungen.\u00a0Nat\u00fcrlich gibt es noch weitere M\u00f6glichkeiten, die Wanderschuhe auszuprobieren: So findet am\u00a014. Mai\u00a0der\u00a0allj\u00e4hrliche Tag das Wanderns statt. Im Naturpark\u00a0f\u00fchrt die Projektleiterin des BIZ,","og_url":"https:\/\/www.naturparkmagazin.de\/dahme-heideseen\/3055\/","og_site_name":"Naturpark Dahme-Heideseen","article_published_time":"2019-04-23T13:17:26+00:00","article_modified_time":"2019-04-26T10:15:34+00:00","author":"Astrid Osenbr\u00fcck","twitter_misc":{"Verfasst von":"Astrid Osenbr\u00fcck","Gesch\u00e4tzte Lesezeit":"1\u00a0Minute"},"schema":{"@context":"https:\/\/schema.org","@graph":[{"@type":"WebPage","@id":"https:\/\/www.naturparkmagazin.de\/dahme-heideseen\/3055\/","url":"https:\/\/www.naturparkmagazin.de\/dahme-heideseen\/3055\/","name":"Liebe Leserin, lieber Leser, - Naturpark Dahme-Heideseen","isPartOf":{"@id":"https:\/\/www.naturparkmagazin.de\/dahme-heideseen\/#website"},"datePublished":"2019-04-23T13:17:26+00:00","dateModified":"2019-04-26T10:15:34+00:00","author":{"@id":"https:\/\/www.naturparkmagazin.de\/dahme-heideseen\/#\/schema\/person\/a0510aafafdf8183c95fc98faf0c9f21"},"breadcrumb":{"@id":"https:\/\/www.naturparkmagazin.de\/dahme-heideseen\/3055\/#breadcrumb"},"inLanguage":"de","potentialAction":[{"@type":"ReadAction","target":["https:\/\/www.naturparkmagazin.de\/dahme-heideseen\/3055\/"]}]},{"@type":"BreadcrumbList","@id":"https:\/\/www.naturparkmagazin.de\/dahme-heideseen\/3055\/#breadcrumb","itemListElement":[{"@type":"ListItem","position":1,"name":"Home","item":"https:\/\/www.naturparkmagazin.de\/dahme-heideseen\/"},{"@type":"ListItem","position":2,"name":"Liebe Leserin, lieber Leser,"}]},{"@type":"WebSite","@id":"https:\/\/www.naturparkmagazin.de\/dahme-heideseen\/#website","url":"https:\/\/www.naturparkmagazin.de\/dahme-heideseen\/","name":"Naturpark Dahme-Heideseen","description":"","potentialAction":[{"@type":"SearchAction","target":{"@type":"EntryPoint","urlTemplate":"https:\/\/www.naturparkmagazin.de\/dahme-heideseen\/?s={search_term_string}"},"query-input":"required name=search_term_string"}],"inLanguage":"de"},{"@type":"Person","@id":"https:\/\/www.naturparkmagazin.de\/dahme-heideseen\/#\/schema\/person\/a0510aafafdf8183c95fc98faf0c9f21","name":"Astrid Osenbr\u00fcck","sameAs":["http:\/\/www.dahme-heideseen-naturpark.de"],"url":"https:\/\/www.naturparkmagazin.de\/dahme-heideseen\/author\/astridosenbrueck\/"}]}},"_links":{"self":[{"href":"https:\/\/www.naturparkmagazin.de\/dahme-heideseen\/wp-json\/wp\/v2\/posts\/3055"}],"collection":[{"href":"https:\/\/www.naturparkmagazin.de\/dahme-heideseen\/wp-json\/wp\/v2\/posts"}],"about":[{"href":"https:\/\/www.naturparkmagazin.de\/dahme-heideseen\/wp-json\/wp\/v2\/types\/post"}],"author":[{"embeddable":true,"href":"https:\/\/www.naturparkmagazin.de\/dahme-heideseen\/wp-json\/wp\/v2\/users\/83"}],"replies":[{"embeddable":true,"href":"https:\/\/www.naturparkmagazin.de\/dahme-heideseen\/wp-json\/wp\/v2\/comments?post=3055"}],"version-history":[{"count":5,"href":"https:\/\/www.naturparkmagazin.de\/dahme-heideseen\/wp-json\/wp\/v2\/posts\/3055\/revisions"}],"predecessor-version":[{"id":3061,"href":"https:\/\/www.naturparkmagazin.de\/dahme-heideseen\/wp-json\/wp\/v2\/posts\/3055\/revisions\/3061"}],"wp:attachment":[{"href":"https:\/\/www.naturparkmagazin.de\/dahme-heideseen\/wp-json\/wp\/v2\/media?parent=3055"}],"wp:term":[{"taxonomy":"category","embeddable":true,"href":"https:\/\/www.naturparkmagazin.de\/dahme-heideseen\/wp-json\/wp\/v2\/categories?post=3055"},{"taxonomy":"post_tag","embeddable":true,"href":"https:\/\/www.naturparkmagazin.de\/dahme-heideseen\/wp-json\/wp\/v2\/tags?post=3055"}],"curies":[{"name":"wp","href":"https:\/\/api.w.org\/{rel}","templated":true}]}}