{"id":3080,"date":"2019-05-17T07:06:01","date_gmt":"2019-05-17T05:06:01","guid":{"rendered":"https:\/\/www.naturparkmagazin.de\/dahme-heideseen\/?p=3080"},"modified":"2019-05-17T07:06:01","modified_gmt":"2019-05-17T05:06:01","slug":"ein-neuer-baum-fuer-die-grundschule-prieros","status":"publish","type":"post","link":"https:\/\/www.naturparkmagazin.de\/dahme-heideseen\/ein-neuer-baum-fuer-die-grundschule-prieros\/","title":{"rendered":"Ein neuer Baum f\u00fcr die Grundschule Prieros"},"content":{"rendered":"<p>Den Sch\u00fclerInnen fiel es schwer, sich am Expertentag f\u00fcr ein Projekt zu entscheiden &#8211; so vielf\u00e4ltig und spannende war das Angebot. Die Lehrer und die Schulleitung hatten f\u00fcr diesen Tag viele Experten angefragt.\u00a0So\u00a0gab es ein vielf\u00e4ltiges Angebot &#8211;\u00a0neben dem Bau eines Insektenhotels gab es beispielsweise\u00a0bei einem Falkner echte Tiere zu bestaunen. Die Kinder durften selbst entscheiden, an welchen Projekten sie teilnahmen.<\/p>\n<p>Auch die Naturpark-Verwaltung bot ein Projekt an: Mit Rat und Tat und einigen Spielen erkundeten die Mitarbeiter gemeinsam mit den\u00a0Sch\u00fclerInnen den Schulhof und entdeckten so den ein oder anderen tierischen Bewohner. Wie viele Augen haben eigentlich Spinnen? Und wie viele Beine besitzen Asseln? Erst die genaue Betrachtung zeigte, dass wir vieles \u00fcber unsere h\u00e4ufigen Gartenbewohner gar nicht wissen&#8230; Die Kinder beobachteten eifrig und konnten sich am Ende des Tages als\u00a0richtige Natur-Experten bezeichnen.<\/p>\n<p>Der H\u00f6hepunkt war die gemeinsame Baumpflanzung mit dem Garten-Experten Franz Heitzendorfer, dem g\u00e4rtnerischen Leiter des Biogarten Prieros. Mit der Pflanzung hat sich der Apfelbaumbestand auf dem Schulhof nun verdoppelt. Der Wunsch ist, dass die B\u00e4ume sich gegenseitig befruchten und die Sch\u00fclerInnen bald selbstgepflanzte \u00c4pfel naschen k\u00f6nnen.<\/p>\n","protected":false},"excerpt":{"rendered":"<p>Am 3. Mai gestaltete die Grundschule Prieros einen Expertentag. Die Sch\u00fcler nahmen an spannenden Projekten teil &#8211; und pflanzen mit dem Garten-Experten Franz Heitzendorfer einen Apfelbaum auf dem Schulhof.<\/p>\n","protected":false},"author":83,"featured_media":0,"comment_status":"open","ping_status":"open","sticky":false,"template":"","format":"standard","meta":[],"categories":[7],"tags":[],"yoast_head":"<!-- This site is optimized with the Yoast SEO plugin v19.10 - https:\/\/yoast.com\/wordpress\/plugins\/seo\/ -->\n<title>Ein neuer Baum f\u00fcr die Grundschule Prieros - Naturpark Dahme-Heideseen<\/title>\n<meta name=\"robots\" content=\"index, follow, max-snippet:-1, max-image-preview:large, max-video-preview:-1\" \/>\n<link rel=\"canonical\" href=\"https:\/\/www.naturparkmagazin.de\/dahme-heideseen\/ein-neuer-baum-fuer-die-grundschule-prieros\/\" \/>\n<meta property=\"og:locale\" content=\"de_DE\" \/>\n<meta property=\"og:type\" content=\"article\" \/>\n<meta property=\"og:title\" content=\"Ein neuer Baum f\u00fcr die Grundschule Prieros - Naturpark Dahme-Heideseen\" \/>\n<meta property=\"og:description\" content=\"Am 3. Mai gestaltete die Grundschule Prieros einen Expertentag. Die Sch\u00fcler nahmen an spannenden Projekten teil - und pflanzen mit dem Garten-Experten Franz Heitzendorfer einen Apfelbaum auf dem Schulhof.\" \/>\n<meta property=\"og:url\" content=\"https:\/\/www.naturparkmagazin.de\/dahme-heideseen\/ein-neuer-baum-fuer-die-grundschule-prieros\/\" \/>\n<meta property=\"og:site_name\" content=\"Naturpark Dahme-Heideseen\" \/>\n<meta property=\"article:published_time\" content=\"2019-05-17T05:06:01+00:00\" \/>\n<meta name=\"author\" content=\"Astrid Osenbr\u00fcck\" \/>\n<meta name=\"twitter:label1\" content=\"Verfasst von\" \/>\n\t<meta name=\"twitter:data1\" content=\"Astrid Osenbr\u00fcck\" \/>\n\t<meta name=\"twitter:label2\" content=\"Gesch\u00e4tzte Lesezeit\" \/>\n\t<meta name=\"twitter:data2\" content=\"1\u00a0Minute\" \/>\n<script type=\"application\/ld+json\" class=\"yoast-schema-graph\">{\"@context\":\"https:\/\/schema.org\",\"@graph\":[{\"@type\":\"WebPage\",\"@id\":\"https:\/\/www.naturparkmagazin.de\/dahme-heideseen\/ein-neuer-baum-fuer-die-grundschule-prieros\/\",\"url\":\"https:\/\/www.naturparkmagazin.de\/dahme-heideseen\/ein-neuer-baum-fuer-die-grundschule-prieros\/\",\"name\":\"Ein neuer Baum f\u00fcr die Grundschule Prieros - Naturpark Dahme-Heideseen\",\"isPartOf\":{\"@id\":\"https:\/\/www.naturparkmagazin.de\/dahme-heideseen\/#website\"},\"datePublished\":\"2019-05-17T05:06:01+00:00\",\"dateModified\":\"2019-05-17T05:06:01+00:00\",\"author\":{\"@id\":\"https:\/\/www.naturparkmagazin.de\/dahme-heideseen\/#\/schema\/person\/a0510aafafdf8183c95fc98faf0c9f21\"},\"breadcrumb\":{\"@id\":\"https:\/\/www.naturparkmagazin.de\/dahme-heideseen\/ein-neuer-baum-fuer-die-grundschule-prieros\/#breadcrumb\"},\"inLanguage\":\"de\",\"potentialAction\":[{\"@type\":\"ReadAction\",\"target\":[\"https:\/\/www.naturparkmagazin.de\/dahme-heideseen\/ein-neuer-baum-fuer-die-grundschule-prieros\/\"]}]},{\"@type\":\"BreadcrumbList\",\"@id\":\"https:\/\/www.naturparkmagazin.de\/dahme-heideseen\/ein-neuer-baum-fuer-die-grundschule-prieros\/#breadcrumb\",\"itemListElement\":[{\"@type\":\"ListItem\",\"position\":1,\"name\":\"Home\",\"item\":\"https:\/\/www.naturparkmagazin.de\/dahme-heideseen\/\"},{\"@type\":\"ListItem\",\"position\":2,\"name\":\"Ein neuer Baum f\u00fcr die Grundschule Prieros\"}]},{\"@type\":\"WebSite\",\"@id\":\"https:\/\/www.naturparkmagazin.de\/dahme-heideseen\/#website\",\"url\":\"https:\/\/www.naturparkmagazin.de\/dahme-heideseen\/\",\"name\":\"Naturpark Dahme-Heideseen\",\"description\":\"\",\"potentialAction\":[{\"@type\":\"SearchAction\",\"target\":{\"@type\":\"EntryPoint\",\"urlTemplate\":\"https:\/\/www.naturparkmagazin.de\/dahme-heideseen\/?s={search_term_string}\"},\"query-input\":\"required name=search_term_string\"}],\"inLanguage\":\"de\"},{\"@type\":\"Person\",\"@id\":\"https:\/\/www.naturparkmagazin.de\/dahme-heideseen\/#\/schema\/person\/a0510aafafdf8183c95fc98faf0c9f21\",\"name\":\"Astrid Osenbr\u00fcck\",\"sameAs\":[\"http:\/\/www.dahme-heideseen-naturpark.de\"],\"url\":\"https:\/\/www.naturparkmagazin.de\/dahme-heideseen\/author\/astridosenbrueck\/\"}]}<\/script>\n<!-- \/ Yoast SEO plugin. -->","yoast_head_json":{"title":"Ein neuer Baum f\u00fcr die Grundschule Prieros - Naturpark Dahme-Heideseen","robots":{"index":"index","follow":"follow","max-snippet":"max-snippet:-1","max-image-preview":"max-image-preview:large","max-video-preview":"max-video-preview:-1"},"canonical":"https:\/\/www.naturparkmagazin.de\/dahme-heideseen\/ein-neuer-baum-fuer-die-grundschule-prieros\/","og_locale":"de_DE","og_type":"article","og_title":"Ein neuer Baum f\u00fcr die Grundschule Prieros - Naturpark Dahme-Heideseen","og_description":"Am 3. Mai gestaltete die Grundschule Prieros einen Expertentag. Die Sch\u00fcler nahmen an spannenden Projekten teil - und pflanzen mit dem Garten-Experten Franz Heitzendorfer einen Apfelbaum auf dem Schulhof.","og_url":"https:\/\/www.naturparkmagazin.de\/dahme-heideseen\/ein-neuer-baum-fuer-die-grundschule-prieros\/","og_site_name":"Naturpark Dahme-Heideseen","article_published_time":"2019-05-17T05:06:01+00:00","author":"Astrid Osenbr\u00fcck","twitter_misc":{"Verfasst von":"Astrid Osenbr\u00fcck","Gesch\u00e4tzte Lesezeit":"1\u00a0Minute"},"schema":{"@context":"https:\/\/schema.org","@graph":[{"@type":"WebPage","@id":"https:\/\/www.naturparkmagazin.de\/dahme-heideseen\/ein-neuer-baum-fuer-die-grundschule-prieros\/","url":"https:\/\/www.naturparkmagazin.de\/dahme-heideseen\/ein-neuer-baum-fuer-die-grundschule-prieros\/","name":"Ein neuer Baum f\u00fcr die Grundschule Prieros - Naturpark Dahme-Heideseen","isPartOf":{"@id":"https:\/\/www.naturparkmagazin.de\/dahme-heideseen\/#website"},"datePublished":"2019-05-17T05:06:01+00:00","dateModified":"2019-05-17T05:06:01+00:00","author":{"@id":"https:\/\/www.naturparkmagazin.de\/dahme-heideseen\/#\/schema\/person\/a0510aafafdf8183c95fc98faf0c9f21"},"breadcrumb":{"@id":"https:\/\/www.naturparkmagazin.de\/dahme-heideseen\/ein-neuer-baum-fuer-die-grundschule-prieros\/#breadcrumb"},"inLanguage":"de","potentialAction":[{"@type":"ReadAction","target":["https:\/\/www.naturparkmagazin.de\/dahme-heideseen\/ein-neuer-baum-fuer-die-grundschule-prieros\/"]}]},{"@type":"BreadcrumbList","@id":"https:\/\/www.naturparkmagazin.de\/dahme-heideseen\/ein-neuer-baum-fuer-die-grundschule-prieros\/#breadcrumb","itemListElement":[{"@type":"ListItem","position":1,"name":"Home","item":"https:\/\/www.naturparkmagazin.de\/dahme-heideseen\/"},{"@type":"ListItem","position":2,"name":"Ein neuer Baum f\u00fcr die Grundschule Prieros"}]},{"@type":"WebSite","@id":"https:\/\/www.naturparkmagazin.de\/dahme-heideseen\/#website","url":"https:\/\/www.naturparkmagazin.de\/dahme-heideseen\/","name":"Naturpark Dahme-Heideseen","description":"","potentialAction":[{"@type":"SearchAction","target":{"@type":"EntryPoint","urlTemplate":"https:\/\/www.naturparkmagazin.de\/dahme-heideseen\/?s={search_term_string}"},"query-input":"required name=search_term_string"}],"inLanguage":"de"},{"@type":"Person","@id":"https:\/\/www.naturparkmagazin.de\/dahme-heideseen\/#\/schema\/person\/a0510aafafdf8183c95fc98faf0c9f21","name":"Astrid Osenbr\u00fcck","sameAs":["http:\/\/www.dahme-heideseen-naturpark.de"],"url":"https:\/\/www.naturparkmagazin.de\/dahme-heideseen\/author\/astridosenbrueck\/"}]}},"_links":{"self":[{"href":"https:\/\/www.naturparkmagazin.de\/dahme-heideseen\/wp-json\/wp\/v2\/posts\/3080"}],"collection":[{"href":"https:\/\/www.naturparkmagazin.de\/dahme-heideseen\/wp-json\/wp\/v2\/posts"}],"about":[{"href":"https:\/\/www.naturparkmagazin.de\/dahme-heideseen\/wp-json\/wp\/v2\/types\/post"}],"author":[{"embeddable":true,"href":"https:\/\/www.naturparkmagazin.de\/dahme-heideseen\/wp-json\/wp\/v2\/users\/83"}],"replies":[{"embeddable":true,"href":"https:\/\/www.naturparkmagazin.de\/dahme-heideseen\/wp-json\/wp\/v2\/comments?post=3080"}],"version-history":[{"count":1,"href":"https:\/\/www.naturparkmagazin.de\/dahme-heideseen\/wp-json\/wp\/v2\/posts\/3080\/revisions"}],"predecessor-version":[{"id":3081,"href":"https:\/\/www.naturparkmagazin.de\/dahme-heideseen\/wp-json\/wp\/v2\/posts\/3080\/revisions\/3081"}],"wp:attachment":[{"href":"https:\/\/www.naturparkmagazin.de\/dahme-heideseen\/wp-json\/wp\/v2\/media?parent=3080"}],"wp:term":[{"taxonomy":"category","embeddable":true,"href":"https:\/\/www.naturparkmagazin.de\/dahme-heideseen\/wp-json\/wp\/v2\/categories?post=3080"},{"taxonomy":"post_tag","embeddable":true,"href":"https:\/\/www.naturparkmagazin.de\/dahme-heideseen\/wp-json\/wp\/v2\/tags?post=3080"}],"curies":[{"name":"wp","href":"https:\/\/api.w.org\/{rel}","templated":true}]}}