{"id":3107,"date":"2019-06-17T07:41:30","date_gmt":"2019-06-17T05:41:30","guid":{"rendered":"https:\/\/www.naturparkmagazin.de\/dahme-heideseen\/?p=3107"},"modified":"2019-06-17T07:41:30","modified_gmt":"2019-06-17T05:41:30","slug":"world-ranger-day-mit-dem-rad-in-die-dubrow","status":"publish","type":"post","link":"https:\/\/www.naturparkmagazin.de\/dahme-heideseen\/world-ranger-day-mit-dem-rad-in-die-dubrow\/","title":{"rendered":"World-Ranger-Day: Mit dem Rad in die Dubrow"},"content":{"rendered":"<p>Haben Sie es gewusst: Am 31. Juli ist World-Ranger-Day!<\/p>\n<p>Ranger gibt es weltweit und seit fast schon 30 Jahren auch im Land Brandenburg. Alle verbindet die gemeinsame Aufgabe, Natursch\u00e4tze zu bewahren und sich f\u00fcr eine intakte Umwelt einzusetzen. Jedoch sind\u00a0die Anforderungen und Arbeitsbedingungen von Nation zu Nation sehr unterschiedlich. Wir wollen den Tag nutzen, um mit ihnen \u00fcber das Berufsbild des Rangers zu diskutieren.<\/p>\n<p>Treffpunkt ist am Naturschutzzentrum in Prieros. Hier geht es los mit einem Kurzfilm \u00fcber die Arbeit der Ranger weltweit.<\/p>\n<p>Dann startet eine etwa 16 km lange Radtour durch die Dubrow. Unterwegs stehen alte historische Ansichten den jetzigen Blickf\u00e4ngen in der stets ver\u00e4nderlichen Natur gegen\u00fcber. Allein das Erleben des alten Hute-Eichenwaldes lohnt sich!<\/p>\n<p>Die Spendeneinnahmen des Tages kommen in voller H\u00f6he der Internationalen Ranger Federation, IRF, zugute und werden der \u201eThin Green Line Foundation\u201c \u00fcbergeben.<\/p>\n","protected":false},"excerpt":{"rendered":"<p>Weltweit arbeiten Ranger unter unterschiedlichsten Arbeitsbedingungen &#8211; die Veranstaltung gibt viele M\u00f6glichkeiten, um mit unseren Rangern \u00fcber ihr Berufsbild zu diskutieren. <\/p>\n","protected":false},"author":83,"featured_media":3046,"comment_status":"open","ping_status":"open","sticky":false,"template":"","format":"standard","meta":[],"categories":[11],"tags":[],"yoast_head":"<!-- This site is optimized with the Yoast SEO plugin v19.10 - https:\/\/yoast.com\/wordpress\/plugins\/seo\/ -->\n<title>World-Ranger-Day: Mit dem Rad in die Dubrow - Naturpark Dahme-Heideseen<\/title>\n<meta name=\"robots\" content=\"index, follow, max-snippet:-1, max-image-preview:large, max-video-preview:-1\" \/>\n<link rel=\"canonical\" href=\"https:\/\/www.naturparkmagazin.de\/dahme-heideseen\/world-ranger-day-mit-dem-rad-in-die-dubrow\/\" \/>\n<meta property=\"og:locale\" content=\"de_DE\" \/>\n<meta property=\"og:type\" content=\"article\" \/>\n<meta property=\"og:title\" content=\"World-Ranger-Day: Mit dem Rad in die Dubrow - Naturpark Dahme-Heideseen\" \/>\n<meta property=\"og:description\" content=\"Weltweit arbeiten Ranger unter unterschiedlichsten Arbeitsbedingungen - die Veranstaltung gibt viele M\u00f6glichkeiten, um mit unseren Rangern \u00fcber ihr Berufsbild zu diskutieren.\" \/>\n<meta property=\"og:url\" content=\"https:\/\/www.naturparkmagazin.de\/dahme-heideseen\/world-ranger-day-mit-dem-rad-in-die-dubrow\/\" \/>\n<meta property=\"og:site_name\" content=\"Naturpark Dahme-Heideseen\" \/>\n<meta property=\"article:published_time\" content=\"2019-06-17T05:41:30+00:00\" \/>\n<meta property=\"og:image\" content=\"https:\/\/www.naturparkmagazin.de\/dahme-heideseen\/wp-content\/uploads\/sites\/37\/csm_Mit_dem_Ranger_unterwegs_1__Foto_Sebastian_Hennigs_72c2ad91dd.jpg\" \/>\n\t<meta property=\"og:image:width\" content=\"300\" \/>\n\t<meta property=\"og:image:height\" content=\"201\" \/>\n\t<meta property=\"og:image:type\" content=\"image\/jpeg\" \/>\n<meta name=\"author\" content=\"Astrid Osenbr\u00fcck\" \/>\n<meta name=\"twitter:label1\" content=\"Verfasst von\" \/>\n\t<meta name=\"twitter:data1\" content=\"Astrid Osenbr\u00fcck\" \/>\n\t<meta name=\"twitter:label2\" content=\"Gesch\u00e4tzte Lesezeit\" \/>\n\t<meta name=\"twitter:data2\" content=\"1\u00a0Minute\" \/>\n<script type=\"application\/ld+json\" class=\"yoast-schema-graph\">{\"@context\":\"https:\/\/schema.org\",\"@graph\":[{\"@type\":\"WebPage\",\"@id\":\"https:\/\/www.naturparkmagazin.de\/dahme-heideseen\/world-ranger-day-mit-dem-rad-in-die-dubrow\/\",\"url\":\"https:\/\/www.naturparkmagazin.de\/dahme-heideseen\/world-ranger-day-mit-dem-rad-in-die-dubrow\/\",\"name\":\"World-Ranger-Day: Mit dem Rad in die Dubrow - Naturpark Dahme-Heideseen\",\"isPartOf\":{\"@id\":\"https:\/\/www.naturparkmagazin.de\/dahme-heideseen\/#website\"},\"datePublished\":\"2019-06-17T05:41:30+00:00\",\"dateModified\":\"2019-06-17T05:41:30+00:00\",\"author\":{\"@id\":\"https:\/\/www.naturparkmagazin.de\/dahme-heideseen\/#\/schema\/person\/a0510aafafdf8183c95fc98faf0c9f21\"},\"breadcrumb\":{\"@id\":\"https:\/\/www.naturparkmagazin.de\/dahme-heideseen\/world-ranger-day-mit-dem-rad-in-die-dubrow\/#breadcrumb\"},\"inLanguage\":\"de\",\"potentialAction\":[{\"@type\":\"ReadAction\",\"target\":[\"https:\/\/www.naturparkmagazin.de\/dahme-heideseen\/world-ranger-day-mit-dem-rad-in-die-dubrow\/\"]}]},{\"@type\":\"BreadcrumbList\",\"@id\":\"https:\/\/www.naturparkmagazin.de\/dahme-heideseen\/world-ranger-day-mit-dem-rad-in-die-dubrow\/#breadcrumb\",\"itemListElement\":[{\"@type\":\"ListItem\",\"position\":1,\"name\":\"Home\",\"item\":\"https:\/\/www.naturparkmagazin.de\/dahme-heideseen\/\"},{\"@type\":\"ListItem\",\"position\":2,\"name\":\"World-Ranger-Day: Mit dem Rad in die Dubrow\"}]},{\"@type\":\"WebSite\",\"@id\":\"https:\/\/www.naturparkmagazin.de\/dahme-heideseen\/#website\",\"url\":\"https:\/\/www.naturparkmagazin.de\/dahme-heideseen\/\",\"name\":\"Naturpark Dahme-Heideseen\",\"description\":\"\",\"potentialAction\":[{\"@type\":\"SearchAction\",\"target\":{\"@type\":\"EntryPoint\",\"urlTemplate\":\"https:\/\/www.naturparkmagazin.de\/dahme-heideseen\/?s={search_term_string}\"},\"query-input\":\"required name=search_term_string\"}],\"inLanguage\":\"de\"},{\"@type\":\"Person\",\"@id\":\"https:\/\/www.naturparkmagazin.de\/dahme-heideseen\/#\/schema\/person\/a0510aafafdf8183c95fc98faf0c9f21\",\"name\":\"Astrid Osenbr\u00fcck\",\"sameAs\":[\"http:\/\/www.dahme-heideseen-naturpark.de\"],\"url\":\"https:\/\/www.naturparkmagazin.de\/dahme-heideseen\/author\/astridosenbrueck\/\"}]}<\/script>\n<!-- \/ Yoast SEO plugin. -->","yoast_head_json":{"title":"World-Ranger-Day: Mit dem Rad in die Dubrow - Naturpark Dahme-Heideseen","robots":{"index":"index","follow":"follow","max-snippet":"max-snippet:-1","max-image-preview":"max-image-preview:large","max-video-preview":"max-video-preview:-1"},"canonical":"https:\/\/www.naturparkmagazin.de\/dahme-heideseen\/world-ranger-day-mit-dem-rad-in-die-dubrow\/","og_locale":"de_DE","og_type":"article","og_title":"World-Ranger-Day: Mit dem Rad in die Dubrow - Naturpark Dahme-Heideseen","og_description":"Weltweit arbeiten Ranger unter unterschiedlichsten Arbeitsbedingungen - die Veranstaltung gibt viele M\u00f6glichkeiten, um mit unseren Rangern \u00fcber ihr Berufsbild zu diskutieren.","og_url":"https:\/\/www.naturparkmagazin.de\/dahme-heideseen\/world-ranger-day-mit-dem-rad-in-die-dubrow\/","og_site_name":"Naturpark Dahme-Heideseen","article_published_time":"2019-06-17T05:41:30+00:00","og_image":[{"width":300,"height":201,"url":"https:\/\/www.naturparkmagazin.de\/dahme-heideseen\/wp-content\/uploads\/sites\/37\/csm_Mit_dem_Ranger_unterwegs_1__Foto_Sebastian_Hennigs_72c2ad91dd.jpg","type":"image\/jpeg"}],"author":"Astrid Osenbr\u00fcck","twitter_misc":{"Verfasst von":"Astrid Osenbr\u00fcck","Gesch\u00e4tzte Lesezeit":"1\u00a0Minute"},"schema":{"@context":"https:\/\/schema.org","@graph":[{"@type":"WebPage","@id":"https:\/\/www.naturparkmagazin.de\/dahme-heideseen\/world-ranger-day-mit-dem-rad-in-die-dubrow\/","url":"https:\/\/www.naturparkmagazin.de\/dahme-heideseen\/world-ranger-day-mit-dem-rad-in-die-dubrow\/","name":"World-Ranger-Day: Mit dem Rad in die Dubrow - Naturpark Dahme-Heideseen","isPartOf":{"@id":"https:\/\/www.naturparkmagazin.de\/dahme-heideseen\/#website"},"datePublished":"2019-06-17T05:41:30+00:00","dateModified":"2019-06-17T05:41:30+00:00","author":{"@id":"https:\/\/www.naturparkmagazin.de\/dahme-heideseen\/#\/schema\/person\/a0510aafafdf8183c95fc98faf0c9f21"},"breadcrumb":{"@id":"https:\/\/www.naturparkmagazin.de\/dahme-heideseen\/world-ranger-day-mit-dem-rad-in-die-dubrow\/#breadcrumb"},"inLanguage":"de","potentialAction":[{"@type":"ReadAction","target":["https:\/\/www.naturparkmagazin.de\/dahme-heideseen\/world-ranger-day-mit-dem-rad-in-die-dubrow\/"]}]},{"@type":"BreadcrumbList","@id":"https:\/\/www.naturparkmagazin.de\/dahme-heideseen\/world-ranger-day-mit-dem-rad-in-die-dubrow\/#breadcrumb","itemListElement":[{"@type":"ListItem","position":1,"name":"Home","item":"https:\/\/www.naturparkmagazin.de\/dahme-heideseen\/"},{"@type":"ListItem","position":2,"name":"World-Ranger-Day: Mit dem Rad in die Dubrow"}]},{"@type":"WebSite","@id":"https:\/\/www.naturparkmagazin.de\/dahme-heideseen\/#website","url":"https:\/\/www.naturparkmagazin.de\/dahme-heideseen\/","name":"Naturpark Dahme-Heideseen","description":"","potentialAction":[{"@type":"SearchAction","target":{"@type":"EntryPoint","urlTemplate":"https:\/\/www.naturparkmagazin.de\/dahme-heideseen\/?s={search_term_string}"},"query-input":"required name=search_term_string"}],"inLanguage":"de"},{"@type":"Person","@id":"https:\/\/www.naturparkmagazin.de\/dahme-heideseen\/#\/schema\/person\/a0510aafafdf8183c95fc98faf0c9f21","name":"Astrid Osenbr\u00fcck","sameAs":["http:\/\/www.dahme-heideseen-naturpark.de"],"url":"https:\/\/www.naturparkmagazin.de\/dahme-heideseen\/author\/astridosenbrueck\/"}]}},"_links":{"self":[{"href":"https:\/\/www.naturparkmagazin.de\/dahme-heideseen\/wp-json\/wp\/v2\/posts\/3107"}],"collection":[{"href":"https:\/\/www.naturparkmagazin.de\/dahme-heideseen\/wp-json\/wp\/v2\/posts"}],"about":[{"href":"https:\/\/www.naturparkmagazin.de\/dahme-heideseen\/wp-json\/wp\/v2\/types\/post"}],"author":[{"embeddable":true,"href":"https:\/\/www.naturparkmagazin.de\/dahme-heideseen\/wp-json\/wp\/v2\/users\/83"}],"replies":[{"embeddable":true,"href":"https:\/\/www.naturparkmagazin.de\/dahme-heideseen\/wp-json\/wp\/v2\/comments?post=3107"}],"version-history":[{"count":1,"href":"https:\/\/www.naturparkmagazin.de\/dahme-heideseen\/wp-json\/wp\/v2\/posts\/3107\/revisions"}],"predecessor-version":[{"id":3108,"href":"https:\/\/www.naturparkmagazin.de\/dahme-heideseen\/wp-json\/wp\/v2\/posts\/3107\/revisions\/3108"}],"wp:featuredmedia":[{"embeddable":true,"href":"https:\/\/www.naturparkmagazin.de\/dahme-heideseen\/wp-json\/wp\/v2\/media\/3046"}],"wp:attachment":[{"href":"https:\/\/www.naturparkmagazin.de\/dahme-heideseen\/wp-json\/wp\/v2\/media?parent=3107"}],"wp:term":[{"taxonomy":"category","embeddable":true,"href":"https:\/\/www.naturparkmagazin.de\/dahme-heideseen\/wp-json\/wp\/v2\/categories?post=3107"},{"taxonomy":"post_tag","embeddable":true,"href":"https:\/\/www.naturparkmagazin.de\/dahme-heideseen\/wp-json\/wp\/v2\/tags?post=3107"}],"curies":[{"name":"wp","href":"https:\/\/api.w.org\/{rel}","templated":true}]}}