{"id":3144,"date":"2022-06-23T03:01:41","date_gmt":"2022-06-23T01:01:41","guid":{"rendered":"https:\/\/www.naturparkmagazin.de\/dahme-heideseen\/waldkino-hammer-die-vermessung-der-welt\/"},"modified":"2022-06-23T13:20:56","modified_gmt":"2022-06-23T11:20:56","slug":"waldkino-hammer-die-vermessung-der-welt","status":"publish","type":"post","link":"https:\/\/www.naturparkmagazin.de\/dahme-heideseen\/waldkino-hammer-die-vermessung-der-welt\/","title":{"rendered":"Waldkino in Hammer: Der wilde Wald"},"content":{"rendered":"<p>\u00d6ffentliche Filmvorf\u00fchrungen in der denkmalgesch\u00fctzten historischen Oberf\u00f6rsterei Hammer.<\/p>\n<p>Waldkino Hammer: Von Mai bis September finden monatliche Einzelvorf\u00fchrungen ausgew\u00e4hlter Filme statt. Alle Filme werden einen direkten oder indirekten Bezug zu Nachhaltigkeit, Wald und Umgang mit der Natur und ihren Ressourcen haben. Inhaltlich eingef\u00fchrt wird in die Filme durch den Mitinitiator und das Waldkino kuratierenden K\u00fcnstler, Wolfgang Georgsdorf, und den Leiter der Landeswaldoberf\u00f6rsterei Hammer, Tim Ness. Vor und nach den Filmvorf\u00fchrungen ist f\u00fcr Essen und Trinken auf dem Forsthof gesorgt. Am Lagerfeuer besteht dann die M\u00f6glichkeit zur Diskussion und zum Gedankenaustausch.<\/p>\n","protected":false},"excerpt":{"rendered":"<p>Kino \u00fcber den Wald \u2013 im Wald: Die F\u00f6rsterei l\u00e4dt am 27 ab 20 Uhr zur Kinovorstellung ein. Der Eintritt ist frei.<\/p>\n","protected":false},"author":83,"featured_media":3145,"comment_status":"open","ping_status":"open","sticky":false,"template":"","format":"standard","meta":[],"categories":[11],"tags":[],"yoast_head":"<!-- This site is optimized with the Yoast SEO plugin v19.10 - https:\/\/yoast.com\/wordpress\/plugins\/seo\/ -->\n<title>Waldkino in Hammer: Der wilde Wald - Naturpark Dahme-Heideseen<\/title>\n<meta name=\"robots\" content=\"index, follow, max-snippet:-1, max-image-preview:large, max-video-preview:-1\" \/>\n<link rel=\"canonical\" href=\"https:\/\/www.naturparkmagazin.de\/dahme-heideseen\/waldkino-hammer-die-vermessung-der-welt\/\" \/>\n<meta property=\"og:locale\" content=\"de_DE\" \/>\n<meta property=\"og:type\" content=\"article\" \/>\n<meta property=\"og:title\" content=\"Waldkino in Hammer: Der wilde Wald - Naturpark Dahme-Heideseen\" \/>\n<meta property=\"og:description\" content=\"Kino \u00fcber den Wald \u2013 im Wald: Die F\u00f6rsterei l\u00e4dt am 27 ab 20 Uhr zur Kinovorstellung ein. Der Eintritt ist frei.\" \/>\n<meta property=\"og:url\" content=\"https:\/\/www.naturparkmagazin.de\/dahme-heideseen\/waldkino-hammer-die-vermessung-der-welt\/\" \/>\n<meta property=\"og:site_name\" content=\"Naturpark Dahme-Heideseen\" \/>\n<meta property=\"article:published_time\" content=\"2022-06-23T01:01:41+00:00\" \/>\n<meta property=\"article:modified_time\" content=\"2022-06-23T11:20:56+00:00\" \/>\n<meta property=\"og:image\" content=\"https:\/\/www.naturparkmagazin.de\/dahme-heideseen\/wp-content\/uploads\/sites\/37\/Waldhaus_Hammer.jpg\" \/>\n\t<meta property=\"og:image:width\" content=\"1024\" \/>\n\t<meta property=\"og:image:height\" content=\"728\" \/>\n\t<meta property=\"og:image:type\" content=\"image\/jpeg\" \/>\n<meta name=\"author\" content=\"Astrid Osenbr\u00fcck\" \/>\n<meta name=\"twitter:label1\" content=\"Verfasst von\" \/>\n\t<meta name=\"twitter:data1\" content=\"Astrid Osenbr\u00fcck\" \/>\n\t<meta name=\"twitter:label2\" content=\"Gesch\u00e4tzte Lesezeit\" \/>\n\t<meta name=\"twitter:data2\" content=\"1\u00a0Minute\" \/>\n<script type=\"application\/ld+json\" class=\"yoast-schema-graph\">{\"@context\":\"https:\/\/schema.org\",\"@graph\":[{\"@type\":\"WebPage\",\"@id\":\"https:\/\/www.naturparkmagazin.de\/dahme-heideseen\/waldkino-hammer-die-vermessung-der-welt\/\",\"url\":\"https:\/\/www.naturparkmagazin.de\/dahme-heideseen\/waldkino-hammer-die-vermessung-der-welt\/\",\"name\":\"Waldkino in Hammer: Der wilde Wald - Naturpark Dahme-Heideseen\",\"isPartOf\":{\"@id\":\"https:\/\/www.naturparkmagazin.de\/dahme-heideseen\/#website\"},\"datePublished\":\"2022-06-23T01:01:41+00:00\",\"dateModified\":\"2022-06-23T11:20:56+00:00\",\"author\":{\"@id\":\"https:\/\/www.naturparkmagazin.de\/dahme-heideseen\/#\/schema\/person\/a0510aafafdf8183c95fc98faf0c9f21\"},\"breadcrumb\":{\"@id\":\"https:\/\/www.naturparkmagazin.de\/dahme-heideseen\/waldkino-hammer-die-vermessung-der-welt\/#breadcrumb\"},\"inLanguage\":\"de\",\"potentialAction\":[{\"@type\":\"ReadAction\",\"target\":[\"https:\/\/www.naturparkmagazin.de\/dahme-heideseen\/waldkino-hammer-die-vermessung-der-welt\/\"]}]},{\"@type\":\"BreadcrumbList\",\"@id\":\"https:\/\/www.naturparkmagazin.de\/dahme-heideseen\/waldkino-hammer-die-vermessung-der-welt\/#breadcrumb\",\"itemListElement\":[{\"@type\":\"ListItem\",\"position\":1,\"name\":\"Home\",\"item\":\"https:\/\/www.naturparkmagazin.de\/dahme-heideseen\/\"},{\"@type\":\"ListItem\",\"position\":2,\"name\":\"Waldkino in Hammer: Der wilde Wald\"}]},{\"@type\":\"WebSite\",\"@id\":\"https:\/\/www.naturparkmagazin.de\/dahme-heideseen\/#website\",\"url\":\"https:\/\/www.naturparkmagazin.de\/dahme-heideseen\/\",\"name\":\"Naturpark Dahme-Heideseen\",\"description\":\"\",\"potentialAction\":[{\"@type\":\"SearchAction\",\"target\":{\"@type\":\"EntryPoint\",\"urlTemplate\":\"https:\/\/www.naturparkmagazin.de\/dahme-heideseen\/?s={search_term_string}\"},\"query-input\":\"required name=search_term_string\"}],\"inLanguage\":\"de\"},{\"@type\":\"Person\",\"@id\":\"https:\/\/www.naturparkmagazin.de\/dahme-heideseen\/#\/schema\/person\/a0510aafafdf8183c95fc98faf0c9f21\",\"name\":\"Astrid Osenbr\u00fcck\",\"sameAs\":[\"http:\/\/www.dahme-heideseen-naturpark.de\"],\"url\":\"https:\/\/www.naturparkmagazin.de\/dahme-heideseen\/author\/astridosenbrueck\/\"}]}<\/script>\n<!-- \/ Yoast SEO plugin. -->","yoast_head_json":{"title":"Waldkino in Hammer: Der wilde Wald - Naturpark Dahme-Heideseen","robots":{"index":"index","follow":"follow","max-snippet":"max-snippet:-1","max-image-preview":"max-image-preview:large","max-video-preview":"max-video-preview:-1"},"canonical":"https:\/\/www.naturparkmagazin.de\/dahme-heideseen\/waldkino-hammer-die-vermessung-der-welt\/","og_locale":"de_DE","og_type":"article","og_title":"Waldkino in Hammer: Der wilde Wald - Naturpark Dahme-Heideseen","og_description":"Kino \u00fcber den Wald \u2013 im Wald: Die F\u00f6rsterei l\u00e4dt am 27 ab 20 Uhr zur Kinovorstellung ein. Der Eintritt ist frei.","og_url":"https:\/\/www.naturparkmagazin.de\/dahme-heideseen\/waldkino-hammer-die-vermessung-der-welt\/","og_site_name":"Naturpark Dahme-Heideseen","article_published_time":"2022-06-23T01:01:41+00:00","article_modified_time":"2022-06-23T11:20:56+00:00","og_image":[{"width":1024,"height":728,"url":"https:\/\/www.naturparkmagazin.de\/dahme-heideseen\/wp-content\/uploads\/sites\/37\/Waldhaus_Hammer.jpg","type":"image\/jpeg"}],"author":"Astrid Osenbr\u00fcck","twitter_misc":{"Verfasst von":"Astrid Osenbr\u00fcck","Gesch\u00e4tzte Lesezeit":"1\u00a0Minute"},"schema":{"@context":"https:\/\/schema.org","@graph":[{"@type":"WebPage","@id":"https:\/\/www.naturparkmagazin.de\/dahme-heideseen\/waldkino-hammer-die-vermessung-der-welt\/","url":"https:\/\/www.naturparkmagazin.de\/dahme-heideseen\/waldkino-hammer-die-vermessung-der-welt\/","name":"Waldkino in Hammer: Der wilde Wald - Naturpark Dahme-Heideseen","isPartOf":{"@id":"https:\/\/www.naturparkmagazin.de\/dahme-heideseen\/#website"},"datePublished":"2022-06-23T01:01:41+00:00","dateModified":"2022-06-23T11:20:56+00:00","author":{"@id":"https:\/\/www.naturparkmagazin.de\/dahme-heideseen\/#\/schema\/person\/a0510aafafdf8183c95fc98faf0c9f21"},"breadcrumb":{"@id":"https:\/\/www.naturparkmagazin.de\/dahme-heideseen\/waldkino-hammer-die-vermessung-der-welt\/#breadcrumb"},"inLanguage":"de","potentialAction":[{"@type":"ReadAction","target":["https:\/\/www.naturparkmagazin.de\/dahme-heideseen\/waldkino-hammer-die-vermessung-der-welt\/"]}]},{"@type":"BreadcrumbList","@id":"https:\/\/www.naturparkmagazin.de\/dahme-heideseen\/waldkino-hammer-die-vermessung-der-welt\/#breadcrumb","itemListElement":[{"@type":"ListItem","position":1,"name":"Home","item":"https:\/\/www.naturparkmagazin.de\/dahme-heideseen\/"},{"@type":"ListItem","position":2,"name":"Waldkino in Hammer: Der wilde Wald"}]},{"@type":"WebSite","@id":"https:\/\/www.naturparkmagazin.de\/dahme-heideseen\/#website","url":"https:\/\/www.naturparkmagazin.de\/dahme-heideseen\/","name":"Naturpark Dahme-Heideseen","description":"","potentialAction":[{"@type":"SearchAction","target":{"@type":"EntryPoint","urlTemplate":"https:\/\/www.naturparkmagazin.de\/dahme-heideseen\/?s={search_term_string}"},"query-input":"required name=search_term_string"}],"inLanguage":"de"},{"@type":"Person","@id":"https:\/\/www.naturparkmagazin.de\/dahme-heideseen\/#\/schema\/person\/a0510aafafdf8183c95fc98faf0c9f21","name":"Astrid Osenbr\u00fcck","sameAs":["http:\/\/www.dahme-heideseen-naturpark.de"],"url":"https:\/\/www.naturparkmagazin.de\/dahme-heideseen\/author\/astridosenbrueck\/"}]}},"_links":{"self":[{"href":"https:\/\/www.naturparkmagazin.de\/dahme-heideseen\/wp-json\/wp\/v2\/posts\/3144"}],"collection":[{"href":"https:\/\/www.naturparkmagazin.de\/dahme-heideseen\/wp-json\/wp\/v2\/posts"}],"about":[{"href":"https:\/\/www.naturparkmagazin.de\/dahme-heideseen\/wp-json\/wp\/v2\/types\/post"}],"author":[{"embeddable":true,"href":"https:\/\/www.naturparkmagazin.de\/dahme-heideseen\/wp-json\/wp\/v2\/users\/83"}],"replies":[{"embeddable":true,"href":"https:\/\/www.naturparkmagazin.de\/dahme-heideseen\/wp-json\/wp\/v2\/comments?post=3144"}],"version-history":[{"count":3,"href":"https:\/\/www.naturparkmagazin.de\/dahme-heideseen\/wp-json\/wp\/v2\/posts\/3144\/revisions"}],"predecessor-version":[{"id":4408,"href":"https:\/\/www.naturparkmagazin.de\/dahme-heideseen\/wp-json\/wp\/v2\/posts\/3144\/revisions\/4408"}],"wp:featuredmedia":[{"embeddable":true,"href":"https:\/\/www.naturparkmagazin.de\/dahme-heideseen\/wp-json\/wp\/v2\/media\/3145"}],"wp:attachment":[{"href":"https:\/\/www.naturparkmagazin.de\/dahme-heideseen\/wp-json\/wp\/v2\/media?parent=3144"}],"wp:term":[{"taxonomy":"category","embeddable":true,"href":"https:\/\/www.naturparkmagazin.de\/dahme-heideseen\/wp-json\/wp\/v2\/categories?post=3144"},{"taxonomy":"post_tag","embeddable":true,"href":"https:\/\/www.naturparkmagazin.de\/dahme-heideseen\/wp-json\/wp\/v2\/tags?post=3144"}],"curies":[{"name":"wp","href":"https:\/\/api.w.org\/{rel}","templated":true}]}}