{"id":3182,"date":"2019-09-20T09:47:03","date_gmt":"2019-09-20T07:47:03","guid":{"rendered":"https:\/\/www.naturparkmagazin.de\/dahme-heideseen\/?p=3182"},"modified":"2019-09-20T09:47:03","modified_gmt":"2019-09-20T07:47:03","slug":"unser-naturpark-ist-ausgezeichnet","status":"publish","type":"post","link":"https:\/\/www.naturparkmagazin.de\/dahme-heideseen\/unser-naturpark-ist-ausgezeichnet\/","title":{"rendered":"Unser Naturpark ist ausgezeichnet!"},"content":{"rendered":"<p>Am 19. September hielt Gunnar Heyne, Leiter des Naturparks Dahme-Heideseen,\u00a0endlich die Auszeichnung als Qualit\u00e4ts-Naturpark in den H\u00e4nden. Friedel Heuwinkel, Pr\u00e4sident des Verbandes Deutscher Naturparke (VDN) \u00fcberreichte ihm die Auszeichnung auf dem Deutschen Naturpark-Tag 2019 in Murrhardt-Fornsbach im Naturpark Schw\u00e4bisch-Fr\u00e4nkischer Wald. Weitere acht Naturparke konnten sich dieses Jahr \u00fcber\u00a0die Auszeichnung freuen.<\/p>\n<p>Vorangegangen war eine ausgiebige\u00a0Qualit\u00e4tskontrolle in den letzten Monaten:\u00a0Zun\u00e4chst\u00a0mussten die Naturpark-Mitarbeiter einen umfangreichen Fragebogen beantworten. \u00dcber 100 Fragen bezogen sich auf die Handlungsfelder \u201eManagement und Organisation\u201c, \u201eNaturschutz und Landschaftspflege\u201c, \u201eErholung und nachhaltiger Tourismus\u201c, \u201eBildung und Kommunikation\u201c sowie \u201eNachhaltige Regionalentwicklung\u201c. Im Anschluss \u00fcberpr\u00fcfte ein Qualit\u00e4ts-Scout\u00a0die gemachten\u00a0Angaben bei einem\u00a0mehrt\u00e4gigen\u00a0Besuch im Naturpark.<\/p>\n<p>Die Arbeit hat sich gelohnt &#8211; nun zeugt die erneute Auszeichnung von der geleisteten Qualit\u00e4t im Naturpark. Diese Qualit\u00e4t speist sich vor allem durch zahlreiche Kooperationen, eine gute Vernetzung in der Region und viele Partner und Freunde des Naturparks. Ihnen allen geb\u00fchrt an dieser Stelle ein gro\u00dfes Dankesch\u00f6n!<\/p>\n<p>Der Naturpark hatte sich bereits vor f\u00fcnf Jahren zum ersten Mal als Qualit\u00e4ts-Naturpark bewiesen. Nach der\u00a0Re-Zertifizierung\u00a0darf er die Bezeichnung nun f\u00fcr weitere f\u00fcnf Jahre tragen. Wir hoffen, in dieser Zeit die Qualit\u00e4t im Naturpark Dahme-Heideseen &#8211; gerne gemeinsam mit Ihnen &#8211;\u00a0noch\u00a0weiter auszubauen.<\/p>\n","protected":false},"excerpt":{"rendered":"<p>Der Verband Deutscher Naturparke hat den Naturpark Dahme-Heideseen erneut als Qualit\u00e4ts-Naturpark ausgezeichnet.<\/p>\n","protected":false},"author":83,"featured_media":3184,"comment_status":"open","ping_status":"open","sticky":false,"template":"","format":"standard","meta":[],"categories":[7],"tags":[],"yoast_head":"<!-- This site is optimized with the Yoast SEO plugin v19.10 - https:\/\/yoast.com\/wordpress\/plugins\/seo\/ -->\n<title>Unser Naturpark ist ausgezeichnet! - Naturpark Dahme-Heideseen<\/title>\n<meta name=\"robots\" content=\"index, follow, max-snippet:-1, max-image-preview:large, max-video-preview:-1\" \/>\n<link rel=\"canonical\" href=\"https:\/\/www.naturparkmagazin.de\/dahme-heideseen\/unser-naturpark-ist-ausgezeichnet\/\" \/>\n<meta property=\"og:locale\" content=\"de_DE\" \/>\n<meta property=\"og:type\" content=\"article\" \/>\n<meta property=\"og:title\" content=\"Unser Naturpark ist ausgezeichnet! - Naturpark Dahme-Heideseen\" \/>\n<meta property=\"og:description\" content=\"Der Verband Deutscher Naturparke hat den Naturpark Dahme-Heideseen erneut als Qualit\u00e4ts-Naturpark ausgezeichnet.\" \/>\n<meta property=\"og:url\" content=\"https:\/\/www.naturparkmagazin.de\/dahme-heideseen\/unser-naturpark-ist-ausgezeichnet\/\" \/>\n<meta property=\"og:site_name\" content=\"Naturpark Dahme-Heideseen\" \/>\n<meta property=\"article:published_time\" content=\"2019-09-20T07:47:03+00:00\" \/>\n<meta property=\"og:image\" content=\"https:\/\/www.naturparkmagazin.de\/dahme-heideseen\/wp-content\/uploads\/sites\/37\/2019-09-19_Auszeichnung_VDN_Qualitaetsnaturparke_2019-min.jpg\" \/>\n\t<meta property=\"og:image:width\" content=\"4128\" \/>\n\t<meta property=\"og:image:height\" content=\"3096\" \/>\n\t<meta property=\"og:image:type\" content=\"image\/jpeg\" \/>\n<meta name=\"author\" content=\"Astrid Osenbr\u00fcck\" \/>\n<meta name=\"twitter:label1\" content=\"Verfasst von\" \/>\n\t<meta name=\"twitter:data1\" content=\"Astrid Osenbr\u00fcck\" \/>\n\t<meta name=\"twitter:label2\" content=\"Gesch\u00e4tzte Lesezeit\" \/>\n\t<meta name=\"twitter:data2\" content=\"1\u00a0Minute\" \/>\n<script type=\"application\/ld+json\" class=\"yoast-schema-graph\">{\"@context\":\"https:\/\/schema.org\",\"@graph\":[{\"@type\":\"WebPage\",\"@id\":\"https:\/\/www.naturparkmagazin.de\/dahme-heideseen\/unser-naturpark-ist-ausgezeichnet\/\",\"url\":\"https:\/\/www.naturparkmagazin.de\/dahme-heideseen\/unser-naturpark-ist-ausgezeichnet\/\",\"name\":\"Unser Naturpark ist ausgezeichnet! - Naturpark Dahme-Heideseen\",\"isPartOf\":{\"@id\":\"https:\/\/www.naturparkmagazin.de\/dahme-heideseen\/#website\"},\"datePublished\":\"2019-09-20T07:47:03+00:00\",\"dateModified\":\"2019-09-20T07:47:03+00:00\",\"author\":{\"@id\":\"https:\/\/www.naturparkmagazin.de\/dahme-heideseen\/#\/schema\/person\/a0510aafafdf8183c95fc98faf0c9f21\"},\"breadcrumb\":{\"@id\":\"https:\/\/www.naturparkmagazin.de\/dahme-heideseen\/unser-naturpark-ist-ausgezeichnet\/#breadcrumb\"},\"inLanguage\":\"de\",\"potentialAction\":[{\"@type\":\"ReadAction\",\"target\":[\"https:\/\/www.naturparkmagazin.de\/dahme-heideseen\/unser-naturpark-ist-ausgezeichnet\/\"]}]},{\"@type\":\"BreadcrumbList\",\"@id\":\"https:\/\/www.naturparkmagazin.de\/dahme-heideseen\/unser-naturpark-ist-ausgezeichnet\/#breadcrumb\",\"itemListElement\":[{\"@type\":\"ListItem\",\"position\":1,\"name\":\"Home\",\"item\":\"https:\/\/www.naturparkmagazin.de\/dahme-heideseen\/\"},{\"@type\":\"ListItem\",\"position\":2,\"name\":\"Unser Naturpark ist ausgezeichnet!\"}]},{\"@type\":\"WebSite\",\"@id\":\"https:\/\/www.naturparkmagazin.de\/dahme-heideseen\/#website\",\"url\":\"https:\/\/www.naturparkmagazin.de\/dahme-heideseen\/\",\"name\":\"Naturpark Dahme-Heideseen\",\"description\":\"\",\"potentialAction\":[{\"@type\":\"SearchAction\",\"target\":{\"@type\":\"EntryPoint\",\"urlTemplate\":\"https:\/\/www.naturparkmagazin.de\/dahme-heideseen\/?s={search_term_string}\"},\"query-input\":\"required name=search_term_string\"}],\"inLanguage\":\"de\"},{\"@type\":\"Person\",\"@id\":\"https:\/\/www.naturparkmagazin.de\/dahme-heideseen\/#\/schema\/person\/a0510aafafdf8183c95fc98faf0c9f21\",\"name\":\"Astrid Osenbr\u00fcck\",\"sameAs\":[\"http:\/\/www.dahme-heideseen-naturpark.de\"],\"url\":\"https:\/\/www.naturparkmagazin.de\/dahme-heideseen\/author\/astridosenbrueck\/\"}]}<\/script>\n<!-- \/ Yoast SEO plugin. -->","yoast_head_json":{"title":"Unser Naturpark ist ausgezeichnet! - Naturpark Dahme-Heideseen","robots":{"index":"index","follow":"follow","max-snippet":"max-snippet:-1","max-image-preview":"max-image-preview:large","max-video-preview":"max-video-preview:-1"},"canonical":"https:\/\/www.naturparkmagazin.de\/dahme-heideseen\/unser-naturpark-ist-ausgezeichnet\/","og_locale":"de_DE","og_type":"article","og_title":"Unser Naturpark ist ausgezeichnet! - Naturpark Dahme-Heideseen","og_description":"Der Verband Deutscher Naturparke hat den Naturpark Dahme-Heideseen erneut als Qualit\u00e4ts-Naturpark ausgezeichnet.","og_url":"https:\/\/www.naturparkmagazin.de\/dahme-heideseen\/unser-naturpark-ist-ausgezeichnet\/","og_site_name":"Naturpark Dahme-Heideseen","article_published_time":"2019-09-20T07:47:03+00:00","og_image":[{"width":4128,"height":3096,"url":"https:\/\/www.naturparkmagazin.de\/dahme-heideseen\/wp-content\/uploads\/sites\/37\/2019-09-19_Auszeichnung_VDN_Qualitaetsnaturparke_2019-min.jpg","type":"image\/jpeg"}],"author":"Astrid Osenbr\u00fcck","twitter_misc":{"Verfasst von":"Astrid Osenbr\u00fcck","Gesch\u00e4tzte Lesezeit":"1\u00a0Minute"},"schema":{"@context":"https:\/\/schema.org","@graph":[{"@type":"WebPage","@id":"https:\/\/www.naturparkmagazin.de\/dahme-heideseen\/unser-naturpark-ist-ausgezeichnet\/","url":"https:\/\/www.naturparkmagazin.de\/dahme-heideseen\/unser-naturpark-ist-ausgezeichnet\/","name":"Unser Naturpark ist ausgezeichnet! - Naturpark Dahme-Heideseen","isPartOf":{"@id":"https:\/\/www.naturparkmagazin.de\/dahme-heideseen\/#website"},"datePublished":"2019-09-20T07:47:03+00:00","dateModified":"2019-09-20T07:47:03+00:00","author":{"@id":"https:\/\/www.naturparkmagazin.de\/dahme-heideseen\/#\/schema\/person\/a0510aafafdf8183c95fc98faf0c9f21"},"breadcrumb":{"@id":"https:\/\/www.naturparkmagazin.de\/dahme-heideseen\/unser-naturpark-ist-ausgezeichnet\/#breadcrumb"},"inLanguage":"de","potentialAction":[{"@type":"ReadAction","target":["https:\/\/www.naturparkmagazin.de\/dahme-heideseen\/unser-naturpark-ist-ausgezeichnet\/"]}]},{"@type":"BreadcrumbList","@id":"https:\/\/www.naturparkmagazin.de\/dahme-heideseen\/unser-naturpark-ist-ausgezeichnet\/#breadcrumb","itemListElement":[{"@type":"ListItem","position":1,"name":"Home","item":"https:\/\/www.naturparkmagazin.de\/dahme-heideseen\/"},{"@type":"ListItem","position":2,"name":"Unser Naturpark ist ausgezeichnet!"}]},{"@type":"WebSite","@id":"https:\/\/www.naturparkmagazin.de\/dahme-heideseen\/#website","url":"https:\/\/www.naturparkmagazin.de\/dahme-heideseen\/","name":"Naturpark Dahme-Heideseen","description":"","potentialAction":[{"@type":"SearchAction","target":{"@type":"EntryPoint","urlTemplate":"https:\/\/www.naturparkmagazin.de\/dahme-heideseen\/?s={search_term_string}"},"query-input":"required name=search_term_string"}],"inLanguage":"de"},{"@type":"Person","@id":"https:\/\/www.naturparkmagazin.de\/dahme-heideseen\/#\/schema\/person\/a0510aafafdf8183c95fc98faf0c9f21","name":"Astrid Osenbr\u00fcck","sameAs":["http:\/\/www.dahme-heideseen-naturpark.de"],"url":"https:\/\/www.naturparkmagazin.de\/dahme-heideseen\/author\/astridosenbrueck\/"}]}},"_links":{"self":[{"href":"https:\/\/www.naturparkmagazin.de\/dahme-heideseen\/wp-json\/wp\/v2\/posts\/3182"}],"collection":[{"href":"https:\/\/www.naturparkmagazin.de\/dahme-heideseen\/wp-json\/wp\/v2\/posts"}],"about":[{"href":"https:\/\/www.naturparkmagazin.de\/dahme-heideseen\/wp-json\/wp\/v2\/types\/post"}],"author":[{"embeddable":true,"href":"https:\/\/www.naturparkmagazin.de\/dahme-heideseen\/wp-json\/wp\/v2\/users\/83"}],"replies":[{"embeddable":true,"href":"https:\/\/www.naturparkmagazin.de\/dahme-heideseen\/wp-json\/wp\/v2\/comments?post=3182"}],"version-history":[{"count":2,"href":"https:\/\/www.naturparkmagazin.de\/dahme-heideseen\/wp-json\/wp\/v2\/posts\/3182\/revisions"}],"predecessor-version":[{"id":3185,"href":"https:\/\/www.naturparkmagazin.de\/dahme-heideseen\/wp-json\/wp\/v2\/posts\/3182\/revisions\/3185"}],"wp:featuredmedia":[{"embeddable":true,"href":"https:\/\/www.naturparkmagazin.de\/dahme-heideseen\/wp-json\/wp\/v2\/media\/3184"}],"wp:attachment":[{"href":"https:\/\/www.naturparkmagazin.de\/dahme-heideseen\/wp-json\/wp\/v2\/media?parent=3182"}],"wp:term":[{"taxonomy":"category","embeddable":true,"href":"https:\/\/www.naturparkmagazin.de\/dahme-heideseen\/wp-json\/wp\/v2\/categories?post=3182"},{"taxonomy":"post_tag","embeddable":true,"href":"https:\/\/www.naturparkmagazin.de\/dahme-heideseen\/wp-json\/wp\/v2\/tags?post=3182"}],"curies":[{"name":"wp","href":"https:\/\/api.w.org\/{rel}","templated":true}]}}