{"id":3188,"date":"2019-09-30T14:13:45","date_gmt":"2019-09-30T12:13:45","guid":{"rendered":"https:\/\/www.naturparkmagazin.de\/dahme-heideseen\/?p=3188"},"modified":"2019-10-08T08:21:00","modified_gmt":"2019-10-08T06:21:00","slug":"ausstellung-veteranen-mit-rinde","status":"publish","type":"post","link":"https:\/\/www.naturparkmagazin.de\/dahme-heideseen\/ausstellung-veteranen-mit-rinde\/","title":{"rendered":"Ausstellung &#8222;Veteranen mit Rinde&#8220;"},"content":{"rendered":"<p>Die Dorflinde ist nicht selten der Mittelpunkt einer Siedlung, Handlungsort und Geschichtenerz\u00e4hler. B\u00e4ume sind aber auch der Lebensraum vieler Tiere und Pflanzen. Sie sch\u00fctzen vor der hei\u00dfen Mittagssonne oder Platzregen und nachts erheben sie sich zu gespenstischen Schatten.<\/p>\n<p>Die K\u00fcnstlerin Inka Lumer lebt in der waldreichen Gemeinde Heidesee. Sie gibt inzwischen ihren vierten Kalender mit einheimischen B\u00e4umen heraus. \u201eJeder Baum ist einzigartig. Aber gerade die etwas Krummen, Knorrigen, die etwas zu erz\u00e4hlen haben, sprechen die Menschen besonders an. Ich war unterwegs in Parks, in kleinen D\u00f6rfern, auf abgelegenen Wegen und Friedh\u00f6fen und habe wundersch\u00f6ne B\u00e4ume entdeckt: viele ganz versteckt, manche direkt an der Stra\u00dfe. Die vielen Hinweise von Einheimischen zeigen, das jeder Mensch einen Baum hat, der ihm besonders ans Herz gewachsen ist.&#8220;<\/p>\n<p>Die Kalendermotive stammen diesmal aus: Kienbaum, Motzen, Alt Stahnsdorf, Altlandsberg, Klein Eichholz, Behlendorf, Storkow, Blossin, Kolberg, Birkholz, Spreenhagen und Fredersdorf.<\/p>\n<p>Die Originalzeichnungen sind in einer Ausstellung zu sehen.<\/p>\n<p>Die Ausstellung ist bis Ende Februar 2020 jeden Sonntag von 10-12 Uhr ge\u00f6ffnet.<\/p>\n<p>Der Kalender wird in einer limitierten Auflage von 500 St\u00fcck gedruckt. Erh\u00e4ltlich sind diese auch in der Naturpark-Verwaltung in Prieros, Arnold-Breithor-Str. 8.<\/p>\n","protected":false},"excerpt":{"rendered":"<p>B\u00e4ume umgeben uns \u00fcberall. Besonders die alten Exemplare schaffen Atmosph\u00e4re an einem Platz, haben eine Aura. Die K\u00fcnstlerin Inka Lumer zeigt bis Ende Februar 2020 jeden So. von 10-12 Uhr im Gemeindehaus Kolberg ihre Ausstellung \u00fcber die Veteranen mit Rinde.<\/p>\n","protected":false},"author":83,"featured_media":3189,"comment_status":"open","ping_status":"open","sticky":false,"template":"","format":"standard","meta":[],"categories":[7],"tags":[],"yoast_head":"<!-- This site is optimized with the Yoast SEO plugin v19.10 - https:\/\/yoast.com\/wordpress\/plugins\/seo\/ -->\n<title>Ausstellung &quot;Veteranen mit Rinde&quot; - Naturpark Dahme-Heideseen<\/title>\n<meta name=\"robots\" content=\"index, follow, max-snippet:-1, max-image-preview:large, max-video-preview:-1\" \/>\n<link rel=\"canonical\" href=\"https:\/\/www.naturparkmagazin.de\/dahme-heideseen\/ausstellung-veteranen-mit-rinde\/\" \/>\n<meta property=\"og:locale\" content=\"de_DE\" \/>\n<meta property=\"og:type\" content=\"article\" \/>\n<meta property=\"og:title\" content=\"Ausstellung &quot;Veteranen mit Rinde&quot; - Naturpark Dahme-Heideseen\" \/>\n<meta property=\"og:description\" content=\"B\u00e4ume umgeben uns \u00fcberall. Besonders die alten Exemplare schaffen Atmosph\u00e4re an einem Platz, haben eine Aura. Die K\u00fcnstlerin Inka Lumer zeigt bis Ende Februar 2020 jeden So. von 10-12 Uhr im Gemeindehaus Kolberg ihre Ausstellung \u00fcber die Veteranen mit Rinde.\" \/>\n<meta property=\"og:url\" content=\"https:\/\/www.naturparkmagazin.de\/dahme-heideseen\/ausstellung-veteranen-mit-rinde\/\" \/>\n<meta property=\"og:site_name\" content=\"Naturpark Dahme-Heideseen\" \/>\n<meta property=\"article:published_time\" content=\"2019-09-30T12:13:45+00:00\" \/>\n<meta property=\"article:modified_time\" content=\"2019-10-08T06:21:00+00:00\" \/>\n<meta property=\"og:image\" content=\"https:\/\/www.naturparkmagazin.de\/dahme-heideseen\/wp-content\/uploads\/sites\/37\/web_Behlendorf.jpg\" \/>\n\t<meta property=\"og:image:width\" content=\"425\" \/>\n\t<meta property=\"og:image:height\" content=\"604\" \/>\n\t<meta property=\"og:image:type\" content=\"image\/jpeg\" \/>\n<meta name=\"author\" content=\"Astrid Osenbr\u00fcck\" \/>\n<meta name=\"twitter:label1\" content=\"Verfasst von\" \/>\n\t<meta name=\"twitter:data1\" content=\"Astrid Osenbr\u00fcck\" \/>\n\t<meta name=\"twitter:label2\" content=\"Gesch\u00e4tzte Lesezeit\" \/>\n\t<meta name=\"twitter:data2\" content=\"1\u00a0Minute\" \/>\n<script type=\"application\/ld+json\" class=\"yoast-schema-graph\">{\"@context\":\"https:\/\/schema.org\",\"@graph\":[{\"@type\":\"WebPage\",\"@id\":\"https:\/\/www.naturparkmagazin.de\/dahme-heideseen\/ausstellung-veteranen-mit-rinde\/\",\"url\":\"https:\/\/www.naturparkmagazin.de\/dahme-heideseen\/ausstellung-veteranen-mit-rinde\/\",\"name\":\"Ausstellung \\\"Veteranen mit Rinde\\\" - Naturpark Dahme-Heideseen\",\"isPartOf\":{\"@id\":\"https:\/\/www.naturparkmagazin.de\/dahme-heideseen\/#website\"},\"datePublished\":\"2019-09-30T12:13:45+00:00\",\"dateModified\":\"2019-10-08T06:21:00+00:00\",\"author\":{\"@id\":\"https:\/\/www.naturparkmagazin.de\/dahme-heideseen\/#\/schema\/person\/a0510aafafdf8183c95fc98faf0c9f21\"},\"breadcrumb\":{\"@id\":\"https:\/\/www.naturparkmagazin.de\/dahme-heideseen\/ausstellung-veteranen-mit-rinde\/#breadcrumb\"},\"inLanguage\":\"de\",\"potentialAction\":[{\"@type\":\"ReadAction\",\"target\":[\"https:\/\/www.naturparkmagazin.de\/dahme-heideseen\/ausstellung-veteranen-mit-rinde\/\"]}]},{\"@type\":\"BreadcrumbList\",\"@id\":\"https:\/\/www.naturparkmagazin.de\/dahme-heideseen\/ausstellung-veteranen-mit-rinde\/#breadcrumb\",\"itemListElement\":[{\"@type\":\"ListItem\",\"position\":1,\"name\":\"Home\",\"item\":\"https:\/\/www.naturparkmagazin.de\/dahme-heideseen\/\"},{\"@type\":\"ListItem\",\"position\":2,\"name\":\"Ausstellung &#8222;Veteranen mit Rinde&#8220;\"}]},{\"@type\":\"WebSite\",\"@id\":\"https:\/\/www.naturparkmagazin.de\/dahme-heideseen\/#website\",\"url\":\"https:\/\/www.naturparkmagazin.de\/dahme-heideseen\/\",\"name\":\"Naturpark Dahme-Heideseen\",\"description\":\"\",\"potentialAction\":[{\"@type\":\"SearchAction\",\"target\":{\"@type\":\"EntryPoint\",\"urlTemplate\":\"https:\/\/www.naturparkmagazin.de\/dahme-heideseen\/?s={search_term_string}\"},\"query-input\":\"required name=search_term_string\"}],\"inLanguage\":\"de\"},{\"@type\":\"Person\",\"@id\":\"https:\/\/www.naturparkmagazin.de\/dahme-heideseen\/#\/schema\/person\/a0510aafafdf8183c95fc98faf0c9f21\",\"name\":\"Astrid Osenbr\u00fcck\",\"sameAs\":[\"http:\/\/www.dahme-heideseen-naturpark.de\"],\"url\":\"https:\/\/www.naturparkmagazin.de\/dahme-heideseen\/author\/astridosenbrueck\/\"}]}<\/script>\n<!-- \/ Yoast SEO plugin. -->","yoast_head_json":{"title":"Ausstellung \"Veteranen mit Rinde\" - Naturpark Dahme-Heideseen","robots":{"index":"index","follow":"follow","max-snippet":"max-snippet:-1","max-image-preview":"max-image-preview:large","max-video-preview":"max-video-preview:-1"},"canonical":"https:\/\/www.naturparkmagazin.de\/dahme-heideseen\/ausstellung-veteranen-mit-rinde\/","og_locale":"de_DE","og_type":"article","og_title":"Ausstellung \"Veteranen mit Rinde\" - Naturpark Dahme-Heideseen","og_description":"B\u00e4ume umgeben uns \u00fcberall. Besonders die alten Exemplare schaffen Atmosph\u00e4re an einem Platz, haben eine Aura. Die K\u00fcnstlerin Inka Lumer zeigt bis Ende Februar 2020 jeden So. von 10-12 Uhr im Gemeindehaus Kolberg ihre Ausstellung \u00fcber die Veteranen mit Rinde.","og_url":"https:\/\/www.naturparkmagazin.de\/dahme-heideseen\/ausstellung-veteranen-mit-rinde\/","og_site_name":"Naturpark Dahme-Heideseen","article_published_time":"2019-09-30T12:13:45+00:00","article_modified_time":"2019-10-08T06:21:00+00:00","og_image":[{"width":425,"height":604,"url":"https:\/\/www.naturparkmagazin.de\/dahme-heideseen\/wp-content\/uploads\/sites\/37\/web_Behlendorf.jpg","type":"image\/jpeg"}],"author":"Astrid Osenbr\u00fcck","twitter_misc":{"Verfasst von":"Astrid Osenbr\u00fcck","Gesch\u00e4tzte Lesezeit":"1\u00a0Minute"},"schema":{"@context":"https:\/\/schema.org","@graph":[{"@type":"WebPage","@id":"https:\/\/www.naturparkmagazin.de\/dahme-heideseen\/ausstellung-veteranen-mit-rinde\/","url":"https:\/\/www.naturparkmagazin.de\/dahme-heideseen\/ausstellung-veteranen-mit-rinde\/","name":"Ausstellung \"Veteranen mit Rinde\" - Naturpark Dahme-Heideseen","isPartOf":{"@id":"https:\/\/www.naturparkmagazin.de\/dahme-heideseen\/#website"},"datePublished":"2019-09-30T12:13:45+00:00","dateModified":"2019-10-08T06:21:00+00:00","author":{"@id":"https:\/\/www.naturparkmagazin.de\/dahme-heideseen\/#\/schema\/person\/a0510aafafdf8183c95fc98faf0c9f21"},"breadcrumb":{"@id":"https:\/\/www.naturparkmagazin.de\/dahme-heideseen\/ausstellung-veteranen-mit-rinde\/#breadcrumb"},"inLanguage":"de","potentialAction":[{"@type":"ReadAction","target":["https:\/\/www.naturparkmagazin.de\/dahme-heideseen\/ausstellung-veteranen-mit-rinde\/"]}]},{"@type":"BreadcrumbList","@id":"https:\/\/www.naturparkmagazin.de\/dahme-heideseen\/ausstellung-veteranen-mit-rinde\/#breadcrumb","itemListElement":[{"@type":"ListItem","position":1,"name":"Home","item":"https:\/\/www.naturparkmagazin.de\/dahme-heideseen\/"},{"@type":"ListItem","position":2,"name":"Ausstellung &#8222;Veteranen mit Rinde&#8220;"}]},{"@type":"WebSite","@id":"https:\/\/www.naturparkmagazin.de\/dahme-heideseen\/#website","url":"https:\/\/www.naturparkmagazin.de\/dahme-heideseen\/","name":"Naturpark Dahme-Heideseen","description":"","potentialAction":[{"@type":"SearchAction","target":{"@type":"EntryPoint","urlTemplate":"https:\/\/www.naturparkmagazin.de\/dahme-heideseen\/?s={search_term_string}"},"query-input":"required name=search_term_string"}],"inLanguage":"de"},{"@type":"Person","@id":"https:\/\/www.naturparkmagazin.de\/dahme-heideseen\/#\/schema\/person\/a0510aafafdf8183c95fc98faf0c9f21","name":"Astrid Osenbr\u00fcck","sameAs":["http:\/\/www.dahme-heideseen-naturpark.de"],"url":"https:\/\/www.naturparkmagazin.de\/dahme-heideseen\/author\/astridosenbrueck\/"}]}},"_links":{"self":[{"href":"https:\/\/www.naturparkmagazin.de\/dahme-heideseen\/wp-json\/wp\/v2\/posts\/3188"}],"collection":[{"href":"https:\/\/www.naturparkmagazin.de\/dahme-heideseen\/wp-json\/wp\/v2\/posts"}],"about":[{"href":"https:\/\/www.naturparkmagazin.de\/dahme-heideseen\/wp-json\/wp\/v2\/types\/post"}],"author":[{"embeddable":true,"href":"https:\/\/www.naturparkmagazin.de\/dahme-heideseen\/wp-json\/wp\/v2\/users\/83"}],"replies":[{"embeddable":true,"href":"https:\/\/www.naturparkmagazin.de\/dahme-heideseen\/wp-json\/wp\/v2\/comments?post=3188"}],"version-history":[{"count":4,"href":"https:\/\/www.naturparkmagazin.de\/dahme-heideseen\/wp-json\/wp\/v2\/posts\/3188\/revisions"}],"predecessor-version":[{"id":3196,"href":"https:\/\/www.naturparkmagazin.de\/dahme-heideseen\/wp-json\/wp\/v2\/posts\/3188\/revisions\/3196"}],"wp:featuredmedia":[{"embeddable":true,"href":"https:\/\/www.naturparkmagazin.de\/dahme-heideseen\/wp-json\/wp\/v2\/media\/3189"}],"wp:attachment":[{"href":"https:\/\/www.naturparkmagazin.de\/dahme-heideseen\/wp-json\/wp\/v2\/media?parent=3188"}],"wp:term":[{"taxonomy":"category","embeddable":true,"href":"https:\/\/www.naturparkmagazin.de\/dahme-heideseen\/wp-json\/wp\/v2\/categories?post=3188"},{"taxonomy":"post_tag","embeddable":true,"href":"https:\/\/www.naturparkmagazin.de\/dahme-heideseen\/wp-json\/wp\/v2\/tags?post=3188"}],"curies":[{"name":"wp","href":"https:\/\/api.w.org\/{rel}","templated":true}]}}