{"id":3197,"date":"2019-10-08T12:10:58","date_gmt":"2019-10-08T10:10:58","guid":{"rendered":"https:\/\/www.naturparkmagazin.de\/dahme-heideseen\/?p=3197"},"modified":"2019-10-08T12:10:58","modified_gmt":"2019-10-08T10:10:58","slug":"13-11-naturkosmetik-von-kopf-bis-fuss","status":"publish","type":"post","link":"https:\/\/www.naturparkmagazin.de\/dahme-heideseen\/13-11-naturkosmetik-von-kopf-bis-fuss\/","title":{"rendered":"13.11.: Naturkosmetik von Kopf bis Fu\u00df"},"content":{"rendered":"<p>Die Kr\u00e4uterp\u00e4dagogin Ute Bernhardt zeigt, wie man aus Kr\u00e4utern und Lebensmitteln Kosmetikprodukte f\u00fcr den ganzen K\u00f6rper herstellt. Alles was sie ben\u00f6tigen, finden sie in ihrer Vorratskammer, Apfel, M\u00f6hre, Natron, Haferflocken und vieles mehr. Anregung f\u00fcr die kleinen Weihnachtsgeschenke \u2013 einfach nat\u00fcrlich!<\/p>\n<p>Die Veranstaltung findet im Rahmen der Veranstaltungsreihe Du und Dein Garten im Naturpark statt.<\/p>\n<p>Aufgrund begrenzter Kapazit\u00e4ten bitten wir um Voranmeldung &#8211; telefonisch unter 033678\/73-108 oder per E-Mail an <a href=\"mailto:besucherzentrum@storkow.de\">besucherzentrum@storkow.de<\/a> .<\/p>\n<p>&nbsp;<\/p>\n","protected":false},"excerpt":{"rendered":"<p>Kosmetikprodukte aus Kr\u00e4utern und Lebensmitteln selbst herstellen. Ute Bernhardt vom Kr\u00e4uter- und Naturhof leitet das Seminar.<\/p>\n","protected":false},"author":83,"featured_media":3154,"comment_status":"open","ping_status":"open","sticky":false,"template":"","format":"standard","meta":[],"categories":[11],"tags":[],"yoast_head":"<!-- This site is optimized with the Yoast SEO plugin v19.10 - https:\/\/yoast.com\/wordpress\/plugins\/seo\/ -->\n<title>13.11.: Naturkosmetik von Kopf bis Fu\u00df - Naturpark Dahme-Heideseen<\/title>\n<meta name=\"robots\" content=\"index, follow, max-snippet:-1, max-image-preview:large, max-video-preview:-1\" \/>\n<link rel=\"canonical\" href=\"https:\/\/www.naturparkmagazin.de\/dahme-heideseen\/13-11-naturkosmetik-von-kopf-bis-fuss\/\" \/>\n<meta property=\"og:locale\" content=\"de_DE\" \/>\n<meta property=\"og:type\" content=\"article\" \/>\n<meta property=\"og:title\" content=\"13.11.: Naturkosmetik von Kopf bis Fu\u00df - Naturpark Dahme-Heideseen\" \/>\n<meta property=\"og:description\" content=\"Kosmetikprodukte aus Kr\u00e4utern und Lebensmitteln selbst herstellen. Ute Bernhardt vom Kr\u00e4uter- und Naturhof leitet das Seminar.\" \/>\n<meta property=\"og:url\" content=\"https:\/\/www.naturparkmagazin.de\/dahme-heideseen\/13-11-naturkosmetik-von-kopf-bis-fuss\/\" \/>\n<meta property=\"og:site_name\" content=\"Naturpark Dahme-Heideseen\" \/>\n<meta property=\"article:published_time\" content=\"2019-10-08T10:10:58+00:00\" \/>\n<meta property=\"og:image\" content=\"https:\/\/www.naturparkmagazin.de\/dahme-heideseen\/wp-content\/uploads\/sites\/37\/Heilkr__utersalben_-_Ute_Bernhardt-940x705.jpg\" \/>\n\t<meta property=\"og:image:width\" content=\"940\" \/>\n\t<meta property=\"og:image:height\" content=\"705\" \/>\n\t<meta property=\"og:image:type\" content=\"image\/jpeg\" \/>\n<meta name=\"author\" content=\"Astrid Osenbr\u00fcck\" \/>\n<meta name=\"twitter:label1\" content=\"Verfasst von\" \/>\n\t<meta name=\"twitter:data1\" content=\"Astrid Osenbr\u00fcck\" \/>\n<script type=\"application\/ld+json\" class=\"yoast-schema-graph\">{\"@context\":\"https:\/\/schema.org\",\"@graph\":[{\"@type\":\"WebPage\",\"@id\":\"https:\/\/www.naturparkmagazin.de\/dahme-heideseen\/13-11-naturkosmetik-von-kopf-bis-fuss\/\",\"url\":\"https:\/\/www.naturparkmagazin.de\/dahme-heideseen\/13-11-naturkosmetik-von-kopf-bis-fuss\/\",\"name\":\"13.11.: Naturkosmetik von Kopf bis Fu\u00df - Naturpark Dahme-Heideseen\",\"isPartOf\":{\"@id\":\"https:\/\/www.naturparkmagazin.de\/dahme-heideseen\/#website\"},\"datePublished\":\"2019-10-08T10:10:58+00:00\",\"dateModified\":\"2019-10-08T10:10:58+00:00\",\"author\":{\"@id\":\"https:\/\/www.naturparkmagazin.de\/dahme-heideseen\/#\/schema\/person\/a0510aafafdf8183c95fc98faf0c9f21\"},\"breadcrumb\":{\"@id\":\"https:\/\/www.naturparkmagazin.de\/dahme-heideseen\/13-11-naturkosmetik-von-kopf-bis-fuss\/#breadcrumb\"},\"inLanguage\":\"de\",\"potentialAction\":[{\"@type\":\"ReadAction\",\"target\":[\"https:\/\/www.naturparkmagazin.de\/dahme-heideseen\/13-11-naturkosmetik-von-kopf-bis-fuss\/\"]}]},{\"@type\":\"BreadcrumbList\",\"@id\":\"https:\/\/www.naturparkmagazin.de\/dahme-heideseen\/13-11-naturkosmetik-von-kopf-bis-fuss\/#breadcrumb\",\"itemListElement\":[{\"@type\":\"ListItem\",\"position\":1,\"name\":\"Home\",\"item\":\"https:\/\/www.naturparkmagazin.de\/dahme-heideseen\/\"},{\"@type\":\"ListItem\",\"position\":2,\"name\":\"13.11.: Naturkosmetik von Kopf bis Fu\u00df\"}]},{\"@type\":\"WebSite\",\"@id\":\"https:\/\/www.naturparkmagazin.de\/dahme-heideseen\/#website\",\"url\":\"https:\/\/www.naturparkmagazin.de\/dahme-heideseen\/\",\"name\":\"Naturpark Dahme-Heideseen\",\"description\":\"\",\"potentialAction\":[{\"@type\":\"SearchAction\",\"target\":{\"@type\":\"EntryPoint\",\"urlTemplate\":\"https:\/\/www.naturparkmagazin.de\/dahme-heideseen\/?s={search_term_string}\"},\"query-input\":\"required name=search_term_string\"}],\"inLanguage\":\"de\"},{\"@type\":\"Person\",\"@id\":\"https:\/\/www.naturparkmagazin.de\/dahme-heideseen\/#\/schema\/person\/a0510aafafdf8183c95fc98faf0c9f21\",\"name\":\"Astrid Osenbr\u00fcck\",\"sameAs\":[\"http:\/\/www.dahme-heideseen-naturpark.de\"],\"url\":\"https:\/\/www.naturparkmagazin.de\/dahme-heideseen\/author\/astridosenbrueck\/\"}]}<\/script>\n<!-- \/ Yoast SEO plugin. -->","yoast_head_json":{"title":"13.11.: Naturkosmetik von Kopf bis Fu\u00df - Naturpark Dahme-Heideseen","robots":{"index":"index","follow":"follow","max-snippet":"max-snippet:-1","max-image-preview":"max-image-preview:large","max-video-preview":"max-video-preview:-1"},"canonical":"https:\/\/www.naturparkmagazin.de\/dahme-heideseen\/13-11-naturkosmetik-von-kopf-bis-fuss\/","og_locale":"de_DE","og_type":"article","og_title":"13.11.: Naturkosmetik von Kopf bis Fu\u00df - Naturpark Dahme-Heideseen","og_description":"Kosmetikprodukte aus Kr\u00e4utern und Lebensmitteln selbst herstellen. Ute Bernhardt vom Kr\u00e4uter- und Naturhof leitet das Seminar.","og_url":"https:\/\/www.naturparkmagazin.de\/dahme-heideseen\/13-11-naturkosmetik-von-kopf-bis-fuss\/","og_site_name":"Naturpark Dahme-Heideseen","article_published_time":"2019-10-08T10:10:58+00:00","og_image":[{"width":940,"height":705,"url":"https:\/\/www.naturparkmagazin.de\/dahme-heideseen\/wp-content\/uploads\/sites\/37\/Heilkr__utersalben_-_Ute_Bernhardt-940x705.jpg","type":"image\/jpeg"}],"author":"Astrid Osenbr\u00fcck","twitter_misc":{"Verfasst von":"Astrid Osenbr\u00fcck"},"schema":{"@context":"https:\/\/schema.org","@graph":[{"@type":"WebPage","@id":"https:\/\/www.naturparkmagazin.de\/dahme-heideseen\/13-11-naturkosmetik-von-kopf-bis-fuss\/","url":"https:\/\/www.naturparkmagazin.de\/dahme-heideseen\/13-11-naturkosmetik-von-kopf-bis-fuss\/","name":"13.11.: Naturkosmetik von Kopf bis Fu\u00df - Naturpark Dahme-Heideseen","isPartOf":{"@id":"https:\/\/www.naturparkmagazin.de\/dahme-heideseen\/#website"},"datePublished":"2019-10-08T10:10:58+00:00","dateModified":"2019-10-08T10:10:58+00:00","author":{"@id":"https:\/\/www.naturparkmagazin.de\/dahme-heideseen\/#\/schema\/person\/a0510aafafdf8183c95fc98faf0c9f21"},"breadcrumb":{"@id":"https:\/\/www.naturparkmagazin.de\/dahme-heideseen\/13-11-naturkosmetik-von-kopf-bis-fuss\/#breadcrumb"},"inLanguage":"de","potentialAction":[{"@type":"ReadAction","target":["https:\/\/www.naturparkmagazin.de\/dahme-heideseen\/13-11-naturkosmetik-von-kopf-bis-fuss\/"]}]},{"@type":"BreadcrumbList","@id":"https:\/\/www.naturparkmagazin.de\/dahme-heideseen\/13-11-naturkosmetik-von-kopf-bis-fuss\/#breadcrumb","itemListElement":[{"@type":"ListItem","position":1,"name":"Home","item":"https:\/\/www.naturparkmagazin.de\/dahme-heideseen\/"},{"@type":"ListItem","position":2,"name":"13.11.: Naturkosmetik von Kopf bis Fu\u00df"}]},{"@type":"WebSite","@id":"https:\/\/www.naturparkmagazin.de\/dahme-heideseen\/#website","url":"https:\/\/www.naturparkmagazin.de\/dahme-heideseen\/","name":"Naturpark Dahme-Heideseen","description":"","potentialAction":[{"@type":"SearchAction","target":{"@type":"EntryPoint","urlTemplate":"https:\/\/www.naturparkmagazin.de\/dahme-heideseen\/?s={search_term_string}"},"query-input":"required name=search_term_string"}],"inLanguage":"de"},{"@type":"Person","@id":"https:\/\/www.naturparkmagazin.de\/dahme-heideseen\/#\/schema\/person\/a0510aafafdf8183c95fc98faf0c9f21","name":"Astrid Osenbr\u00fcck","sameAs":["http:\/\/www.dahme-heideseen-naturpark.de"],"url":"https:\/\/www.naturparkmagazin.de\/dahme-heideseen\/author\/astridosenbrueck\/"}]}},"_links":{"self":[{"href":"https:\/\/www.naturparkmagazin.de\/dahme-heideseen\/wp-json\/wp\/v2\/posts\/3197"}],"collection":[{"href":"https:\/\/www.naturparkmagazin.de\/dahme-heideseen\/wp-json\/wp\/v2\/posts"}],"about":[{"href":"https:\/\/www.naturparkmagazin.de\/dahme-heideseen\/wp-json\/wp\/v2\/types\/post"}],"author":[{"embeddable":true,"href":"https:\/\/www.naturparkmagazin.de\/dahme-heideseen\/wp-json\/wp\/v2\/users\/83"}],"replies":[{"embeddable":true,"href":"https:\/\/www.naturparkmagazin.de\/dahme-heideseen\/wp-json\/wp\/v2\/comments?post=3197"}],"version-history":[{"count":1,"href":"https:\/\/www.naturparkmagazin.de\/dahme-heideseen\/wp-json\/wp\/v2\/posts\/3197\/revisions"}],"predecessor-version":[{"id":3198,"href":"https:\/\/www.naturparkmagazin.de\/dahme-heideseen\/wp-json\/wp\/v2\/posts\/3197\/revisions\/3198"}],"wp:featuredmedia":[{"embeddable":true,"href":"https:\/\/www.naturparkmagazin.de\/dahme-heideseen\/wp-json\/wp\/v2\/media\/3154"}],"wp:attachment":[{"href":"https:\/\/www.naturparkmagazin.de\/dahme-heideseen\/wp-json\/wp\/v2\/media?parent=3197"}],"wp:term":[{"taxonomy":"category","embeddable":true,"href":"https:\/\/www.naturparkmagazin.de\/dahme-heideseen\/wp-json\/wp\/v2\/categories?post=3197"},{"taxonomy":"post_tag","embeddable":true,"href":"https:\/\/www.naturparkmagazin.de\/dahme-heideseen\/wp-json\/wp\/v2\/tags?post=3197"}],"curies":[{"name":"wp","href":"https:\/\/api.w.org\/{rel}","templated":true}]}}