{"id":3206,"date":"2019-10-28T13:50:46","date_gmt":"2019-10-28T12:50:46","guid":{"rendered":"https:\/\/www.naturparkmagazin.de\/dahme-heideseen\/?p=3206"},"modified":"2019-11-26T11:01:21","modified_gmt":"2019-11-26T10:01:21","slug":"auf-den-spuren-von-fuchs-wildschwein-und-co-naturpark-entdeckertage-2019","status":"publish","type":"post","link":"https:\/\/www.naturparkmagazin.de\/dahme-heideseen\/auf-den-spuren-von-fuchs-wildschwein-und-co-naturpark-entdeckertage-2019\/","title":{"rendered":"Auf den Spuren von Fuchs, Wildschwein und Co. \u2013 Naturpark-Entdeckertage 2019"},"content":{"rendered":"<p>Am 24. Oktober durften sich die Sch\u00fclerInnen der 3. und 4. Klasse der Naturpark-Schule in Halbe \u00fcber eine ganz besondere Veranstaltung freuen: Gemeinsam mit dem ausgebildeten F\u00e4hrtenleser Frank Jermis durften sie sich in Schuln\u00e4he auf Spurensuche begeben.<\/p>\n<p>Bereits zwei Tage zuvor hatten Sch\u00fclerInnen der Ganztagsgruppe &#8222;Natur erleben&#8220; sogenannte Spurenfallen vorbereitet. Mit Erdnussbutter und N\u00fcssen sollten Tiere angelockt werden, die ihre F\u00e4hrten auf dem vorbereiteten Boden hinterlassen w\u00fcrden. Gespannt warteten die Kinder darauf, die Fallen zu \u00fcberpr\u00fcfen.<\/p>\n<p>Zuvor jedoch bereitete Frank Jermis die Sch\u00fclerInnen im Klassenraum auf m\u00f6gliche Spuren vor und stellte zahlreiche bei uns vorkommende Wildtiere mitsamt ihrer Spuren vor. \u00dcber das bereits vorhandene Wissen konnte er nur staunen: So erkannten die Sch\u00fclerInnen beider Klassen auf Anhieb Baum- und Steinmarder und konnten sogar ihre Unterschiede aufzeigen. Den Erwachsenen, die Jermis regelm\u00e4\u00dfig im Spurenlesen schult, gelingt dies so gut wie nie.<\/p>\n<p>In den beliebten Naturpark-Entdeckerwesten ging es dann endlich ab nach drau\u00dfen und aufs Feld. Die Spurenfallen waren zun\u00e4chst &#8211; trotz schmackhafter Erdnussbutter &#8211;\u00a0 noch nicht von Tieren angenommen worden. Bei der ersten Veranstaltung mit der 4. Klasse konnte hier keine einzige Tierspur gefunden werden. Doch auch so verwandelten sich die Sch\u00fclerInnen in findige Spurenleser, die mit Lupen bewaffnet das Feld absuchten und Abdr\u00fccke von Rehen, Wildschweinen und weiteren wildlebenden Tieren entdeckten.\u00a0 In der darauffolgenden Veranstaltung mit der 3. Klasse dann die \u00dcberraschung &#8211; endlich hatten einige Tiere die Leckereien entdeckt und ihre Vogel-Fu\u00df-Abdr\u00fccke im Boden hinterlassen.<\/p>\n<p>Frank Jermis hatte auch viel Anschauungsmaterial &#8211; Fl\u00fcgel eines Rotmilans, Geweihe, Vogelnester,&#8230; &#8211;\u00a0 dabei, welches von den Kindern ausgiebig begutachtet und angefasst werden durften.<\/p>\n<p>Abschlie\u00dfend fertigten die Sch\u00fclerInnen Gipsabdr\u00fccke einer Wolfsspur an. Dies war gar nicht so einfach. Das Naturpark-Team hofft dennoch, dass die Abdr\u00fccke erfolgreich gelungen sind!<\/p>\n<p>Erm\u00f6glicht wurde die Veranstaltung durch eine Kooperation des Verbands Deutscher Naturparke mit CosmosDirekt. Das Unternehmen unterst\u00fctzt als neuer Partner des Verbands \u00fcber 40 \u201eNaturpark-Entdeckertage\u201c, die Naturparke in Kooperation mit Schulen oder Kitas in den Herbst- und Winterwochen durchf\u00fchren. Ziel ist, Kindern den Zugang zur Natur zu erm\u00f6glichen und Informationen erlebnisorientiert zu vermitteln.<\/p>\n","protected":false},"excerpt":{"rendered":"<p>Sch\u00fclerInnen der Klassen 3 und 4 der Naturpark-Schule in Halbe begaben sich gemeinsam mit einem ausgebildeten F\u00e4rtenleser auf Spurensuche. Erm\u00f6glicht wurde das Projekt durch eine Kooperation des VDN mit CosmosDirekt.<\/p>\n","protected":false},"author":83,"featured_media":3209,"comment_status":"open","ping_status":"open","sticky":false,"template":"","format":"standard","meta":[],"categories":[7],"tags":[],"yoast_head":"<!-- This site is optimized with the Yoast SEO plugin v19.10 - https:\/\/yoast.com\/wordpress\/plugins\/seo\/ -->\n<title>Auf den Spuren von Fuchs, Wildschwein und Co. \u2013 Naturpark-Entdeckertage 2019 - Naturpark Dahme-Heideseen<\/title>\n<meta name=\"robots\" content=\"index, follow, max-snippet:-1, max-image-preview:large, max-video-preview:-1\" \/>\n<link rel=\"canonical\" href=\"https:\/\/www.naturparkmagazin.de\/dahme-heideseen\/auf-den-spuren-von-fuchs-wildschwein-und-co-naturpark-entdeckertage-2019\/\" \/>\n<meta property=\"og:locale\" content=\"de_DE\" \/>\n<meta property=\"og:type\" content=\"article\" \/>\n<meta property=\"og:title\" content=\"Auf den Spuren von Fuchs, Wildschwein und Co. \u2013 Naturpark-Entdeckertage 2019 - Naturpark Dahme-Heideseen\" \/>\n<meta property=\"og:description\" content=\"Sch\u00fclerInnen der Klassen 3 und 4 der Naturpark-Schule in Halbe begaben sich gemeinsam mit einem ausgebildeten F\u00e4rtenleser auf Spurensuche. Erm\u00f6glicht wurde das Projekt durch eine Kooperation des VDN mit CosmosDirekt.\" \/>\n<meta property=\"og:url\" content=\"https:\/\/www.naturparkmagazin.de\/dahme-heideseen\/auf-den-spuren-von-fuchs-wildschwein-und-co-naturpark-entdeckertage-2019\/\" \/>\n<meta property=\"og:site_name\" content=\"Naturpark Dahme-Heideseen\" \/>\n<meta property=\"article:published_time\" content=\"2019-10-28T12:50:46+00:00\" \/>\n<meta property=\"article:modified_time\" content=\"2019-11-26T10:01:21+00:00\" \/>\n<meta property=\"og:image\" content=\"https:\/\/www.naturparkmagazin.de\/dahme-heideseen\/wp-content\/uploads\/sites\/37\/4.-Klasse-F\u00e4hrtenlesen3-min.jpg\" \/>\n\t<meta property=\"og:image:width\" content=\"3872\" \/>\n\t<meta property=\"og:image:height\" content=\"2592\" \/>\n\t<meta property=\"og:image:type\" content=\"image\/jpeg\" \/>\n<meta name=\"author\" content=\"Astrid Osenbr\u00fcck\" \/>\n<meta name=\"twitter:label1\" content=\"Verfasst von\" \/>\n\t<meta name=\"twitter:data1\" content=\"Astrid Osenbr\u00fcck\" \/>\n\t<meta name=\"twitter:label2\" content=\"Gesch\u00e4tzte Lesezeit\" \/>\n\t<meta name=\"twitter:data2\" content=\"2\u00a0Minuten\" \/>\n<script type=\"application\/ld+json\" class=\"yoast-schema-graph\">{\"@context\":\"https:\/\/schema.org\",\"@graph\":[{\"@type\":\"WebPage\",\"@id\":\"https:\/\/www.naturparkmagazin.de\/dahme-heideseen\/auf-den-spuren-von-fuchs-wildschwein-und-co-naturpark-entdeckertage-2019\/\",\"url\":\"https:\/\/www.naturparkmagazin.de\/dahme-heideseen\/auf-den-spuren-von-fuchs-wildschwein-und-co-naturpark-entdeckertage-2019\/\",\"name\":\"Auf den Spuren von Fuchs, Wildschwein und Co. \u2013 Naturpark-Entdeckertage 2019 - Naturpark Dahme-Heideseen\",\"isPartOf\":{\"@id\":\"https:\/\/www.naturparkmagazin.de\/dahme-heideseen\/#website\"},\"datePublished\":\"2019-10-28T12:50:46+00:00\",\"dateModified\":\"2019-11-26T10:01:21+00:00\",\"author\":{\"@id\":\"https:\/\/www.naturparkmagazin.de\/dahme-heideseen\/#\/schema\/person\/a0510aafafdf8183c95fc98faf0c9f21\"},\"breadcrumb\":{\"@id\":\"https:\/\/www.naturparkmagazin.de\/dahme-heideseen\/auf-den-spuren-von-fuchs-wildschwein-und-co-naturpark-entdeckertage-2019\/#breadcrumb\"},\"inLanguage\":\"de\",\"potentialAction\":[{\"@type\":\"ReadAction\",\"target\":[\"https:\/\/www.naturparkmagazin.de\/dahme-heideseen\/auf-den-spuren-von-fuchs-wildschwein-und-co-naturpark-entdeckertage-2019\/\"]}]},{\"@type\":\"BreadcrumbList\",\"@id\":\"https:\/\/www.naturparkmagazin.de\/dahme-heideseen\/auf-den-spuren-von-fuchs-wildschwein-und-co-naturpark-entdeckertage-2019\/#breadcrumb\",\"itemListElement\":[{\"@type\":\"ListItem\",\"position\":1,\"name\":\"Home\",\"item\":\"https:\/\/www.naturparkmagazin.de\/dahme-heideseen\/\"},{\"@type\":\"ListItem\",\"position\":2,\"name\":\"Auf den Spuren von Fuchs, Wildschwein und Co. \u2013 Naturpark-Entdeckertage 2019\"}]},{\"@type\":\"WebSite\",\"@id\":\"https:\/\/www.naturparkmagazin.de\/dahme-heideseen\/#website\",\"url\":\"https:\/\/www.naturparkmagazin.de\/dahme-heideseen\/\",\"name\":\"Naturpark Dahme-Heideseen\",\"description\":\"\",\"potentialAction\":[{\"@type\":\"SearchAction\",\"target\":{\"@type\":\"EntryPoint\",\"urlTemplate\":\"https:\/\/www.naturparkmagazin.de\/dahme-heideseen\/?s={search_term_string}\"},\"query-input\":\"required name=search_term_string\"}],\"inLanguage\":\"de\"},{\"@type\":\"Person\",\"@id\":\"https:\/\/www.naturparkmagazin.de\/dahme-heideseen\/#\/schema\/person\/a0510aafafdf8183c95fc98faf0c9f21\",\"name\":\"Astrid Osenbr\u00fcck\",\"sameAs\":[\"http:\/\/www.dahme-heideseen-naturpark.de\"],\"url\":\"https:\/\/www.naturparkmagazin.de\/dahme-heideseen\/author\/astridosenbrueck\/\"}]}<\/script>\n<!-- \/ Yoast SEO plugin. -->","yoast_head_json":{"title":"Auf den Spuren von Fuchs, Wildschwein und Co. \u2013 Naturpark-Entdeckertage 2019 - Naturpark Dahme-Heideseen","robots":{"index":"index","follow":"follow","max-snippet":"max-snippet:-1","max-image-preview":"max-image-preview:large","max-video-preview":"max-video-preview:-1"},"canonical":"https:\/\/www.naturparkmagazin.de\/dahme-heideseen\/auf-den-spuren-von-fuchs-wildschwein-und-co-naturpark-entdeckertage-2019\/","og_locale":"de_DE","og_type":"article","og_title":"Auf den Spuren von Fuchs, Wildschwein und Co. \u2013 Naturpark-Entdeckertage 2019 - Naturpark Dahme-Heideseen","og_description":"Sch\u00fclerInnen der Klassen 3 und 4 der Naturpark-Schule in Halbe begaben sich gemeinsam mit einem ausgebildeten F\u00e4rtenleser auf Spurensuche. Erm\u00f6glicht wurde das Projekt durch eine Kooperation des VDN mit CosmosDirekt.","og_url":"https:\/\/www.naturparkmagazin.de\/dahme-heideseen\/auf-den-spuren-von-fuchs-wildschwein-und-co-naturpark-entdeckertage-2019\/","og_site_name":"Naturpark Dahme-Heideseen","article_published_time":"2019-10-28T12:50:46+00:00","article_modified_time":"2019-11-26T10:01:21+00:00","og_image":[{"width":3872,"height":2592,"url":"https:\/\/www.naturparkmagazin.de\/dahme-heideseen\/wp-content\/uploads\/sites\/37\/4.-Klasse-F\u00e4hrtenlesen3-min.jpg","type":"image\/jpeg"}],"author":"Astrid Osenbr\u00fcck","twitter_misc":{"Verfasst von":"Astrid Osenbr\u00fcck","Gesch\u00e4tzte Lesezeit":"2\u00a0Minuten"},"schema":{"@context":"https:\/\/schema.org","@graph":[{"@type":"WebPage","@id":"https:\/\/www.naturparkmagazin.de\/dahme-heideseen\/auf-den-spuren-von-fuchs-wildschwein-und-co-naturpark-entdeckertage-2019\/","url":"https:\/\/www.naturparkmagazin.de\/dahme-heideseen\/auf-den-spuren-von-fuchs-wildschwein-und-co-naturpark-entdeckertage-2019\/","name":"Auf den Spuren von Fuchs, Wildschwein und Co. \u2013 Naturpark-Entdeckertage 2019 - Naturpark Dahme-Heideseen","isPartOf":{"@id":"https:\/\/www.naturparkmagazin.de\/dahme-heideseen\/#website"},"datePublished":"2019-10-28T12:50:46+00:00","dateModified":"2019-11-26T10:01:21+00:00","author":{"@id":"https:\/\/www.naturparkmagazin.de\/dahme-heideseen\/#\/schema\/person\/a0510aafafdf8183c95fc98faf0c9f21"},"breadcrumb":{"@id":"https:\/\/www.naturparkmagazin.de\/dahme-heideseen\/auf-den-spuren-von-fuchs-wildschwein-und-co-naturpark-entdeckertage-2019\/#breadcrumb"},"inLanguage":"de","potentialAction":[{"@type":"ReadAction","target":["https:\/\/www.naturparkmagazin.de\/dahme-heideseen\/auf-den-spuren-von-fuchs-wildschwein-und-co-naturpark-entdeckertage-2019\/"]}]},{"@type":"BreadcrumbList","@id":"https:\/\/www.naturparkmagazin.de\/dahme-heideseen\/auf-den-spuren-von-fuchs-wildschwein-und-co-naturpark-entdeckertage-2019\/#breadcrumb","itemListElement":[{"@type":"ListItem","position":1,"name":"Home","item":"https:\/\/www.naturparkmagazin.de\/dahme-heideseen\/"},{"@type":"ListItem","position":2,"name":"Auf den Spuren von Fuchs, Wildschwein und Co. \u2013 Naturpark-Entdeckertage 2019"}]},{"@type":"WebSite","@id":"https:\/\/www.naturparkmagazin.de\/dahme-heideseen\/#website","url":"https:\/\/www.naturparkmagazin.de\/dahme-heideseen\/","name":"Naturpark Dahme-Heideseen","description":"","potentialAction":[{"@type":"SearchAction","target":{"@type":"EntryPoint","urlTemplate":"https:\/\/www.naturparkmagazin.de\/dahme-heideseen\/?s={search_term_string}"},"query-input":"required name=search_term_string"}],"inLanguage":"de"},{"@type":"Person","@id":"https:\/\/www.naturparkmagazin.de\/dahme-heideseen\/#\/schema\/person\/a0510aafafdf8183c95fc98faf0c9f21","name":"Astrid Osenbr\u00fcck","sameAs":["http:\/\/www.dahme-heideseen-naturpark.de"],"url":"https:\/\/www.naturparkmagazin.de\/dahme-heideseen\/author\/astridosenbrueck\/"}]}},"_links":{"self":[{"href":"https:\/\/www.naturparkmagazin.de\/dahme-heideseen\/wp-json\/wp\/v2\/posts\/3206"}],"collection":[{"href":"https:\/\/www.naturparkmagazin.de\/dahme-heideseen\/wp-json\/wp\/v2\/posts"}],"about":[{"href":"https:\/\/www.naturparkmagazin.de\/dahme-heideseen\/wp-json\/wp\/v2\/types\/post"}],"author":[{"embeddable":true,"href":"https:\/\/www.naturparkmagazin.de\/dahme-heideseen\/wp-json\/wp\/v2\/users\/83"}],"replies":[{"embeddable":true,"href":"https:\/\/www.naturparkmagazin.de\/dahme-heideseen\/wp-json\/wp\/v2\/comments?post=3206"}],"version-history":[{"count":3,"href":"https:\/\/www.naturparkmagazin.de\/dahme-heideseen\/wp-json\/wp\/v2\/posts\/3206\/revisions"}],"predecessor-version":[{"id":3223,"href":"https:\/\/www.naturparkmagazin.de\/dahme-heideseen\/wp-json\/wp\/v2\/posts\/3206\/revisions\/3223"}],"wp:featuredmedia":[{"embeddable":true,"href":"https:\/\/www.naturparkmagazin.de\/dahme-heideseen\/wp-json\/wp\/v2\/media\/3209"}],"wp:attachment":[{"href":"https:\/\/www.naturparkmagazin.de\/dahme-heideseen\/wp-json\/wp\/v2\/media?parent=3206"}],"wp:term":[{"taxonomy":"category","embeddable":true,"href":"https:\/\/www.naturparkmagazin.de\/dahme-heideseen\/wp-json\/wp\/v2\/categories?post=3206"},{"taxonomy":"post_tag","embeddable":true,"href":"https:\/\/www.naturparkmagazin.de\/dahme-heideseen\/wp-json\/wp\/v2\/tags?post=3206"}],"curies":[{"name":"wp","href":"https:\/\/api.w.org\/{rel}","templated":true}]}}