{"id":3224,"date":"2019-11-27T15:01:08","date_gmt":"2019-11-27T14:01:08","guid":{"rendered":"https:\/\/www.naturparkmagazin.de\/dahme-heideseen\/?p=3224"},"modified":"2019-11-27T15:01:08","modified_gmt":"2019-11-27T14:01:08","slug":"ueber-libellen-woelfe-und-co-vorstellung-des-neuen-jahrebuches","status":"publish","type":"post","link":"https:\/\/www.naturparkmagazin.de\/dahme-heideseen\/ueber-libellen-woelfe-und-co-vorstellung-des-neuen-jahrebuches\/","title":{"rendered":"\u00dcber Libellen, W\u00f6lfe und Co &#8211; Vorstellung des neuen JahreBuches"},"content":{"rendered":"<p>Das j\u00e4hrlich erscheinende JahreBuch begeistert seit \u00fcber 20 Jahren mit spannenden Beitr\u00e4gen, brillanten Fotos und Einblicken in das Leben und Geschehen im Naturpark. Einige der Autoren, die zum JahreBuch 2020 beigetragen haben, stellen ihre Geschichten und Erlebnisse bei einer Veranstaltung in der Stadtbibliothek K\u00f6nigs Wusterhausen (Scheederstr. 1 c) vor. Ab 19 Uhr geht es zum einen \u00fcber Libellen, die auf den hochwertigen Bildern des Naturfotografen Erhard Laube den Kalenderteil zieren, aber auch \u00fcber Seeadler, W\u00f6lfe und die 30-j\u00e4hrige Geschichte des NABU Dahmeland.<\/p>\n<p><strong>\u00a0Programm (\u00c4nderungen vorbehalten):<\/strong><\/p>\n<p>Matthias Rackwitz (NABU Dahmeland) \u2013 Begr\u00fc\u00dfung und Moderation<\/p>\n<p>Anneli Kr\u00e4mer (Natur-Fotografin) \u2013 Libellen im Dahmeland<\/p>\n<p>Sonja Wallschlag und Ilonka Schuster (NABU Dahmeland) \u2013 Heimgekehrt, um zu bleiben: Die W\u00f6lfe im Dahmeland<\/p>\n<p>Juliane Bauer (Naturpark Dahme-Heideseen) \u2013 Seeadler<\/p>\n<p>Maria B\u00f6hme (Abfallstreife e. V.) &#8211; Spaziergang mit der Abfallstreife e. V.<\/p>\n<p>&nbsp;<\/p>\n<p>Das JahreBuch 2020 kann bei der Veranstaltung zum Preis von 7 \u20ac erworben werden. Es ist ab sofort auch in der NABU-Gesch\u00e4ftsstelle in Prieros, im regionalen Buchhandel und weiteren regionalen Verkaufsstellen erh\u00e4ltlich<\/p>\n","protected":false},"excerpt":{"rendered":"<p>Naturfreunde und -experten berichten \u00fcber spannende Themen in der Stadtbibliothek KW und stellen so das diesj\u00e4hrige JahreBuch vor.<\/p>\n","protected":false},"author":83,"featured_media":3225,"comment_status":"open","ping_status":"open","sticky":false,"template":"","format":"standard","meta":[],"categories":[11],"tags":[],"yoast_head":"<!-- This site is optimized with the Yoast SEO plugin v19.10 - https:\/\/yoast.com\/wordpress\/plugins\/seo\/ -->\n<title>\u00dcber Libellen, W\u00f6lfe und Co - Vorstellung des neuen JahreBuches - Naturpark Dahme-Heideseen<\/title>\n<meta name=\"robots\" content=\"index, follow, max-snippet:-1, max-image-preview:large, max-video-preview:-1\" \/>\n<link rel=\"canonical\" href=\"https:\/\/www.naturparkmagazin.de\/dahme-heideseen\/ueber-libellen-woelfe-und-co-vorstellung-des-neuen-jahrebuches\/\" \/>\n<meta property=\"og:locale\" content=\"de_DE\" \/>\n<meta property=\"og:type\" content=\"article\" \/>\n<meta property=\"og:title\" content=\"\u00dcber Libellen, W\u00f6lfe und Co - Vorstellung des neuen JahreBuches - Naturpark Dahme-Heideseen\" \/>\n<meta property=\"og:description\" content=\"Naturfreunde und -experten berichten \u00fcber spannende Themen in der Stadtbibliothek KW und stellen so das diesj\u00e4hrige JahreBuch vor.\" \/>\n<meta property=\"og:url\" content=\"https:\/\/www.naturparkmagazin.de\/dahme-heideseen\/ueber-libellen-woelfe-und-co-vorstellung-des-neuen-jahrebuches\/\" \/>\n<meta property=\"og:site_name\" content=\"Naturpark Dahme-Heideseen\" \/>\n<meta property=\"article:published_time\" content=\"2019-11-27T14:01:08+00:00\" \/>\n<meta property=\"og:image\" content=\"https:\/\/www.naturparkmagazin.de\/dahme-heideseen\/wp-content\/uploads\/sites\/37\/Dezember_Vierfleck-linke-Seite-gro\u00df-min.jpg\" \/>\n\t<meta property=\"og:image:width\" content=\"4000\" \/>\n\t<meta property=\"og:image:height\" content=\"6000\" \/>\n\t<meta property=\"og:image:type\" content=\"image\/jpeg\" \/>\n<meta name=\"author\" content=\"Astrid Osenbr\u00fcck\" \/>\n<meta name=\"twitter:label1\" content=\"Verfasst von\" \/>\n\t<meta name=\"twitter:data1\" content=\"Astrid Osenbr\u00fcck\" \/>\n\t<meta name=\"twitter:label2\" content=\"Gesch\u00e4tzte Lesezeit\" \/>\n\t<meta name=\"twitter:data2\" content=\"1\u00a0Minute\" \/>\n<script type=\"application\/ld+json\" class=\"yoast-schema-graph\">{\"@context\":\"https:\/\/schema.org\",\"@graph\":[{\"@type\":\"WebPage\",\"@id\":\"https:\/\/www.naturparkmagazin.de\/dahme-heideseen\/ueber-libellen-woelfe-und-co-vorstellung-des-neuen-jahrebuches\/\",\"url\":\"https:\/\/www.naturparkmagazin.de\/dahme-heideseen\/ueber-libellen-woelfe-und-co-vorstellung-des-neuen-jahrebuches\/\",\"name\":\"\u00dcber Libellen, W\u00f6lfe und Co - Vorstellung des neuen JahreBuches - Naturpark Dahme-Heideseen\",\"isPartOf\":{\"@id\":\"https:\/\/www.naturparkmagazin.de\/dahme-heideseen\/#website\"},\"datePublished\":\"2019-11-27T14:01:08+00:00\",\"dateModified\":\"2019-11-27T14:01:08+00:00\",\"author\":{\"@id\":\"https:\/\/www.naturparkmagazin.de\/dahme-heideseen\/#\/schema\/person\/a0510aafafdf8183c95fc98faf0c9f21\"},\"breadcrumb\":{\"@id\":\"https:\/\/www.naturparkmagazin.de\/dahme-heideseen\/ueber-libellen-woelfe-und-co-vorstellung-des-neuen-jahrebuches\/#breadcrumb\"},\"inLanguage\":\"de\",\"potentialAction\":[{\"@type\":\"ReadAction\",\"target\":[\"https:\/\/www.naturparkmagazin.de\/dahme-heideseen\/ueber-libellen-woelfe-und-co-vorstellung-des-neuen-jahrebuches\/\"]}]},{\"@type\":\"BreadcrumbList\",\"@id\":\"https:\/\/www.naturparkmagazin.de\/dahme-heideseen\/ueber-libellen-woelfe-und-co-vorstellung-des-neuen-jahrebuches\/#breadcrumb\",\"itemListElement\":[{\"@type\":\"ListItem\",\"position\":1,\"name\":\"Home\",\"item\":\"https:\/\/www.naturparkmagazin.de\/dahme-heideseen\/\"},{\"@type\":\"ListItem\",\"position\":2,\"name\":\"\u00dcber Libellen, W\u00f6lfe und Co &#8211; Vorstellung des neuen JahreBuches\"}]},{\"@type\":\"WebSite\",\"@id\":\"https:\/\/www.naturparkmagazin.de\/dahme-heideseen\/#website\",\"url\":\"https:\/\/www.naturparkmagazin.de\/dahme-heideseen\/\",\"name\":\"Naturpark Dahme-Heideseen\",\"description\":\"\",\"potentialAction\":[{\"@type\":\"SearchAction\",\"target\":{\"@type\":\"EntryPoint\",\"urlTemplate\":\"https:\/\/www.naturparkmagazin.de\/dahme-heideseen\/?s={search_term_string}\"},\"query-input\":\"required name=search_term_string\"}],\"inLanguage\":\"de\"},{\"@type\":\"Person\",\"@id\":\"https:\/\/www.naturparkmagazin.de\/dahme-heideseen\/#\/schema\/person\/a0510aafafdf8183c95fc98faf0c9f21\",\"name\":\"Astrid Osenbr\u00fcck\",\"sameAs\":[\"http:\/\/www.dahme-heideseen-naturpark.de\"],\"url\":\"https:\/\/www.naturparkmagazin.de\/dahme-heideseen\/author\/astridosenbrueck\/\"}]}<\/script>\n<!-- \/ Yoast SEO plugin. -->","yoast_head_json":{"title":"\u00dcber Libellen, W\u00f6lfe und Co - Vorstellung des neuen JahreBuches - Naturpark Dahme-Heideseen","robots":{"index":"index","follow":"follow","max-snippet":"max-snippet:-1","max-image-preview":"max-image-preview:large","max-video-preview":"max-video-preview:-1"},"canonical":"https:\/\/www.naturparkmagazin.de\/dahme-heideseen\/ueber-libellen-woelfe-und-co-vorstellung-des-neuen-jahrebuches\/","og_locale":"de_DE","og_type":"article","og_title":"\u00dcber Libellen, W\u00f6lfe und Co - Vorstellung des neuen JahreBuches - Naturpark Dahme-Heideseen","og_description":"Naturfreunde und -experten berichten \u00fcber spannende Themen in der Stadtbibliothek KW und stellen so das diesj\u00e4hrige JahreBuch vor.","og_url":"https:\/\/www.naturparkmagazin.de\/dahme-heideseen\/ueber-libellen-woelfe-und-co-vorstellung-des-neuen-jahrebuches\/","og_site_name":"Naturpark Dahme-Heideseen","article_published_time":"2019-11-27T14:01:08+00:00","og_image":[{"width":4000,"height":6000,"url":"https:\/\/www.naturparkmagazin.de\/dahme-heideseen\/wp-content\/uploads\/sites\/37\/Dezember_Vierfleck-linke-Seite-gro\u00df-min.jpg","type":"image\/jpeg"}],"author":"Astrid Osenbr\u00fcck","twitter_misc":{"Verfasst von":"Astrid Osenbr\u00fcck","Gesch\u00e4tzte Lesezeit":"1\u00a0Minute"},"schema":{"@context":"https:\/\/schema.org","@graph":[{"@type":"WebPage","@id":"https:\/\/www.naturparkmagazin.de\/dahme-heideseen\/ueber-libellen-woelfe-und-co-vorstellung-des-neuen-jahrebuches\/","url":"https:\/\/www.naturparkmagazin.de\/dahme-heideseen\/ueber-libellen-woelfe-und-co-vorstellung-des-neuen-jahrebuches\/","name":"\u00dcber Libellen, W\u00f6lfe und Co - Vorstellung des neuen JahreBuches - Naturpark Dahme-Heideseen","isPartOf":{"@id":"https:\/\/www.naturparkmagazin.de\/dahme-heideseen\/#website"},"datePublished":"2019-11-27T14:01:08+00:00","dateModified":"2019-11-27T14:01:08+00:00","author":{"@id":"https:\/\/www.naturparkmagazin.de\/dahme-heideseen\/#\/schema\/person\/a0510aafafdf8183c95fc98faf0c9f21"},"breadcrumb":{"@id":"https:\/\/www.naturparkmagazin.de\/dahme-heideseen\/ueber-libellen-woelfe-und-co-vorstellung-des-neuen-jahrebuches\/#breadcrumb"},"inLanguage":"de","potentialAction":[{"@type":"ReadAction","target":["https:\/\/www.naturparkmagazin.de\/dahme-heideseen\/ueber-libellen-woelfe-und-co-vorstellung-des-neuen-jahrebuches\/"]}]},{"@type":"BreadcrumbList","@id":"https:\/\/www.naturparkmagazin.de\/dahme-heideseen\/ueber-libellen-woelfe-und-co-vorstellung-des-neuen-jahrebuches\/#breadcrumb","itemListElement":[{"@type":"ListItem","position":1,"name":"Home","item":"https:\/\/www.naturparkmagazin.de\/dahme-heideseen\/"},{"@type":"ListItem","position":2,"name":"\u00dcber Libellen, W\u00f6lfe und Co &#8211; Vorstellung des neuen JahreBuches"}]},{"@type":"WebSite","@id":"https:\/\/www.naturparkmagazin.de\/dahme-heideseen\/#website","url":"https:\/\/www.naturparkmagazin.de\/dahme-heideseen\/","name":"Naturpark Dahme-Heideseen","description":"","potentialAction":[{"@type":"SearchAction","target":{"@type":"EntryPoint","urlTemplate":"https:\/\/www.naturparkmagazin.de\/dahme-heideseen\/?s={search_term_string}"},"query-input":"required name=search_term_string"}],"inLanguage":"de"},{"@type":"Person","@id":"https:\/\/www.naturparkmagazin.de\/dahme-heideseen\/#\/schema\/person\/a0510aafafdf8183c95fc98faf0c9f21","name":"Astrid Osenbr\u00fcck","sameAs":["http:\/\/www.dahme-heideseen-naturpark.de"],"url":"https:\/\/www.naturparkmagazin.de\/dahme-heideseen\/author\/astridosenbrueck\/"}]}},"_links":{"self":[{"href":"https:\/\/www.naturparkmagazin.de\/dahme-heideseen\/wp-json\/wp\/v2\/posts\/3224"}],"collection":[{"href":"https:\/\/www.naturparkmagazin.de\/dahme-heideseen\/wp-json\/wp\/v2\/posts"}],"about":[{"href":"https:\/\/www.naturparkmagazin.de\/dahme-heideseen\/wp-json\/wp\/v2\/types\/post"}],"author":[{"embeddable":true,"href":"https:\/\/www.naturparkmagazin.de\/dahme-heideseen\/wp-json\/wp\/v2\/users\/83"}],"replies":[{"embeddable":true,"href":"https:\/\/www.naturparkmagazin.de\/dahme-heideseen\/wp-json\/wp\/v2\/comments?post=3224"}],"version-history":[{"count":2,"href":"https:\/\/www.naturparkmagazin.de\/dahme-heideseen\/wp-json\/wp\/v2\/posts\/3224\/revisions"}],"predecessor-version":[{"id":3227,"href":"https:\/\/www.naturparkmagazin.de\/dahme-heideseen\/wp-json\/wp\/v2\/posts\/3224\/revisions\/3227"}],"wp:featuredmedia":[{"embeddable":true,"href":"https:\/\/www.naturparkmagazin.de\/dahme-heideseen\/wp-json\/wp\/v2\/media\/3225"}],"wp:attachment":[{"href":"https:\/\/www.naturparkmagazin.de\/dahme-heideseen\/wp-json\/wp\/v2\/media?parent=3224"}],"wp:term":[{"taxonomy":"category","embeddable":true,"href":"https:\/\/www.naturparkmagazin.de\/dahme-heideseen\/wp-json\/wp\/v2\/categories?post=3224"},{"taxonomy":"post_tag","embeddable":true,"href":"https:\/\/www.naturparkmagazin.de\/dahme-heideseen\/wp-json\/wp\/v2\/tags?post=3224"}],"curies":[{"name":"wp","href":"https:\/\/api.w.org\/{rel}","templated":true}]}}