{"id":3237,"date":"2025-12-22T11:04:35","date_gmt":"2025-12-22T10:04:35","guid":{"rendered":"https:\/\/www.naturparkmagazin.de\/dahme-heideseen\/?p=3237"},"modified":"2025-12-22T11:05:16","modified_gmt":"2025-12-22T10:05:16","slug":"nabu-pflegeeinsatz-grundstueck-von-prof-kirsche-in-paetz","status":"publish","type":"post","link":"https:\/\/www.naturparkmagazin.de\/dahme-heideseen\/nabu-pflegeeinsatz-grundstueck-von-prof-kirsche-in-paetz\/","title":{"rendered":"NABU-Pflegeeinsatz Grundst\u00fcck von Prof. Kirsche in P\u00e4tz"},"content":{"rendered":"<header>\n<h1>Pflegeeinsatz im Kirsche-Garten (Pflegeeinsatz)<\/h1>\n<\/header>\n<section class=\"col left\">\n<h3>Beschreibung<\/h3>\n<p>Geh\u00f6lzentnahme und weitere Arbeiten im Fl\u00e4chen-Naturdenkmal &#8222;Grundst\u00fcck von Professor Kirsche in P\u00e4tz&#8220;<\/p>\n<p>Verantwortlich: NABU Dahmeland, Ilonka Schuster<\/p>\n<p>Treffpunkt: 15741 Bestensee OT P\u00e4tz, Lindenstra\u00dfe 26<\/p>\n<h3>Veranstalter<\/h3>\n<p><strong>NABU Dahmeland<\/strong>\nArnold-Breithor-Str. 8\n15754 Heidesee OT Prieros<\/p>\n<dl class=\"contact\">\n<dt class=\"phone\"><span class=\"accessibility\">Telefon <\/span>033768\/50117<\/dt>\n<dt class=\"mail\"><span class=\"accessibility\">E-Mail\u00a0<\/span><a href=\"https:\/\/www.dahme-heideseen-naturpark.de\/service\/kontakt\/?tx_snmlugv_pi6%5Bcontact%5D=21305&amp;tx_snmlugv_pi6%5Bdate%5D=1&amp;cHash=fa92c420b9fcef6088121f8f08f66c33\"> nabu.dahmeland@gmx.de <\/a><\/dt>\n<\/dl>\n<\/section>\n","protected":false},"excerpt":{"rendered":"<p>Unterst\u00fctzen Sie die Tiere und Pflanzen, die sich in dem herrliche Biotop wohlf\u00fchlen, bei einem NABU-Pflegeeinsatz.<\/p>\n","protected":false},"author":83,"featured_media":3238,"comment_status":"open","ping_status":"open","sticky":false,"template":"","format":"standard","meta":[],"categories":[11],"tags":[],"yoast_head":"<!-- This site is optimized with the Yoast SEO plugin v19.10 - https:\/\/yoast.com\/wordpress\/plugins\/seo\/ -->\n<title>NABU-Pflegeeinsatz Grundst\u00fcck von Prof. Kirsche in P\u00e4tz - Naturpark Dahme-Heideseen<\/title>\n<meta name=\"robots\" content=\"index, follow, max-snippet:-1, max-image-preview:large, max-video-preview:-1\" \/>\n<link rel=\"canonical\" href=\"https:\/\/www.naturparkmagazin.de\/dahme-heideseen\/nabu-pflegeeinsatz-grundstueck-von-prof-kirsche-in-paetz\/\" \/>\n<meta property=\"og:locale\" content=\"de_DE\" \/>\n<meta property=\"og:type\" content=\"article\" \/>\n<meta property=\"og:title\" content=\"NABU-Pflegeeinsatz Grundst\u00fcck von Prof. Kirsche in P\u00e4tz - Naturpark Dahme-Heideseen\" \/>\n<meta property=\"og:description\" content=\"Unterst\u00fctzen Sie die Tiere und Pflanzen, die sich in dem herrliche Biotop wohlf\u00fchlen, bei einem NABU-Pflegeeinsatz.\" \/>\n<meta property=\"og:url\" content=\"https:\/\/www.naturparkmagazin.de\/dahme-heideseen\/nabu-pflegeeinsatz-grundstueck-von-prof-kirsche-in-paetz\/\" \/>\n<meta property=\"og:site_name\" content=\"Naturpark Dahme-Heideseen\" \/>\n<meta property=\"article:published_time\" content=\"2025-12-22T10:04:35+00:00\" \/>\n<meta property=\"article:modified_time\" content=\"2025-12-22T10:05:16+00:00\" \/>\n<meta property=\"og:image\" content=\"https:\/\/www.naturparkmagazin.de\/dahme-heideseen\/wp-content\/uploads\/sites\/37\/Garten-in-P\u00e4tz-Walter-Kirsche.jpg\" \/>\n\t<meta property=\"og:image:width\" content=\"1226\" \/>\n\t<meta property=\"og:image:height\" content=\"734\" \/>\n\t<meta property=\"og:image:type\" content=\"image\/jpeg\" \/>\n<meta name=\"author\" content=\"Astrid Osenbr\u00fcck\" \/>\n<meta name=\"twitter:label1\" content=\"Verfasst von\" \/>\n\t<meta name=\"twitter:data1\" content=\"Astrid Osenbr\u00fcck\" \/>\n\t<meta name=\"twitter:label2\" content=\"Gesch\u00e4tzte Lesezeit\" \/>\n\t<meta name=\"twitter:data2\" content=\"1\u00a0Minute\" \/>\n<script type=\"application\/ld+json\" class=\"yoast-schema-graph\">{\"@context\":\"https:\/\/schema.org\",\"@graph\":[{\"@type\":\"WebPage\",\"@id\":\"https:\/\/www.naturparkmagazin.de\/dahme-heideseen\/nabu-pflegeeinsatz-grundstueck-von-prof-kirsche-in-paetz\/\",\"url\":\"https:\/\/www.naturparkmagazin.de\/dahme-heideseen\/nabu-pflegeeinsatz-grundstueck-von-prof-kirsche-in-paetz\/\",\"name\":\"NABU-Pflegeeinsatz Grundst\u00fcck von Prof. Kirsche in P\u00e4tz - Naturpark Dahme-Heideseen\",\"isPartOf\":{\"@id\":\"https:\/\/www.naturparkmagazin.de\/dahme-heideseen\/#website\"},\"datePublished\":\"2025-12-22T10:04:35+00:00\",\"dateModified\":\"2025-12-22T10:05:16+00:00\",\"author\":{\"@id\":\"https:\/\/www.naturparkmagazin.de\/dahme-heideseen\/#\/schema\/person\/a0510aafafdf8183c95fc98faf0c9f21\"},\"breadcrumb\":{\"@id\":\"https:\/\/www.naturparkmagazin.de\/dahme-heideseen\/nabu-pflegeeinsatz-grundstueck-von-prof-kirsche-in-paetz\/#breadcrumb\"},\"inLanguage\":\"de\",\"potentialAction\":[{\"@type\":\"ReadAction\",\"target\":[\"https:\/\/www.naturparkmagazin.de\/dahme-heideseen\/nabu-pflegeeinsatz-grundstueck-von-prof-kirsche-in-paetz\/\"]}]},{\"@type\":\"BreadcrumbList\",\"@id\":\"https:\/\/www.naturparkmagazin.de\/dahme-heideseen\/nabu-pflegeeinsatz-grundstueck-von-prof-kirsche-in-paetz\/#breadcrumb\",\"itemListElement\":[{\"@type\":\"ListItem\",\"position\":1,\"name\":\"Home\",\"item\":\"https:\/\/www.naturparkmagazin.de\/dahme-heideseen\/\"},{\"@type\":\"ListItem\",\"position\":2,\"name\":\"NABU-Pflegeeinsatz Grundst\u00fcck von Prof. Kirsche in P\u00e4tz\"}]},{\"@type\":\"WebSite\",\"@id\":\"https:\/\/www.naturparkmagazin.de\/dahme-heideseen\/#website\",\"url\":\"https:\/\/www.naturparkmagazin.de\/dahme-heideseen\/\",\"name\":\"Naturpark Dahme-Heideseen\",\"description\":\"\",\"potentialAction\":[{\"@type\":\"SearchAction\",\"target\":{\"@type\":\"EntryPoint\",\"urlTemplate\":\"https:\/\/www.naturparkmagazin.de\/dahme-heideseen\/?s={search_term_string}\"},\"query-input\":\"required name=search_term_string\"}],\"inLanguage\":\"de\"},{\"@type\":\"Person\",\"@id\":\"https:\/\/www.naturparkmagazin.de\/dahme-heideseen\/#\/schema\/person\/a0510aafafdf8183c95fc98faf0c9f21\",\"name\":\"Astrid Osenbr\u00fcck\",\"sameAs\":[\"http:\/\/www.dahme-heideseen-naturpark.de\"],\"url\":\"https:\/\/www.naturparkmagazin.de\/dahme-heideseen\/author\/astridosenbrueck\/\"}]}<\/script>\n<!-- \/ Yoast SEO plugin. -->","yoast_head_json":{"title":"NABU-Pflegeeinsatz Grundst\u00fcck von Prof. Kirsche in P\u00e4tz - Naturpark Dahme-Heideseen","robots":{"index":"index","follow":"follow","max-snippet":"max-snippet:-1","max-image-preview":"max-image-preview:large","max-video-preview":"max-video-preview:-1"},"canonical":"https:\/\/www.naturparkmagazin.de\/dahme-heideseen\/nabu-pflegeeinsatz-grundstueck-von-prof-kirsche-in-paetz\/","og_locale":"de_DE","og_type":"article","og_title":"NABU-Pflegeeinsatz Grundst\u00fcck von Prof. Kirsche in P\u00e4tz - Naturpark Dahme-Heideseen","og_description":"Unterst\u00fctzen Sie die Tiere und Pflanzen, die sich in dem herrliche Biotop wohlf\u00fchlen, bei einem NABU-Pflegeeinsatz.","og_url":"https:\/\/www.naturparkmagazin.de\/dahme-heideseen\/nabu-pflegeeinsatz-grundstueck-von-prof-kirsche-in-paetz\/","og_site_name":"Naturpark Dahme-Heideseen","article_published_time":"2025-12-22T10:04:35+00:00","article_modified_time":"2025-12-22T10:05:16+00:00","og_image":[{"width":1226,"height":734,"url":"https:\/\/www.naturparkmagazin.de\/dahme-heideseen\/wp-content\/uploads\/sites\/37\/Garten-in-P\u00e4tz-Walter-Kirsche.jpg","type":"image\/jpeg"}],"author":"Astrid Osenbr\u00fcck","twitter_misc":{"Verfasst von":"Astrid Osenbr\u00fcck","Gesch\u00e4tzte Lesezeit":"1\u00a0Minute"},"schema":{"@context":"https:\/\/schema.org","@graph":[{"@type":"WebPage","@id":"https:\/\/www.naturparkmagazin.de\/dahme-heideseen\/nabu-pflegeeinsatz-grundstueck-von-prof-kirsche-in-paetz\/","url":"https:\/\/www.naturparkmagazin.de\/dahme-heideseen\/nabu-pflegeeinsatz-grundstueck-von-prof-kirsche-in-paetz\/","name":"NABU-Pflegeeinsatz Grundst\u00fcck von Prof. Kirsche in P\u00e4tz - Naturpark Dahme-Heideseen","isPartOf":{"@id":"https:\/\/www.naturparkmagazin.de\/dahme-heideseen\/#website"},"datePublished":"2025-12-22T10:04:35+00:00","dateModified":"2025-12-22T10:05:16+00:00","author":{"@id":"https:\/\/www.naturparkmagazin.de\/dahme-heideseen\/#\/schema\/person\/a0510aafafdf8183c95fc98faf0c9f21"},"breadcrumb":{"@id":"https:\/\/www.naturparkmagazin.de\/dahme-heideseen\/nabu-pflegeeinsatz-grundstueck-von-prof-kirsche-in-paetz\/#breadcrumb"},"inLanguage":"de","potentialAction":[{"@type":"ReadAction","target":["https:\/\/www.naturparkmagazin.de\/dahme-heideseen\/nabu-pflegeeinsatz-grundstueck-von-prof-kirsche-in-paetz\/"]}]},{"@type":"BreadcrumbList","@id":"https:\/\/www.naturparkmagazin.de\/dahme-heideseen\/nabu-pflegeeinsatz-grundstueck-von-prof-kirsche-in-paetz\/#breadcrumb","itemListElement":[{"@type":"ListItem","position":1,"name":"Home","item":"https:\/\/www.naturparkmagazin.de\/dahme-heideseen\/"},{"@type":"ListItem","position":2,"name":"NABU-Pflegeeinsatz Grundst\u00fcck von Prof. Kirsche in P\u00e4tz"}]},{"@type":"WebSite","@id":"https:\/\/www.naturparkmagazin.de\/dahme-heideseen\/#website","url":"https:\/\/www.naturparkmagazin.de\/dahme-heideseen\/","name":"Naturpark Dahme-Heideseen","description":"","potentialAction":[{"@type":"SearchAction","target":{"@type":"EntryPoint","urlTemplate":"https:\/\/www.naturparkmagazin.de\/dahme-heideseen\/?s={search_term_string}"},"query-input":"required name=search_term_string"}],"inLanguage":"de"},{"@type":"Person","@id":"https:\/\/www.naturparkmagazin.de\/dahme-heideseen\/#\/schema\/person\/a0510aafafdf8183c95fc98faf0c9f21","name":"Astrid Osenbr\u00fcck","sameAs":["http:\/\/www.dahme-heideseen-naturpark.de"],"url":"https:\/\/www.naturparkmagazin.de\/dahme-heideseen\/author\/astridosenbrueck\/"}]}},"_links":{"self":[{"href":"https:\/\/www.naturparkmagazin.de\/dahme-heideseen\/wp-json\/wp\/v2\/posts\/3237"}],"collection":[{"href":"https:\/\/www.naturparkmagazin.de\/dahme-heideseen\/wp-json\/wp\/v2\/posts"}],"about":[{"href":"https:\/\/www.naturparkmagazin.de\/dahme-heideseen\/wp-json\/wp\/v2\/types\/post"}],"author":[{"embeddable":true,"href":"https:\/\/www.naturparkmagazin.de\/dahme-heideseen\/wp-json\/wp\/v2\/users\/83"}],"replies":[{"embeddable":true,"href":"https:\/\/www.naturparkmagazin.de\/dahme-heideseen\/wp-json\/wp\/v2\/comments?post=3237"}],"version-history":[{"count":5,"href":"https:\/\/www.naturparkmagazin.de\/dahme-heideseen\/wp-json\/wp\/v2\/posts\/3237\/revisions"}],"predecessor-version":[{"id":7733,"href":"https:\/\/www.naturparkmagazin.de\/dahme-heideseen\/wp-json\/wp\/v2\/posts\/3237\/revisions\/7733"}],"wp:featuredmedia":[{"embeddable":true,"href":"https:\/\/www.naturparkmagazin.de\/dahme-heideseen\/wp-json\/wp\/v2\/media\/3238"}],"wp:attachment":[{"href":"https:\/\/www.naturparkmagazin.de\/dahme-heideseen\/wp-json\/wp\/v2\/media?parent=3237"}],"wp:term":[{"taxonomy":"category","embeddable":true,"href":"https:\/\/www.naturparkmagazin.de\/dahme-heideseen\/wp-json\/wp\/v2\/categories?post=3237"},{"taxonomy":"post_tag","embeddable":true,"href":"https:\/\/www.naturparkmagazin.de\/dahme-heideseen\/wp-json\/wp\/v2\/tags?post=3237"}],"curies":[{"name":"wp","href":"https:\/\/api.w.org\/{rel}","templated":true}]}}