{"id":3255,"date":"2020-02-17T10:57:07","date_gmt":"2020-02-17T09:57:07","guid":{"rendered":"https:\/\/www.naturparkmagazin.de\/dahme-heideseen\/?p=3255"},"modified":"2020-02-21T08:43:53","modified_gmt":"2020-02-21T07:43:53","slug":"amphibien-auf-wanderschaft","status":"publish","type":"post","link":"https:\/\/www.naturparkmagazin.de\/dahme-heideseen\/amphibien-auf-wanderschaft\/","title":{"rendered":"13.3.: Mit FFH durchs Jahr &#8211; Amphibien auf Wanderschaft"},"content":{"rendered":"<p align=\"LEFT\">&#8222;Mit Amphibien auf Wanderschaft&#8220; ist die erste Veranstaltung der neuen Veranstaltungsreihe &#8222;Mit FFH durchs Jahr&#8220;.<\/p>\n<p align=\"LEFT\">Die Rundtour f\u00fchrt zu einem besonders gesch\u00fctzten FFH- und Naturschutzgebiet, dem Schwenower Forst Erg\u00e4nzung zwischen Limsdorf und Ahrensdorf. Das Reichardsluch, Lebensraum f\u00fcr zahlreiche Amphibien, ist das Ziel der Exkursion. Besonders die streng zu sch\u00fctzenden Arten Kammmolch und Rotbauchunke haben sich in dem Feuchtgebiet angesiedelt. Fachleute berichten, wo die Tiere zu finden sind und welche Ma\u00dfnahmen zu ihrem Schutz durchgef\u00fchrt werden.<\/p>\n<p align=\"LEFT\">Ein Amphibienschutzzaun h\u00e4lt die Tiere beispielsweise von der Landstra\u00dfe fern und sch\u00fctzt sie vor dem Stra\u00dfenverkehr. Gleichzeitig k\u00f6nnen dort die Tierbest\u00e4nde erfasst werden. Die Teilnehmenden k\u00f6nnen verschiedene Arten beobachten und erfahren, was sie selbst f\u00fcr den Schutz der Amphibien unternehmen k\u00f6nnen.<\/p>\n<p align=\"LEFT\"><strong>Treffpunkt<\/strong><\/p>\n<p align=\"LEFT\">16 Uhr Mitfahrgelegenheit ab Arnold-Breithor-Stra\u00dfe 8, Prieros m\u00f6glich oder<\/p>\n<p align=\"LEFT\">16:30 Uhr: L42 Ecke Stra\u00dfe Richtung M\u00f6llendorf \/ Schwenowseegraben<\/p>\n<p align=\"LEFT\"><strong>Hinweis<\/strong><\/p>\n<p align=\"LEFT\">familienfreundlich, nach Bedarf Gummistiefel mitbringen<\/p>\n<p align=\"LEFT\"><strong>Anmeldung, Information und Karte zum Treffpunkt<\/strong><\/p>\n<p align=\"LEFT\">juliane.bauer@lfu.brandenburg.de<\/p>\n<p align=\"LEFT\">\n","protected":false},"excerpt":{"rendered":"<p>Rundtour zu einem besonders gesch\u00fctzten FFH- und Naturschutzgebiet zwischen Limsdorf und Ahrensdorf mit einem Blick auf die Welt der Amphibien.<\/p>\n","protected":false},"author":83,"featured_media":2999,"comment_status":"open","ping_status":"open","sticky":false,"template":"","format":"standard","meta":[],"categories":[11],"tags":[],"yoast_head":"<!-- This site is optimized with the Yoast SEO plugin v19.10 - https:\/\/yoast.com\/wordpress\/plugins\/seo\/ -->\n<title>13.3.: Mit FFH durchs Jahr - Amphibien auf Wanderschaft - Naturpark Dahme-Heideseen<\/title>\n<meta name=\"robots\" content=\"index, follow, max-snippet:-1, max-image-preview:large, max-video-preview:-1\" \/>\n<link rel=\"canonical\" href=\"https:\/\/www.naturparkmagazin.de\/dahme-heideseen\/amphibien-auf-wanderschaft\/\" \/>\n<meta property=\"og:locale\" content=\"de_DE\" \/>\n<meta property=\"og:type\" content=\"article\" \/>\n<meta property=\"og:title\" content=\"13.3.: Mit FFH durchs Jahr - Amphibien auf Wanderschaft - Naturpark Dahme-Heideseen\" \/>\n<meta property=\"og:description\" content=\"Rundtour zu einem besonders gesch\u00fctzten FFH- und Naturschutzgebiet zwischen Limsdorf und Ahrensdorf mit einem Blick auf die Welt der Amphibien.\" \/>\n<meta property=\"og:url\" content=\"https:\/\/www.naturparkmagazin.de\/dahme-heideseen\/amphibien-auf-wanderschaft\/\" \/>\n<meta property=\"og:site_name\" content=\"Naturpark Dahme-Heideseen\" \/>\n<meta property=\"article:published_time\" content=\"2020-02-17T09:57:07+00:00\" \/>\n<meta property=\"article:modified_time\" content=\"2020-02-21T07:43:53+00:00\" \/>\n<meta property=\"og:image\" content=\"https:\/\/www.naturparkmagazin.de\/dahme-heideseen\/wp-content\/uploads\/sites\/37\/025_Kammmolch-min.jpg\" \/>\n\t<meta property=\"og:image:width\" content=\"5321\" \/>\n\t<meta property=\"og:image:height\" content=\"3551\" \/>\n\t<meta property=\"og:image:type\" content=\"image\/jpeg\" \/>\n<meta name=\"author\" content=\"Astrid Osenbr\u00fcck\" \/>\n<meta name=\"twitter:label1\" content=\"Verfasst von\" \/>\n\t<meta name=\"twitter:data1\" content=\"Astrid Osenbr\u00fcck\" \/>\n\t<meta name=\"twitter:label2\" content=\"Gesch\u00e4tzte Lesezeit\" \/>\n\t<meta name=\"twitter:data2\" content=\"1\u00a0Minute\" \/>\n<script type=\"application\/ld+json\" class=\"yoast-schema-graph\">{\"@context\":\"https:\/\/schema.org\",\"@graph\":[{\"@type\":\"WebPage\",\"@id\":\"https:\/\/www.naturparkmagazin.de\/dahme-heideseen\/amphibien-auf-wanderschaft\/\",\"url\":\"https:\/\/www.naturparkmagazin.de\/dahme-heideseen\/amphibien-auf-wanderschaft\/\",\"name\":\"13.3.: Mit FFH durchs Jahr - Amphibien auf Wanderschaft - Naturpark Dahme-Heideseen\",\"isPartOf\":{\"@id\":\"https:\/\/www.naturparkmagazin.de\/dahme-heideseen\/#website\"},\"datePublished\":\"2020-02-17T09:57:07+00:00\",\"dateModified\":\"2020-02-21T07:43:53+00:00\",\"author\":{\"@id\":\"https:\/\/www.naturparkmagazin.de\/dahme-heideseen\/#\/schema\/person\/a0510aafafdf8183c95fc98faf0c9f21\"},\"breadcrumb\":{\"@id\":\"https:\/\/www.naturparkmagazin.de\/dahme-heideseen\/amphibien-auf-wanderschaft\/#breadcrumb\"},\"inLanguage\":\"de\",\"potentialAction\":[{\"@type\":\"ReadAction\",\"target\":[\"https:\/\/www.naturparkmagazin.de\/dahme-heideseen\/amphibien-auf-wanderschaft\/\"]}]},{\"@type\":\"BreadcrumbList\",\"@id\":\"https:\/\/www.naturparkmagazin.de\/dahme-heideseen\/amphibien-auf-wanderschaft\/#breadcrumb\",\"itemListElement\":[{\"@type\":\"ListItem\",\"position\":1,\"name\":\"Home\",\"item\":\"https:\/\/www.naturparkmagazin.de\/dahme-heideseen\/\"},{\"@type\":\"ListItem\",\"position\":2,\"name\":\"13.3.: Mit FFH durchs Jahr &#8211; Amphibien auf Wanderschaft\"}]},{\"@type\":\"WebSite\",\"@id\":\"https:\/\/www.naturparkmagazin.de\/dahme-heideseen\/#website\",\"url\":\"https:\/\/www.naturparkmagazin.de\/dahme-heideseen\/\",\"name\":\"Naturpark Dahme-Heideseen\",\"description\":\"\",\"potentialAction\":[{\"@type\":\"SearchAction\",\"target\":{\"@type\":\"EntryPoint\",\"urlTemplate\":\"https:\/\/www.naturparkmagazin.de\/dahme-heideseen\/?s={search_term_string}\"},\"query-input\":\"required name=search_term_string\"}],\"inLanguage\":\"de\"},{\"@type\":\"Person\",\"@id\":\"https:\/\/www.naturparkmagazin.de\/dahme-heideseen\/#\/schema\/person\/a0510aafafdf8183c95fc98faf0c9f21\",\"name\":\"Astrid Osenbr\u00fcck\",\"sameAs\":[\"http:\/\/www.dahme-heideseen-naturpark.de\"],\"url\":\"https:\/\/www.naturparkmagazin.de\/dahme-heideseen\/author\/astridosenbrueck\/\"}]}<\/script>\n<!-- \/ Yoast SEO plugin. -->","yoast_head_json":{"title":"13.3.: Mit FFH durchs Jahr - Amphibien auf Wanderschaft - Naturpark Dahme-Heideseen","robots":{"index":"index","follow":"follow","max-snippet":"max-snippet:-1","max-image-preview":"max-image-preview:large","max-video-preview":"max-video-preview:-1"},"canonical":"https:\/\/www.naturparkmagazin.de\/dahme-heideseen\/amphibien-auf-wanderschaft\/","og_locale":"de_DE","og_type":"article","og_title":"13.3.: Mit FFH durchs Jahr - Amphibien auf Wanderschaft - Naturpark Dahme-Heideseen","og_description":"Rundtour zu einem besonders gesch\u00fctzten FFH- und Naturschutzgebiet zwischen Limsdorf und Ahrensdorf mit einem Blick auf die Welt der Amphibien.","og_url":"https:\/\/www.naturparkmagazin.de\/dahme-heideseen\/amphibien-auf-wanderschaft\/","og_site_name":"Naturpark Dahme-Heideseen","article_published_time":"2020-02-17T09:57:07+00:00","article_modified_time":"2020-02-21T07:43:53+00:00","og_image":[{"width":5321,"height":3551,"url":"https:\/\/www.naturparkmagazin.de\/dahme-heideseen\/wp-content\/uploads\/sites\/37\/025_Kammmolch-min.jpg","type":"image\/jpeg"}],"author":"Astrid Osenbr\u00fcck","twitter_misc":{"Verfasst von":"Astrid Osenbr\u00fcck","Gesch\u00e4tzte Lesezeit":"1\u00a0Minute"},"schema":{"@context":"https:\/\/schema.org","@graph":[{"@type":"WebPage","@id":"https:\/\/www.naturparkmagazin.de\/dahme-heideseen\/amphibien-auf-wanderschaft\/","url":"https:\/\/www.naturparkmagazin.de\/dahme-heideseen\/amphibien-auf-wanderschaft\/","name":"13.3.: Mit FFH durchs Jahr - Amphibien auf Wanderschaft - Naturpark Dahme-Heideseen","isPartOf":{"@id":"https:\/\/www.naturparkmagazin.de\/dahme-heideseen\/#website"},"datePublished":"2020-02-17T09:57:07+00:00","dateModified":"2020-02-21T07:43:53+00:00","author":{"@id":"https:\/\/www.naturparkmagazin.de\/dahme-heideseen\/#\/schema\/person\/a0510aafafdf8183c95fc98faf0c9f21"},"breadcrumb":{"@id":"https:\/\/www.naturparkmagazin.de\/dahme-heideseen\/amphibien-auf-wanderschaft\/#breadcrumb"},"inLanguage":"de","potentialAction":[{"@type":"ReadAction","target":["https:\/\/www.naturparkmagazin.de\/dahme-heideseen\/amphibien-auf-wanderschaft\/"]}]},{"@type":"BreadcrumbList","@id":"https:\/\/www.naturparkmagazin.de\/dahme-heideseen\/amphibien-auf-wanderschaft\/#breadcrumb","itemListElement":[{"@type":"ListItem","position":1,"name":"Home","item":"https:\/\/www.naturparkmagazin.de\/dahme-heideseen\/"},{"@type":"ListItem","position":2,"name":"13.3.: Mit FFH durchs Jahr &#8211; Amphibien auf Wanderschaft"}]},{"@type":"WebSite","@id":"https:\/\/www.naturparkmagazin.de\/dahme-heideseen\/#website","url":"https:\/\/www.naturparkmagazin.de\/dahme-heideseen\/","name":"Naturpark Dahme-Heideseen","description":"","potentialAction":[{"@type":"SearchAction","target":{"@type":"EntryPoint","urlTemplate":"https:\/\/www.naturparkmagazin.de\/dahme-heideseen\/?s={search_term_string}"},"query-input":"required name=search_term_string"}],"inLanguage":"de"},{"@type":"Person","@id":"https:\/\/www.naturparkmagazin.de\/dahme-heideseen\/#\/schema\/person\/a0510aafafdf8183c95fc98faf0c9f21","name":"Astrid Osenbr\u00fcck","sameAs":["http:\/\/www.dahme-heideseen-naturpark.de"],"url":"https:\/\/www.naturparkmagazin.de\/dahme-heideseen\/author\/astridosenbrueck\/"}]}},"_links":{"self":[{"href":"https:\/\/www.naturparkmagazin.de\/dahme-heideseen\/wp-json\/wp\/v2\/posts\/3255"}],"collection":[{"href":"https:\/\/www.naturparkmagazin.de\/dahme-heideseen\/wp-json\/wp\/v2\/posts"}],"about":[{"href":"https:\/\/www.naturparkmagazin.de\/dahme-heideseen\/wp-json\/wp\/v2\/types\/post"}],"author":[{"embeddable":true,"href":"https:\/\/www.naturparkmagazin.de\/dahme-heideseen\/wp-json\/wp\/v2\/users\/83"}],"replies":[{"embeddable":true,"href":"https:\/\/www.naturparkmagazin.de\/dahme-heideseen\/wp-json\/wp\/v2\/comments?post=3255"}],"version-history":[{"count":6,"href":"https:\/\/www.naturparkmagazin.de\/dahme-heideseen\/wp-json\/wp\/v2\/posts\/3255\/revisions"}],"predecessor-version":[{"id":3287,"href":"https:\/\/www.naturparkmagazin.de\/dahme-heideseen\/wp-json\/wp\/v2\/posts\/3255\/revisions\/3287"}],"wp:featuredmedia":[{"embeddable":true,"href":"https:\/\/www.naturparkmagazin.de\/dahme-heideseen\/wp-json\/wp\/v2\/media\/2999"}],"wp:attachment":[{"href":"https:\/\/www.naturparkmagazin.de\/dahme-heideseen\/wp-json\/wp\/v2\/media?parent=3255"}],"wp:term":[{"taxonomy":"category","embeddable":true,"href":"https:\/\/www.naturparkmagazin.de\/dahme-heideseen\/wp-json\/wp\/v2\/categories?post=3255"},{"taxonomy":"post_tag","embeddable":true,"href":"https:\/\/www.naturparkmagazin.de\/dahme-heideseen\/wp-json\/wp\/v2\/tags?post=3255"}],"curies":[{"name":"wp","href":"https:\/\/api.w.org\/{rel}","templated":true}]}}