{"id":3264,"date":"2020-02-17T11:29:55","date_gmt":"2020-02-17T10:29:55","guid":{"rendered":"https:\/\/www.naturparkmagazin.de\/dahme-heideseen\/?p=3264"},"modified":"2020-02-21T08:27:23","modified_gmt":"2020-02-21T07:27:23","slug":"veranstaltungsreihe-mit-ffh-durchs-jahr","status":"publish","type":"post","link":"https:\/\/www.naturparkmagazin.de\/dahme-heideseen\/veranstaltungsreihe-mit-ffh-durchs-jahr\/","title":{"rendered":"Neue Veranstaltungsreihe: Mit FFH durchs Jahr"},"content":{"rendered":"<p>Die Mitarbeiter des Naturparks befassen sich seit einigen Jahren\u00a0intensiv mit den FFH-Gebieten (Fauna-Flora-Habitate)\u00a0im Naturpark. FFH-Gebiete sind nach europ\u00e4ischem Recht gesch\u00fctzte Gebiete. Gemeinsam mit fachkundigen Planungsb\u00fcros erarbeiten die Naturpark-Mitarbeiter entsprechende Managementpl\u00e4ne, in denen der zuk\u00fcnftige Umgang mit diesen Gebieten festgehalten werden soll. Das Ziel ist die Sicherung der Artenvielfalt durch die Erhaltung der nat\u00fcrlichen Lebensr\u00e4ume sowie der wild lebenden Tiere und Pflanzen. \u00dcber das Vorgehen und\u00a0den aktuellen Stand informiert der Naturpark regelm\u00e4\u00dfig auf seiner <a href=\"http:\/\/www.dahme-heideseen-naturpark.de\" target=\"_blank\">Internetseite<\/a>.<\/p>\n<p>Naturfreunde und Interessierte k\u00f6nnen sich nun auf eine neue Veranstaltungsreihe freuen: Die Mitarbeiter des Naturpark laden zu monatlichen Exkursionen\u00a0&#8222;Mit FFH durchs Jahr&#8220;\u00a0ein. Je nach Jahreszeit geht es um Amphibien, V\u00f6gel, Pflanzen, Insekten oder Flederm\u00e4use.\u00a0\u00dcber die Orte und Themen werden wir\u00a0regelm\u00e4\u00dfig informieren.<\/p>\n","protected":false},"excerpt":{"rendered":"<p>Jeden Monat laden die Mitarbeiter des Naturparks zu besonderen Schutzgebieten ein. Kommen Sie mit, wenn es zu Amphibien, Flederm\u00e4usen und V\u00f6geln geht!<\/p>\n","protected":false},"author":83,"featured_media":3266,"comment_status":"open","ping_status":"open","sticky":false,"template":"","format":"standard","meta":[],"categories":[7],"tags":[],"yoast_head":"<!-- This site is optimized with the Yoast SEO plugin v19.10 - https:\/\/yoast.com\/wordpress\/plugins\/seo\/ -->\n<title>Neue Veranstaltungsreihe: Mit FFH durchs Jahr - Naturpark Dahme-Heideseen<\/title>\n<meta name=\"robots\" content=\"index, follow, max-snippet:-1, max-image-preview:large, max-video-preview:-1\" \/>\n<link rel=\"canonical\" href=\"https:\/\/www.naturparkmagazin.de\/dahme-heideseen\/veranstaltungsreihe-mit-ffh-durchs-jahr\/\" \/>\n<meta property=\"og:locale\" content=\"de_DE\" \/>\n<meta property=\"og:type\" content=\"article\" \/>\n<meta property=\"og:title\" content=\"Neue Veranstaltungsreihe: Mit FFH durchs Jahr - Naturpark Dahme-Heideseen\" \/>\n<meta property=\"og:description\" content=\"Jeden Monat laden die Mitarbeiter des Naturparks zu besonderen Schutzgebieten ein. Kommen Sie mit, wenn es zu Amphibien, Flederm\u00e4usen und V\u00f6geln geht!\" \/>\n<meta property=\"og:url\" content=\"https:\/\/www.naturparkmagazin.de\/dahme-heideseen\/veranstaltungsreihe-mit-ffh-durchs-jahr\/\" \/>\n<meta property=\"og:site_name\" content=\"Naturpark Dahme-Heideseen\" \/>\n<meta property=\"article:published_time\" content=\"2020-02-17T10:29:55+00:00\" \/>\n<meta property=\"article:modified_time\" content=\"2020-02-21T07:27:23+00:00\" \/>\n<meta property=\"og:image\" content=\"https:\/\/www.naturparkmagazin.de\/dahme-heideseen\/wp-content\/uploads\/sites\/37\/Moor-P\u00e4tzer-Hintersee-Klaeber.jpg\" \/>\n\t<meta property=\"og:image:width\" content=\"1070\" \/>\n\t<meta property=\"og:image:height\" content=\"741\" \/>\n\t<meta property=\"og:image:type\" content=\"image\/jpeg\" \/>\n<meta name=\"author\" content=\"Astrid Osenbr\u00fcck\" \/>\n<meta name=\"twitter:label1\" content=\"Verfasst von\" \/>\n\t<meta name=\"twitter:data1\" content=\"Astrid Osenbr\u00fcck\" \/>\n\t<meta name=\"twitter:label2\" content=\"Gesch\u00e4tzte Lesezeit\" \/>\n\t<meta name=\"twitter:data2\" content=\"1\u00a0Minute\" \/>\n<script type=\"application\/ld+json\" class=\"yoast-schema-graph\">{\"@context\":\"https:\/\/schema.org\",\"@graph\":[{\"@type\":\"WebPage\",\"@id\":\"https:\/\/www.naturparkmagazin.de\/dahme-heideseen\/veranstaltungsreihe-mit-ffh-durchs-jahr\/\",\"url\":\"https:\/\/www.naturparkmagazin.de\/dahme-heideseen\/veranstaltungsreihe-mit-ffh-durchs-jahr\/\",\"name\":\"Neue Veranstaltungsreihe: Mit FFH durchs Jahr - Naturpark Dahme-Heideseen\",\"isPartOf\":{\"@id\":\"https:\/\/www.naturparkmagazin.de\/dahme-heideseen\/#website\"},\"datePublished\":\"2020-02-17T10:29:55+00:00\",\"dateModified\":\"2020-02-21T07:27:23+00:00\",\"author\":{\"@id\":\"https:\/\/www.naturparkmagazin.de\/dahme-heideseen\/#\/schema\/person\/a0510aafafdf8183c95fc98faf0c9f21\"},\"breadcrumb\":{\"@id\":\"https:\/\/www.naturparkmagazin.de\/dahme-heideseen\/veranstaltungsreihe-mit-ffh-durchs-jahr\/#breadcrumb\"},\"inLanguage\":\"de\",\"potentialAction\":[{\"@type\":\"ReadAction\",\"target\":[\"https:\/\/www.naturparkmagazin.de\/dahme-heideseen\/veranstaltungsreihe-mit-ffh-durchs-jahr\/\"]}]},{\"@type\":\"BreadcrumbList\",\"@id\":\"https:\/\/www.naturparkmagazin.de\/dahme-heideseen\/veranstaltungsreihe-mit-ffh-durchs-jahr\/#breadcrumb\",\"itemListElement\":[{\"@type\":\"ListItem\",\"position\":1,\"name\":\"Home\",\"item\":\"https:\/\/www.naturparkmagazin.de\/dahme-heideseen\/\"},{\"@type\":\"ListItem\",\"position\":2,\"name\":\"Neue Veranstaltungsreihe: Mit FFH durchs Jahr\"}]},{\"@type\":\"WebSite\",\"@id\":\"https:\/\/www.naturparkmagazin.de\/dahme-heideseen\/#website\",\"url\":\"https:\/\/www.naturparkmagazin.de\/dahme-heideseen\/\",\"name\":\"Naturpark Dahme-Heideseen\",\"description\":\"\",\"potentialAction\":[{\"@type\":\"SearchAction\",\"target\":{\"@type\":\"EntryPoint\",\"urlTemplate\":\"https:\/\/www.naturparkmagazin.de\/dahme-heideseen\/?s={search_term_string}\"},\"query-input\":\"required name=search_term_string\"}],\"inLanguage\":\"de\"},{\"@type\":\"Person\",\"@id\":\"https:\/\/www.naturparkmagazin.de\/dahme-heideseen\/#\/schema\/person\/a0510aafafdf8183c95fc98faf0c9f21\",\"name\":\"Astrid Osenbr\u00fcck\",\"sameAs\":[\"http:\/\/www.dahme-heideseen-naturpark.de\"],\"url\":\"https:\/\/www.naturparkmagazin.de\/dahme-heideseen\/author\/astridosenbrueck\/\"}]}<\/script>\n<!-- \/ Yoast SEO plugin. -->","yoast_head_json":{"title":"Neue Veranstaltungsreihe: Mit FFH durchs Jahr - Naturpark Dahme-Heideseen","robots":{"index":"index","follow":"follow","max-snippet":"max-snippet:-1","max-image-preview":"max-image-preview:large","max-video-preview":"max-video-preview:-1"},"canonical":"https:\/\/www.naturparkmagazin.de\/dahme-heideseen\/veranstaltungsreihe-mit-ffh-durchs-jahr\/","og_locale":"de_DE","og_type":"article","og_title":"Neue Veranstaltungsreihe: Mit FFH durchs Jahr - Naturpark Dahme-Heideseen","og_description":"Jeden Monat laden die Mitarbeiter des Naturparks zu besonderen Schutzgebieten ein. Kommen Sie mit, wenn es zu Amphibien, Flederm\u00e4usen und V\u00f6geln geht!","og_url":"https:\/\/www.naturparkmagazin.de\/dahme-heideseen\/veranstaltungsreihe-mit-ffh-durchs-jahr\/","og_site_name":"Naturpark Dahme-Heideseen","article_published_time":"2020-02-17T10:29:55+00:00","article_modified_time":"2020-02-21T07:27:23+00:00","og_image":[{"width":1070,"height":741,"url":"https:\/\/www.naturparkmagazin.de\/dahme-heideseen\/wp-content\/uploads\/sites\/37\/Moor-P\u00e4tzer-Hintersee-Klaeber.jpg","type":"image\/jpeg"}],"author":"Astrid Osenbr\u00fcck","twitter_misc":{"Verfasst von":"Astrid Osenbr\u00fcck","Gesch\u00e4tzte Lesezeit":"1\u00a0Minute"},"schema":{"@context":"https:\/\/schema.org","@graph":[{"@type":"WebPage","@id":"https:\/\/www.naturparkmagazin.de\/dahme-heideseen\/veranstaltungsreihe-mit-ffh-durchs-jahr\/","url":"https:\/\/www.naturparkmagazin.de\/dahme-heideseen\/veranstaltungsreihe-mit-ffh-durchs-jahr\/","name":"Neue Veranstaltungsreihe: Mit FFH durchs Jahr - Naturpark Dahme-Heideseen","isPartOf":{"@id":"https:\/\/www.naturparkmagazin.de\/dahme-heideseen\/#website"},"datePublished":"2020-02-17T10:29:55+00:00","dateModified":"2020-02-21T07:27:23+00:00","author":{"@id":"https:\/\/www.naturparkmagazin.de\/dahme-heideseen\/#\/schema\/person\/a0510aafafdf8183c95fc98faf0c9f21"},"breadcrumb":{"@id":"https:\/\/www.naturparkmagazin.de\/dahme-heideseen\/veranstaltungsreihe-mit-ffh-durchs-jahr\/#breadcrumb"},"inLanguage":"de","potentialAction":[{"@type":"ReadAction","target":["https:\/\/www.naturparkmagazin.de\/dahme-heideseen\/veranstaltungsreihe-mit-ffh-durchs-jahr\/"]}]},{"@type":"BreadcrumbList","@id":"https:\/\/www.naturparkmagazin.de\/dahme-heideseen\/veranstaltungsreihe-mit-ffh-durchs-jahr\/#breadcrumb","itemListElement":[{"@type":"ListItem","position":1,"name":"Home","item":"https:\/\/www.naturparkmagazin.de\/dahme-heideseen\/"},{"@type":"ListItem","position":2,"name":"Neue Veranstaltungsreihe: Mit FFH durchs Jahr"}]},{"@type":"WebSite","@id":"https:\/\/www.naturparkmagazin.de\/dahme-heideseen\/#website","url":"https:\/\/www.naturparkmagazin.de\/dahme-heideseen\/","name":"Naturpark Dahme-Heideseen","description":"","potentialAction":[{"@type":"SearchAction","target":{"@type":"EntryPoint","urlTemplate":"https:\/\/www.naturparkmagazin.de\/dahme-heideseen\/?s={search_term_string}"},"query-input":"required name=search_term_string"}],"inLanguage":"de"},{"@type":"Person","@id":"https:\/\/www.naturparkmagazin.de\/dahme-heideseen\/#\/schema\/person\/a0510aafafdf8183c95fc98faf0c9f21","name":"Astrid Osenbr\u00fcck","sameAs":["http:\/\/www.dahme-heideseen-naturpark.de"],"url":"https:\/\/www.naturparkmagazin.de\/dahme-heideseen\/author\/astridosenbrueck\/"}]}},"_links":{"self":[{"href":"https:\/\/www.naturparkmagazin.de\/dahme-heideseen\/wp-json\/wp\/v2\/posts\/3264"}],"collection":[{"href":"https:\/\/www.naturparkmagazin.de\/dahme-heideseen\/wp-json\/wp\/v2\/posts"}],"about":[{"href":"https:\/\/www.naturparkmagazin.de\/dahme-heideseen\/wp-json\/wp\/v2\/types\/post"}],"author":[{"embeddable":true,"href":"https:\/\/www.naturparkmagazin.de\/dahme-heideseen\/wp-json\/wp\/v2\/users\/83"}],"replies":[{"embeddable":true,"href":"https:\/\/www.naturparkmagazin.de\/dahme-heideseen\/wp-json\/wp\/v2\/comments?post=3264"}],"version-history":[{"count":3,"href":"https:\/\/www.naturparkmagazin.de\/dahme-heideseen\/wp-json\/wp\/v2\/posts\/3264\/revisions"}],"predecessor-version":[{"id":3281,"href":"https:\/\/www.naturparkmagazin.de\/dahme-heideseen\/wp-json\/wp\/v2\/posts\/3264\/revisions\/3281"}],"wp:featuredmedia":[{"embeddable":true,"href":"https:\/\/www.naturparkmagazin.de\/dahme-heideseen\/wp-json\/wp\/v2\/media\/3266"}],"wp:attachment":[{"href":"https:\/\/www.naturparkmagazin.de\/dahme-heideseen\/wp-json\/wp\/v2\/media?parent=3264"}],"wp:term":[{"taxonomy":"category","embeddable":true,"href":"https:\/\/www.naturparkmagazin.de\/dahme-heideseen\/wp-json\/wp\/v2\/categories?post=3264"},{"taxonomy":"post_tag","embeddable":true,"href":"https:\/\/www.naturparkmagazin.de\/dahme-heideseen\/wp-json\/wp\/v2\/tags?post=3264"}],"curies":[{"name":"wp","href":"https:\/\/api.w.org\/{rel}","templated":true}]}}