{"id":3272,"date":"2020-02-17T12:49:27","date_gmt":"2020-02-17T11:49:27","guid":{"rendered":"https:\/\/www.naturparkmagazin.de\/dahme-heideseen\/?p=3272"},"modified":"2020-02-26T15:30:40","modified_gmt":"2020-02-26T14:30:40","slug":"schutz-fuer-bedrohte-amphibien","status":"publish","type":"post","link":"https:\/\/www.naturparkmagazin.de\/dahme-heideseen\/schutz-fuer-bedrohte-amphibien\/","title":{"rendered":"Schutz f\u00fcr bedrohte Amphibien"},"content":{"rendered":"<p>Es ist wieder soweit &#8211; sobald die N\u00e4chte warm und feucht sind, begeben sich die Amphibien auf ihre Wanderung, mit dem Ziel, ein geeignetes Laichgew\u00e4sser und eine passende Partnerin oder einen passenden Partner zu finden. Doch\u00a0die Wanderung birgt viele Gefahren. Ein besonders gro\u00dfes Problem stellen Autostra\u00dfen dar, da die kleinen Tiere den heranbrausenden Autos h\u00e4ufig nicht rechtzeitig ausweichen k\u00f6nnen.<\/p>\n<p>Dennoch lockt das \u00a0Reichards-Luch im <a class=\"external-link-new-window\" title=\"Opens internal link in current window\" href=\"https:\/\/www.dahme-heideseen-naturpark.de\/themen\/natura-2000\/schwenower-forst-ergaenzung\/\">FFH-Gebiet Schwenower Forst Erg\u00e4nzung<\/a>\u00a0jedes Jahr mit idealen Laichbedingungen &#8211;\u00a0trotz zu \u00fcberquerender Landstra\u00dfe. Um den Tieren\u00a0einen gefahrfreien\u00a0\u00dcbergang zu erm\u00f6glichen, bauen Mitarbeiter der Naturpark-Verwaltung, der Naturwacht\u00a0sowie Freiwillige jedes Jahr\u00a0einen \u00fcber 100 Meter langen Kr\u00f6tenzaun zwischen Limsdorf und Ahrensdorf\u00a0auf. Die zahlreichen Eimer m\u00fcssen t\u00e4glich kontrolliert und geleert werden. Im letzten Jahr konnten die Helfer so knapp 300 Tiere &#8211;\u00a0darunter viele Kammmolche und Rotbauchunken &#8211;\u00a0\u00a0sicher \u00fcber die Stra\u00dfe bringen. Wie viele Tiere dieses Jahr sicher \u00fcber die Stra\u00dfe gebracht werden,\u00a0lesen Sie\u00a0regelm\u00e4\u00dfig auf unserer <a href=\"http:\/\/www.dahme-heideseen-naturpark.de\">Internetseite<\/a>.<\/p>\n","protected":false},"excerpt":{"rendered":"<p>Zwischen Limsdorf und Ahrensdorf stellen Helfer j\u00e4hrlich einen \u00fcber 100 Meter langen Kr\u00f6tenzaun auf. 2019 brachten sie fast 300 Tiere \u00fcber die gef\u00e4hrliche Landstra\u00dfe. Wie viele werden es 2020 sein?<\/p>\n","protected":false},"author":83,"featured_media":2451,"comment_status":"open","ping_status":"open","sticky":false,"template":"","format":"standard","meta":[],"categories":[7],"tags":[],"yoast_head":"<!-- This site is optimized with the Yoast SEO plugin v19.10 - https:\/\/yoast.com\/wordpress\/plugins\/seo\/ -->\n<title>Schutz f\u00fcr bedrohte Amphibien - Naturpark Dahme-Heideseen<\/title>\n<meta name=\"robots\" content=\"index, follow, max-snippet:-1, max-image-preview:large, max-video-preview:-1\" \/>\n<link rel=\"canonical\" href=\"https:\/\/www.naturparkmagazin.de\/dahme-heideseen\/schutz-fuer-bedrohte-amphibien\/\" \/>\n<meta property=\"og:locale\" content=\"de_DE\" \/>\n<meta property=\"og:type\" content=\"article\" \/>\n<meta property=\"og:title\" content=\"Schutz f\u00fcr bedrohte Amphibien - Naturpark Dahme-Heideseen\" \/>\n<meta property=\"og:description\" content=\"Zwischen Limsdorf und Ahrensdorf stellen Helfer j\u00e4hrlich einen \u00fcber 100 Meter langen Kr\u00f6tenzaun auf. 2019 brachten sie fast 300 Tiere \u00fcber die gef\u00e4hrliche Landstra\u00dfe. Wie viele werden es 2020 sein?\" \/>\n<meta property=\"og:url\" content=\"https:\/\/www.naturparkmagazin.de\/dahme-heideseen\/schutz-fuer-bedrohte-amphibien\/\" \/>\n<meta property=\"og:site_name\" content=\"Naturpark Dahme-Heideseen\" \/>\n<meta property=\"article:published_time\" content=\"2020-02-17T11:49:27+00:00\" \/>\n<meta property=\"article:modified_time\" content=\"2020-02-26T14:30:40+00:00\" \/>\n<meta property=\"og:image\" content=\"https:\/\/www.naturparkmagazin.de\/dahme-heideseen\/wp-content\/uploads\/sites\/37\/npdh_Erdkroeten_naturwacht_f88c385971.jpg\" \/>\n\t<meta property=\"og:image:width\" content=\"1000\" \/>\n\t<meta property=\"og:image:height\" content=\"678\" \/>\n\t<meta property=\"og:image:type\" content=\"image\/jpeg\" \/>\n<meta name=\"author\" content=\"Astrid Osenbr\u00fcck\" \/>\n<meta name=\"twitter:label1\" content=\"Verfasst von\" \/>\n\t<meta name=\"twitter:data1\" content=\"Astrid Osenbr\u00fcck\" \/>\n\t<meta name=\"twitter:label2\" content=\"Gesch\u00e4tzte Lesezeit\" \/>\n\t<meta name=\"twitter:data2\" content=\"1\u00a0Minute\" \/>\n<script type=\"application\/ld+json\" class=\"yoast-schema-graph\">{\"@context\":\"https:\/\/schema.org\",\"@graph\":[{\"@type\":\"WebPage\",\"@id\":\"https:\/\/www.naturparkmagazin.de\/dahme-heideseen\/schutz-fuer-bedrohte-amphibien\/\",\"url\":\"https:\/\/www.naturparkmagazin.de\/dahme-heideseen\/schutz-fuer-bedrohte-amphibien\/\",\"name\":\"Schutz f\u00fcr bedrohte Amphibien - Naturpark Dahme-Heideseen\",\"isPartOf\":{\"@id\":\"https:\/\/www.naturparkmagazin.de\/dahme-heideseen\/#website\"},\"datePublished\":\"2020-02-17T11:49:27+00:00\",\"dateModified\":\"2020-02-26T14:30:40+00:00\",\"author\":{\"@id\":\"https:\/\/www.naturparkmagazin.de\/dahme-heideseen\/#\/schema\/person\/a0510aafafdf8183c95fc98faf0c9f21\"},\"breadcrumb\":{\"@id\":\"https:\/\/www.naturparkmagazin.de\/dahme-heideseen\/schutz-fuer-bedrohte-amphibien\/#breadcrumb\"},\"inLanguage\":\"de\",\"potentialAction\":[{\"@type\":\"ReadAction\",\"target\":[\"https:\/\/www.naturparkmagazin.de\/dahme-heideseen\/schutz-fuer-bedrohte-amphibien\/\"]}]},{\"@type\":\"BreadcrumbList\",\"@id\":\"https:\/\/www.naturparkmagazin.de\/dahme-heideseen\/schutz-fuer-bedrohte-amphibien\/#breadcrumb\",\"itemListElement\":[{\"@type\":\"ListItem\",\"position\":1,\"name\":\"Home\",\"item\":\"https:\/\/www.naturparkmagazin.de\/dahme-heideseen\/\"},{\"@type\":\"ListItem\",\"position\":2,\"name\":\"Schutz f\u00fcr bedrohte Amphibien\"}]},{\"@type\":\"WebSite\",\"@id\":\"https:\/\/www.naturparkmagazin.de\/dahme-heideseen\/#website\",\"url\":\"https:\/\/www.naturparkmagazin.de\/dahme-heideseen\/\",\"name\":\"Naturpark Dahme-Heideseen\",\"description\":\"\",\"potentialAction\":[{\"@type\":\"SearchAction\",\"target\":{\"@type\":\"EntryPoint\",\"urlTemplate\":\"https:\/\/www.naturparkmagazin.de\/dahme-heideseen\/?s={search_term_string}\"},\"query-input\":\"required name=search_term_string\"}],\"inLanguage\":\"de\"},{\"@type\":\"Person\",\"@id\":\"https:\/\/www.naturparkmagazin.de\/dahme-heideseen\/#\/schema\/person\/a0510aafafdf8183c95fc98faf0c9f21\",\"name\":\"Astrid Osenbr\u00fcck\",\"sameAs\":[\"http:\/\/www.dahme-heideseen-naturpark.de\"],\"url\":\"https:\/\/www.naturparkmagazin.de\/dahme-heideseen\/author\/astridosenbrueck\/\"}]}<\/script>\n<!-- \/ Yoast SEO plugin. -->","yoast_head_json":{"title":"Schutz f\u00fcr bedrohte Amphibien - Naturpark Dahme-Heideseen","robots":{"index":"index","follow":"follow","max-snippet":"max-snippet:-1","max-image-preview":"max-image-preview:large","max-video-preview":"max-video-preview:-1"},"canonical":"https:\/\/www.naturparkmagazin.de\/dahme-heideseen\/schutz-fuer-bedrohte-amphibien\/","og_locale":"de_DE","og_type":"article","og_title":"Schutz f\u00fcr bedrohte Amphibien - Naturpark Dahme-Heideseen","og_description":"Zwischen Limsdorf und Ahrensdorf stellen Helfer j\u00e4hrlich einen \u00fcber 100 Meter langen Kr\u00f6tenzaun auf. 2019 brachten sie fast 300 Tiere \u00fcber die gef\u00e4hrliche Landstra\u00dfe. Wie viele werden es 2020 sein?","og_url":"https:\/\/www.naturparkmagazin.de\/dahme-heideseen\/schutz-fuer-bedrohte-amphibien\/","og_site_name":"Naturpark Dahme-Heideseen","article_published_time":"2020-02-17T11:49:27+00:00","article_modified_time":"2020-02-26T14:30:40+00:00","og_image":[{"width":1000,"height":678,"url":"https:\/\/www.naturparkmagazin.de\/dahme-heideseen\/wp-content\/uploads\/sites\/37\/npdh_Erdkroeten_naturwacht_f88c385971.jpg","type":"image\/jpeg"}],"author":"Astrid Osenbr\u00fcck","twitter_misc":{"Verfasst von":"Astrid Osenbr\u00fcck","Gesch\u00e4tzte Lesezeit":"1\u00a0Minute"},"schema":{"@context":"https:\/\/schema.org","@graph":[{"@type":"WebPage","@id":"https:\/\/www.naturparkmagazin.de\/dahme-heideseen\/schutz-fuer-bedrohte-amphibien\/","url":"https:\/\/www.naturparkmagazin.de\/dahme-heideseen\/schutz-fuer-bedrohte-amphibien\/","name":"Schutz f\u00fcr bedrohte Amphibien - Naturpark Dahme-Heideseen","isPartOf":{"@id":"https:\/\/www.naturparkmagazin.de\/dahme-heideseen\/#website"},"datePublished":"2020-02-17T11:49:27+00:00","dateModified":"2020-02-26T14:30:40+00:00","author":{"@id":"https:\/\/www.naturparkmagazin.de\/dahme-heideseen\/#\/schema\/person\/a0510aafafdf8183c95fc98faf0c9f21"},"breadcrumb":{"@id":"https:\/\/www.naturparkmagazin.de\/dahme-heideseen\/schutz-fuer-bedrohte-amphibien\/#breadcrumb"},"inLanguage":"de","potentialAction":[{"@type":"ReadAction","target":["https:\/\/www.naturparkmagazin.de\/dahme-heideseen\/schutz-fuer-bedrohte-amphibien\/"]}]},{"@type":"BreadcrumbList","@id":"https:\/\/www.naturparkmagazin.de\/dahme-heideseen\/schutz-fuer-bedrohte-amphibien\/#breadcrumb","itemListElement":[{"@type":"ListItem","position":1,"name":"Home","item":"https:\/\/www.naturparkmagazin.de\/dahme-heideseen\/"},{"@type":"ListItem","position":2,"name":"Schutz f\u00fcr bedrohte Amphibien"}]},{"@type":"WebSite","@id":"https:\/\/www.naturparkmagazin.de\/dahme-heideseen\/#website","url":"https:\/\/www.naturparkmagazin.de\/dahme-heideseen\/","name":"Naturpark Dahme-Heideseen","description":"","potentialAction":[{"@type":"SearchAction","target":{"@type":"EntryPoint","urlTemplate":"https:\/\/www.naturparkmagazin.de\/dahme-heideseen\/?s={search_term_string}"},"query-input":"required name=search_term_string"}],"inLanguage":"de"},{"@type":"Person","@id":"https:\/\/www.naturparkmagazin.de\/dahme-heideseen\/#\/schema\/person\/a0510aafafdf8183c95fc98faf0c9f21","name":"Astrid Osenbr\u00fcck","sameAs":["http:\/\/www.dahme-heideseen-naturpark.de"],"url":"https:\/\/www.naturparkmagazin.de\/dahme-heideseen\/author\/astridosenbrueck\/"}]}},"_links":{"self":[{"href":"https:\/\/www.naturparkmagazin.de\/dahme-heideseen\/wp-json\/wp\/v2\/posts\/3272"}],"collection":[{"href":"https:\/\/www.naturparkmagazin.de\/dahme-heideseen\/wp-json\/wp\/v2\/posts"}],"about":[{"href":"https:\/\/www.naturparkmagazin.de\/dahme-heideseen\/wp-json\/wp\/v2\/types\/post"}],"author":[{"embeddable":true,"href":"https:\/\/www.naturparkmagazin.de\/dahme-heideseen\/wp-json\/wp\/v2\/users\/83"}],"replies":[{"embeddable":true,"href":"https:\/\/www.naturparkmagazin.de\/dahme-heideseen\/wp-json\/wp\/v2\/comments?post=3272"}],"version-history":[{"count":5,"href":"https:\/\/www.naturparkmagazin.de\/dahme-heideseen\/wp-json\/wp\/v2\/posts\/3272\/revisions"}],"predecessor-version":[{"id":3295,"href":"https:\/\/www.naturparkmagazin.de\/dahme-heideseen\/wp-json\/wp\/v2\/posts\/3272\/revisions\/3295"}],"wp:featuredmedia":[{"embeddable":true,"href":"https:\/\/www.naturparkmagazin.de\/dahme-heideseen\/wp-json\/wp\/v2\/media\/2451"}],"wp:attachment":[{"href":"https:\/\/www.naturparkmagazin.de\/dahme-heideseen\/wp-json\/wp\/v2\/media?parent=3272"}],"wp:term":[{"taxonomy":"category","embeddable":true,"href":"https:\/\/www.naturparkmagazin.de\/dahme-heideseen\/wp-json\/wp\/v2\/categories?post=3272"},{"taxonomy":"post_tag","embeddable":true,"href":"https:\/\/www.naturparkmagazin.de\/dahme-heideseen\/wp-json\/wp\/v2\/tags?post=3272"}],"curies":[{"name":"wp","href":"https:\/\/api.w.org\/{rel}","templated":true}]}}