{"id":3278,"date":"2020-02-21T08:25:28","date_gmt":"2020-02-21T07:25:28","guid":{"rendered":"https:\/\/www.naturparkmagazin.de\/dahme-heideseen\/?p=3278"},"modified":"2020-02-21T08:32:39","modified_gmt":"2020-02-21T07:32:39","slug":"25-3-fotovortrag-erhard-laube-alles-was-fliegt","status":"publish","type":"post","link":"https:\/\/www.naturparkmagazin.de\/dahme-heideseen\/25-3-fotovortrag-erhard-laube-alles-was-fliegt\/","title":{"rendered":"25.3.: Fotovortrag: Erhard Laube &#8222;Alles was fliegt&#8220;"},"content":{"rendered":"<p>Ein Vortrag \u00fcber die Sch\u00f6nheit der Vielfalt: Bilder und Geschichten von V\u00f6geln, Schmetterlingen und Libellen aus dem Naturpark Dahme-Heideseen.<\/p>\n<p>&nbsp;<\/p>\n<p class=\"tiny_p\"><u>Eintritt:\u00a0 <\/u><\/p>\n<p class=\"tiny_p\">2 \u20ac Kinder\n5 \u20ac Erwachsene<\/p>\n<p class=\"tiny_p\"><em>Voranmeldungen werden gern bei der Tourist-Information oder dem Besucherinformationszentrum auf der Burg Storkow entgegengenommen &#8211; telefonisch unter 033678-73108 oder per E-Mail an <a href=\"mailto:besucherzentrum@storkow.de\">besucherzentrum@storkow.de<\/a> .<\/em><\/p>\n","protected":false},"excerpt":{"rendered":"<p>Ein Vortrag \u00fcber die Sch\u00f6nheit der Vielfalt: Bilder und Geschichten von V\u00f6geln, Schmetterlingen und Libellen aus dem Naturpark Dahme-Heideseen.<\/p>\n","protected":false},"author":83,"featured_media":2888,"comment_status":"open","ping_status":"open","sticky":false,"template":"","format":"standard","meta":[],"categories":[11],"tags":[],"yoast_head":"<!-- This site is optimized with the Yoast SEO plugin v19.10 - https:\/\/yoast.com\/wordpress\/plugins\/seo\/ -->\n<title>25.3.: Fotovortrag: Erhard Laube &quot;Alles was fliegt&quot; - Naturpark Dahme-Heideseen<\/title>\n<meta name=\"robots\" content=\"index, follow, max-snippet:-1, max-image-preview:large, max-video-preview:-1\" \/>\n<link rel=\"canonical\" href=\"https:\/\/www.naturparkmagazin.de\/dahme-heideseen\/25-3-fotovortrag-erhard-laube-alles-was-fliegt\/\" \/>\n<meta property=\"og:locale\" content=\"de_DE\" \/>\n<meta property=\"og:type\" content=\"article\" \/>\n<meta property=\"og:title\" content=\"25.3.: Fotovortrag: Erhard Laube &quot;Alles was fliegt&quot; - Naturpark Dahme-Heideseen\" \/>\n<meta property=\"og:description\" content=\"Ein Vortrag \u00fcber die Sch\u00f6nheit der Vielfalt: Bilder und Geschichten von V\u00f6geln, Schmetterlingen und Libellen aus dem Naturpark Dahme-Heideseen.\" \/>\n<meta property=\"og:url\" content=\"https:\/\/www.naturparkmagazin.de\/dahme-heideseen\/25-3-fotovortrag-erhard-laube-alles-was-fliegt\/\" \/>\n<meta property=\"og:site_name\" content=\"Naturpark Dahme-Heideseen\" \/>\n<meta property=\"article:published_time\" content=\"2020-02-21T07:25:28+00:00\" \/>\n<meta property=\"article:modified_time\" content=\"2020-02-21T07:32:39+00:00\" \/>\n<meta property=\"og:image\" content=\"https:\/\/www.naturparkmagazin.de\/dahme-heideseen\/wp-content\/uploads\/sites\/37\/Eisvogel_WolfgangKlaeber.jpg\" \/>\n\t<meta property=\"og:image:width\" content=\"1000\" \/>\n\t<meta property=\"og:image:height\" content=\"725\" \/>\n\t<meta property=\"og:image:type\" content=\"image\/jpeg\" \/>\n<meta name=\"author\" content=\"Astrid Osenbr\u00fcck\" \/>\n<meta name=\"twitter:label1\" content=\"Verfasst von\" \/>\n\t<meta name=\"twitter:data1\" content=\"Astrid Osenbr\u00fcck\" \/>\n<script type=\"application\/ld+json\" class=\"yoast-schema-graph\">{\"@context\":\"https:\/\/schema.org\",\"@graph\":[{\"@type\":\"WebPage\",\"@id\":\"https:\/\/www.naturparkmagazin.de\/dahme-heideseen\/25-3-fotovortrag-erhard-laube-alles-was-fliegt\/\",\"url\":\"https:\/\/www.naturparkmagazin.de\/dahme-heideseen\/25-3-fotovortrag-erhard-laube-alles-was-fliegt\/\",\"name\":\"25.3.: Fotovortrag: Erhard Laube \\\"Alles was fliegt\\\" - Naturpark Dahme-Heideseen\",\"isPartOf\":{\"@id\":\"https:\/\/www.naturparkmagazin.de\/dahme-heideseen\/#website\"},\"datePublished\":\"2020-02-21T07:25:28+00:00\",\"dateModified\":\"2020-02-21T07:32:39+00:00\",\"author\":{\"@id\":\"https:\/\/www.naturparkmagazin.de\/dahme-heideseen\/#\/schema\/person\/a0510aafafdf8183c95fc98faf0c9f21\"},\"breadcrumb\":{\"@id\":\"https:\/\/www.naturparkmagazin.de\/dahme-heideseen\/25-3-fotovortrag-erhard-laube-alles-was-fliegt\/#breadcrumb\"},\"inLanguage\":\"de\",\"potentialAction\":[{\"@type\":\"ReadAction\",\"target\":[\"https:\/\/www.naturparkmagazin.de\/dahme-heideseen\/25-3-fotovortrag-erhard-laube-alles-was-fliegt\/\"]}]},{\"@type\":\"BreadcrumbList\",\"@id\":\"https:\/\/www.naturparkmagazin.de\/dahme-heideseen\/25-3-fotovortrag-erhard-laube-alles-was-fliegt\/#breadcrumb\",\"itemListElement\":[{\"@type\":\"ListItem\",\"position\":1,\"name\":\"Home\",\"item\":\"https:\/\/www.naturparkmagazin.de\/dahme-heideseen\/\"},{\"@type\":\"ListItem\",\"position\":2,\"name\":\"25.3.: Fotovortrag: Erhard Laube &#8222;Alles was fliegt&#8220;\"}]},{\"@type\":\"WebSite\",\"@id\":\"https:\/\/www.naturparkmagazin.de\/dahme-heideseen\/#website\",\"url\":\"https:\/\/www.naturparkmagazin.de\/dahme-heideseen\/\",\"name\":\"Naturpark Dahme-Heideseen\",\"description\":\"\",\"potentialAction\":[{\"@type\":\"SearchAction\",\"target\":{\"@type\":\"EntryPoint\",\"urlTemplate\":\"https:\/\/www.naturparkmagazin.de\/dahme-heideseen\/?s={search_term_string}\"},\"query-input\":\"required name=search_term_string\"}],\"inLanguage\":\"de\"},{\"@type\":\"Person\",\"@id\":\"https:\/\/www.naturparkmagazin.de\/dahme-heideseen\/#\/schema\/person\/a0510aafafdf8183c95fc98faf0c9f21\",\"name\":\"Astrid Osenbr\u00fcck\",\"sameAs\":[\"http:\/\/www.dahme-heideseen-naturpark.de\"],\"url\":\"https:\/\/www.naturparkmagazin.de\/dahme-heideseen\/author\/astridosenbrueck\/\"}]}<\/script>\n<!-- \/ Yoast SEO plugin. -->","yoast_head_json":{"title":"25.3.: Fotovortrag: Erhard Laube \"Alles was fliegt\" - Naturpark Dahme-Heideseen","robots":{"index":"index","follow":"follow","max-snippet":"max-snippet:-1","max-image-preview":"max-image-preview:large","max-video-preview":"max-video-preview:-1"},"canonical":"https:\/\/www.naturparkmagazin.de\/dahme-heideseen\/25-3-fotovortrag-erhard-laube-alles-was-fliegt\/","og_locale":"de_DE","og_type":"article","og_title":"25.3.: Fotovortrag: Erhard Laube \"Alles was fliegt\" - Naturpark Dahme-Heideseen","og_description":"Ein Vortrag \u00fcber die Sch\u00f6nheit der Vielfalt: Bilder und Geschichten von V\u00f6geln, Schmetterlingen und Libellen aus dem Naturpark Dahme-Heideseen.","og_url":"https:\/\/www.naturparkmagazin.de\/dahme-heideseen\/25-3-fotovortrag-erhard-laube-alles-was-fliegt\/","og_site_name":"Naturpark Dahme-Heideseen","article_published_time":"2020-02-21T07:25:28+00:00","article_modified_time":"2020-02-21T07:32:39+00:00","og_image":[{"width":1000,"height":725,"url":"https:\/\/www.naturparkmagazin.de\/dahme-heideseen\/wp-content\/uploads\/sites\/37\/Eisvogel_WolfgangKlaeber.jpg","type":"image\/jpeg"}],"author":"Astrid Osenbr\u00fcck","twitter_misc":{"Verfasst von":"Astrid Osenbr\u00fcck"},"schema":{"@context":"https:\/\/schema.org","@graph":[{"@type":"WebPage","@id":"https:\/\/www.naturparkmagazin.de\/dahme-heideseen\/25-3-fotovortrag-erhard-laube-alles-was-fliegt\/","url":"https:\/\/www.naturparkmagazin.de\/dahme-heideseen\/25-3-fotovortrag-erhard-laube-alles-was-fliegt\/","name":"25.3.: Fotovortrag: Erhard Laube \"Alles was fliegt\" - Naturpark Dahme-Heideseen","isPartOf":{"@id":"https:\/\/www.naturparkmagazin.de\/dahme-heideseen\/#website"},"datePublished":"2020-02-21T07:25:28+00:00","dateModified":"2020-02-21T07:32:39+00:00","author":{"@id":"https:\/\/www.naturparkmagazin.de\/dahme-heideseen\/#\/schema\/person\/a0510aafafdf8183c95fc98faf0c9f21"},"breadcrumb":{"@id":"https:\/\/www.naturparkmagazin.de\/dahme-heideseen\/25-3-fotovortrag-erhard-laube-alles-was-fliegt\/#breadcrumb"},"inLanguage":"de","potentialAction":[{"@type":"ReadAction","target":["https:\/\/www.naturparkmagazin.de\/dahme-heideseen\/25-3-fotovortrag-erhard-laube-alles-was-fliegt\/"]}]},{"@type":"BreadcrumbList","@id":"https:\/\/www.naturparkmagazin.de\/dahme-heideseen\/25-3-fotovortrag-erhard-laube-alles-was-fliegt\/#breadcrumb","itemListElement":[{"@type":"ListItem","position":1,"name":"Home","item":"https:\/\/www.naturparkmagazin.de\/dahme-heideseen\/"},{"@type":"ListItem","position":2,"name":"25.3.: Fotovortrag: Erhard Laube &#8222;Alles was fliegt&#8220;"}]},{"@type":"WebSite","@id":"https:\/\/www.naturparkmagazin.de\/dahme-heideseen\/#website","url":"https:\/\/www.naturparkmagazin.de\/dahme-heideseen\/","name":"Naturpark Dahme-Heideseen","description":"","potentialAction":[{"@type":"SearchAction","target":{"@type":"EntryPoint","urlTemplate":"https:\/\/www.naturparkmagazin.de\/dahme-heideseen\/?s={search_term_string}"},"query-input":"required name=search_term_string"}],"inLanguage":"de"},{"@type":"Person","@id":"https:\/\/www.naturparkmagazin.de\/dahme-heideseen\/#\/schema\/person\/a0510aafafdf8183c95fc98faf0c9f21","name":"Astrid Osenbr\u00fcck","sameAs":["http:\/\/www.dahme-heideseen-naturpark.de"],"url":"https:\/\/www.naturparkmagazin.de\/dahme-heideseen\/author\/astridosenbrueck\/"}]}},"_links":{"self":[{"href":"https:\/\/www.naturparkmagazin.de\/dahme-heideseen\/wp-json\/wp\/v2\/posts\/3278"}],"collection":[{"href":"https:\/\/www.naturparkmagazin.de\/dahme-heideseen\/wp-json\/wp\/v2\/posts"}],"about":[{"href":"https:\/\/www.naturparkmagazin.de\/dahme-heideseen\/wp-json\/wp\/v2\/types\/post"}],"author":[{"embeddable":true,"href":"https:\/\/www.naturparkmagazin.de\/dahme-heideseen\/wp-json\/wp\/v2\/users\/83"}],"replies":[{"embeddable":true,"href":"https:\/\/www.naturparkmagazin.de\/dahme-heideseen\/wp-json\/wp\/v2\/comments?post=3278"}],"version-history":[{"count":1,"href":"https:\/\/www.naturparkmagazin.de\/dahme-heideseen\/wp-json\/wp\/v2\/posts\/3278\/revisions"}],"predecessor-version":[{"id":3279,"href":"https:\/\/www.naturparkmagazin.de\/dahme-heideseen\/wp-json\/wp\/v2\/posts\/3278\/revisions\/3279"}],"wp:featuredmedia":[{"embeddable":true,"href":"https:\/\/www.naturparkmagazin.de\/dahme-heideseen\/wp-json\/wp\/v2\/media\/2888"}],"wp:attachment":[{"href":"https:\/\/www.naturparkmagazin.de\/dahme-heideseen\/wp-json\/wp\/v2\/media?parent=3278"}],"wp:term":[{"taxonomy":"category","embeddable":true,"href":"https:\/\/www.naturparkmagazin.de\/dahme-heideseen\/wp-json\/wp\/v2\/categories?post=3278"},{"taxonomy":"post_tag","embeddable":true,"href":"https:\/\/www.naturparkmagazin.de\/dahme-heideseen\/wp-json\/wp\/v2\/tags?post=3278"}],"curies":[{"name":"wp","href":"https:\/\/api.w.org\/{rel}","templated":true}]}}