{"id":3291,"date":"2020-03-02T13:53:47","date_gmt":"2020-03-02T12:53:47","guid":{"rendered":"https:\/\/www.naturparkmagazin.de\/dahme-heideseen\/?p=3291"},"modified":"2020-03-02T13:53:47","modified_gmt":"2020-03-02T12:53:47","slug":"408-000-glasaale-im-naturpark-ausgesetzt","status":"publish","type":"post","link":"https:\/\/www.naturparkmagazin.de\/dahme-heideseen\/408-000-glasaale-im-naturpark-ausgesetzt\/","title":{"rendered":"408.000 Glasaale im Naturpark ausgesetzt"},"content":{"rendered":"<p><span style=\"color: #333333;font-family: 'Georgia','serif'\">Einen ganz besonderen Beitrag zum Erhalt der Artenvielfalt hat der Leiter des Naturparks, Gunnar Heyne, gemeinsam mit der Fischerei K\u00f6llnitz geleistet. Rund 408.000 Jung-Aale haben die Partner Ende Februar in die Freiheit entlassen. Die Tiere, die in jungen Jahren\u00a0durchscheinend wirken und deswegen gerne auch als Glasaale bezeichnet werden, sollen nun ihre neue Heimat in der Gro\u00df Schauener Seenkette mit einer Fl\u00e4che von 955 Hektar finden.<\/span><\/p>\n<p><span style=\"color: #333333;font-family: 'Georgia','serif'\">F\u00fcnf der insgesamt 33 Kisten wurden etwa 150 Meter hinaus auf den See gezogen und an den Schilfkanten der Gro\u00df Schauener Badestelle entleert. Die weiteren Kisten fuhren die Fischer hinaus auf den See.<\/span><\/p>\n<p><span style=\"color: #333333;font-family: 'Georgia','serif'\">Solche Aktionen sind notwendig \u2013 denn ohne entsprechende Hilfe hat der Aal keine Chance, hierher zu kommen. Querverbauungen von Fl\u00fcssen machen eine lange Wanderung unm\u00f6glich. So k\u00f6nnen die Tiere von den Laichgr\u00fcnden in der Sargassosee s\u00fcdlich der Bermuda-Inseln nicht die Gew\u00e4sser erreichen, die sie in den n\u00e4chsten 8 bis 15 Jahren brauchen, um zur Laichreife aufzuwachsen.<\/span><\/p>\n<p><span style=\"color: #333333;font-family: 'Georgia','serif'\">Das Pilotprojekt zur Sicherung des Europ\u00e4ischen Aalbestandes im Elbeeinzugsgebiet des Landes Brandenburgs soll die hiesigen Aalbest\u00e4nde sch\u00fctzen und st\u00e4rken.<\/span><\/p>\n<p>&nbsp;<\/p>\n","protected":false},"excerpt":{"rendered":"<p>Die Fischerei K\u00f6llnitz hat zahlreiche Glasaale in die Gro\u00df Schauener Seenkette aussetzen lassen. Gunnar Heyne, Leiter des Naturpark, war bei der Aktion dabei: Eine wichtige Ma\u00dfnahme zum Erhalt der Artenvielfalt.<\/p>\n","protected":false},"author":83,"featured_media":3297,"comment_status":"open","ping_status":"open","sticky":false,"template":"","format":"standard","meta":[],"categories":[7],"tags":[],"yoast_head":"<!-- This site is optimized with the Yoast SEO plugin v19.10 - https:\/\/yoast.com\/wordpress\/plugins\/seo\/ -->\n<title>408.000 Glasaale im Naturpark ausgesetzt - Naturpark Dahme-Heideseen<\/title>\n<meta name=\"robots\" content=\"index, follow, max-snippet:-1, max-image-preview:large, max-video-preview:-1\" \/>\n<link rel=\"canonical\" href=\"https:\/\/www.naturparkmagazin.de\/dahme-heideseen\/408-000-glasaale-im-naturpark-ausgesetzt\/\" \/>\n<meta property=\"og:locale\" content=\"de_DE\" \/>\n<meta property=\"og:type\" content=\"article\" \/>\n<meta property=\"og:title\" content=\"408.000 Glasaale im Naturpark ausgesetzt - Naturpark Dahme-Heideseen\" \/>\n<meta property=\"og:description\" content=\"Die Fischerei K\u00f6llnitz hat zahlreiche Glasaale in die Gro\u00df Schauener Seenkette aussetzen lassen. Gunnar Heyne, Leiter des Naturpark, war bei der Aktion dabei: Eine wichtige Ma\u00dfnahme zum Erhalt der Artenvielfalt.\" \/>\n<meta property=\"og:url\" content=\"https:\/\/www.naturparkmagazin.de\/dahme-heideseen\/408-000-glasaale-im-naturpark-ausgesetzt\/\" \/>\n<meta property=\"og:site_name\" content=\"Naturpark Dahme-Heideseen\" \/>\n<meta property=\"article:published_time\" content=\"2020-03-02T12:53:47+00:00\" \/>\n<meta property=\"og:image\" content=\"https:\/\/www.naturparkmagazin.de\/dahme-heideseen\/wp-content\/uploads\/sites\/37\/20200220_113215-klein.jpg\" \/>\n\t<meta property=\"og:image:width\" content=\"1000\" \/>\n\t<meta property=\"og:image:height\" content=\"2057\" \/>\n\t<meta property=\"og:image:type\" content=\"image\/jpeg\" \/>\n<meta name=\"author\" content=\"Astrid Osenbr\u00fcck\" \/>\n<meta name=\"twitter:label1\" content=\"Verfasst von\" \/>\n\t<meta name=\"twitter:data1\" content=\"Astrid Osenbr\u00fcck\" \/>\n\t<meta name=\"twitter:label2\" content=\"Gesch\u00e4tzte Lesezeit\" \/>\n\t<meta name=\"twitter:data2\" content=\"1\u00a0Minute\" \/>\n<script type=\"application\/ld+json\" class=\"yoast-schema-graph\">{\"@context\":\"https:\/\/schema.org\",\"@graph\":[{\"@type\":\"WebPage\",\"@id\":\"https:\/\/www.naturparkmagazin.de\/dahme-heideseen\/408-000-glasaale-im-naturpark-ausgesetzt\/\",\"url\":\"https:\/\/www.naturparkmagazin.de\/dahme-heideseen\/408-000-glasaale-im-naturpark-ausgesetzt\/\",\"name\":\"408.000 Glasaale im Naturpark ausgesetzt - Naturpark Dahme-Heideseen\",\"isPartOf\":{\"@id\":\"https:\/\/www.naturparkmagazin.de\/dahme-heideseen\/#website\"},\"datePublished\":\"2020-03-02T12:53:47+00:00\",\"dateModified\":\"2020-03-02T12:53:47+00:00\",\"author\":{\"@id\":\"https:\/\/www.naturparkmagazin.de\/dahme-heideseen\/#\/schema\/person\/a0510aafafdf8183c95fc98faf0c9f21\"},\"breadcrumb\":{\"@id\":\"https:\/\/www.naturparkmagazin.de\/dahme-heideseen\/408-000-glasaale-im-naturpark-ausgesetzt\/#breadcrumb\"},\"inLanguage\":\"de\",\"potentialAction\":[{\"@type\":\"ReadAction\",\"target\":[\"https:\/\/www.naturparkmagazin.de\/dahme-heideseen\/408-000-glasaale-im-naturpark-ausgesetzt\/\"]}]},{\"@type\":\"BreadcrumbList\",\"@id\":\"https:\/\/www.naturparkmagazin.de\/dahme-heideseen\/408-000-glasaale-im-naturpark-ausgesetzt\/#breadcrumb\",\"itemListElement\":[{\"@type\":\"ListItem\",\"position\":1,\"name\":\"Home\",\"item\":\"https:\/\/www.naturparkmagazin.de\/dahme-heideseen\/\"},{\"@type\":\"ListItem\",\"position\":2,\"name\":\"408.000 Glasaale im Naturpark ausgesetzt\"}]},{\"@type\":\"WebSite\",\"@id\":\"https:\/\/www.naturparkmagazin.de\/dahme-heideseen\/#website\",\"url\":\"https:\/\/www.naturparkmagazin.de\/dahme-heideseen\/\",\"name\":\"Naturpark Dahme-Heideseen\",\"description\":\"\",\"potentialAction\":[{\"@type\":\"SearchAction\",\"target\":{\"@type\":\"EntryPoint\",\"urlTemplate\":\"https:\/\/www.naturparkmagazin.de\/dahme-heideseen\/?s={search_term_string}\"},\"query-input\":\"required name=search_term_string\"}],\"inLanguage\":\"de\"},{\"@type\":\"Person\",\"@id\":\"https:\/\/www.naturparkmagazin.de\/dahme-heideseen\/#\/schema\/person\/a0510aafafdf8183c95fc98faf0c9f21\",\"name\":\"Astrid Osenbr\u00fcck\",\"sameAs\":[\"http:\/\/www.dahme-heideseen-naturpark.de\"],\"url\":\"https:\/\/www.naturparkmagazin.de\/dahme-heideseen\/author\/astridosenbrueck\/\"}]}<\/script>\n<!-- \/ Yoast SEO plugin. -->","yoast_head_json":{"title":"408.000 Glasaale im Naturpark ausgesetzt - Naturpark Dahme-Heideseen","robots":{"index":"index","follow":"follow","max-snippet":"max-snippet:-1","max-image-preview":"max-image-preview:large","max-video-preview":"max-video-preview:-1"},"canonical":"https:\/\/www.naturparkmagazin.de\/dahme-heideseen\/408-000-glasaale-im-naturpark-ausgesetzt\/","og_locale":"de_DE","og_type":"article","og_title":"408.000 Glasaale im Naturpark ausgesetzt - Naturpark Dahme-Heideseen","og_description":"Die Fischerei K\u00f6llnitz hat zahlreiche Glasaale in die Gro\u00df Schauener Seenkette aussetzen lassen. Gunnar Heyne, Leiter des Naturpark, war bei der Aktion dabei: Eine wichtige Ma\u00dfnahme zum Erhalt der Artenvielfalt.","og_url":"https:\/\/www.naturparkmagazin.de\/dahme-heideseen\/408-000-glasaale-im-naturpark-ausgesetzt\/","og_site_name":"Naturpark Dahme-Heideseen","article_published_time":"2020-03-02T12:53:47+00:00","og_image":[{"width":1000,"height":2057,"url":"https:\/\/www.naturparkmagazin.de\/dahme-heideseen\/wp-content\/uploads\/sites\/37\/20200220_113215-klein.jpg","type":"image\/jpeg"}],"author":"Astrid Osenbr\u00fcck","twitter_misc":{"Verfasst von":"Astrid Osenbr\u00fcck","Gesch\u00e4tzte Lesezeit":"1\u00a0Minute"},"schema":{"@context":"https:\/\/schema.org","@graph":[{"@type":"WebPage","@id":"https:\/\/www.naturparkmagazin.de\/dahme-heideseen\/408-000-glasaale-im-naturpark-ausgesetzt\/","url":"https:\/\/www.naturparkmagazin.de\/dahme-heideseen\/408-000-glasaale-im-naturpark-ausgesetzt\/","name":"408.000 Glasaale im Naturpark ausgesetzt - Naturpark Dahme-Heideseen","isPartOf":{"@id":"https:\/\/www.naturparkmagazin.de\/dahme-heideseen\/#website"},"datePublished":"2020-03-02T12:53:47+00:00","dateModified":"2020-03-02T12:53:47+00:00","author":{"@id":"https:\/\/www.naturparkmagazin.de\/dahme-heideseen\/#\/schema\/person\/a0510aafafdf8183c95fc98faf0c9f21"},"breadcrumb":{"@id":"https:\/\/www.naturparkmagazin.de\/dahme-heideseen\/408-000-glasaale-im-naturpark-ausgesetzt\/#breadcrumb"},"inLanguage":"de","potentialAction":[{"@type":"ReadAction","target":["https:\/\/www.naturparkmagazin.de\/dahme-heideseen\/408-000-glasaale-im-naturpark-ausgesetzt\/"]}]},{"@type":"BreadcrumbList","@id":"https:\/\/www.naturparkmagazin.de\/dahme-heideseen\/408-000-glasaale-im-naturpark-ausgesetzt\/#breadcrumb","itemListElement":[{"@type":"ListItem","position":1,"name":"Home","item":"https:\/\/www.naturparkmagazin.de\/dahme-heideseen\/"},{"@type":"ListItem","position":2,"name":"408.000 Glasaale im Naturpark ausgesetzt"}]},{"@type":"WebSite","@id":"https:\/\/www.naturparkmagazin.de\/dahme-heideseen\/#website","url":"https:\/\/www.naturparkmagazin.de\/dahme-heideseen\/","name":"Naturpark Dahme-Heideseen","description":"","potentialAction":[{"@type":"SearchAction","target":{"@type":"EntryPoint","urlTemplate":"https:\/\/www.naturparkmagazin.de\/dahme-heideseen\/?s={search_term_string}"},"query-input":"required name=search_term_string"}],"inLanguage":"de"},{"@type":"Person","@id":"https:\/\/www.naturparkmagazin.de\/dahme-heideseen\/#\/schema\/person\/a0510aafafdf8183c95fc98faf0c9f21","name":"Astrid Osenbr\u00fcck","sameAs":["http:\/\/www.dahme-heideseen-naturpark.de"],"url":"https:\/\/www.naturparkmagazin.de\/dahme-heideseen\/author\/astridosenbrueck\/"}]}},"_links":{"self":[{"href":"https:\/\/www.naturparkmagazin.de\/dahme-heideseen\/wp-json\/wp\/v2\/posts\/3291"}],"collection":[{"href":"https:\/\/www.naturparkmagazin.de\/dahme-heideseen\/wp-json\/wp\/v2\/posts"}],"about":[{"href":"https:\/\/www.naturparkmagazin.de\/dahme-heideseen\/wp-json\/wp\/v2\/types\/post"}],"author":[{"embeddable":true,"href":"https:\/\/www.naturparkmagazin.de\/dahme-heideseen\/wp-json\/wp\/v2\/users\/83"}],"replies":[{"embeddable":true,"href":"https:\/\/www.naturparkmagazin.de\/dahme-heideseen\/wp-json\/wp\/v2\/comments?post=3291"}],"version-history":[{"count":1,"href":"https:\/\/www.naturparkmagazin.de\/dahme-heideseen\/wp-json\/wp\/v2\/posts\/3291\/revisions"}],"predecessor-version":[{"id":3293,"href":"https:\/\/www.naturparkmagazin.de\/dahme-heideseen\/wp-json\/wp\/v2\/posts\/3291\/revisions\/3293"}],"wp:featuredmedia":[{"embeddable":true,"href":"https:\/\/www.naturparkmagazin.de\/dahme-heideseen\/wp-json\/wp\/v2\/media\/3297"}],"wp:attachment":[{"href":"https:\/\/www.naturparkmagazin.de\/dahme-heideseen\/wp-json\/wp\/v2\/media?parent=3291"}],"wp:term":[{"taxonomy":"category","embeddable":true,"href":"https:\/\/www.naturparkmagazin.de\/dahme-heideseen\/wp-json\/wp\/v2\/categories?post=3291"},{"taxonomy":"post_tag","embeddable":true,"href":"https:\/\/www.naturparkmagazin.de\/dahme-heideseen\/wp-json\/wp\/v2\/tags?post=3291"}],"curies":[{"name":"wp","href":"https:\/\/api.w.org\/{rel}","templated":true}]}}