{"id":3314,"date":"2020-04-15T07:21:48","date_gmt":"2020-04-15T05:21:48","guid":{"rendered":"https:\/\/www.naturparkmagazin.de\/dahme-heideseen\/?p=3314"},"modified":"2020-04-16T15:37:06","modified_gmt":"2020-04-16T13:37:06","slug":"rettet-die-nabu-bienen","status":"publish","type":"post","link":"https:\/\/www.naturparkmagazin.de\/dahme-heideseen\/rettet-die-nabu-bienen\/","title":{"rendered":"Rettet die (NABU-)Bienen!"},"content":{"rendered":"<p>Hinter der Alten Schule, in der sowohl die Naturpark-Verwaltung als auch\u00a0die Naturwacht und der NABU B\u00fcror\u00e4ume haben, befindet sich eine kleine Wiese. Dort stehen j\u00e4hrlich ein oder zwei Bienenkisten, um die herum es summt und brummt. Dieses Jahr ist bisher ein Volk eingebracht worden.<\/p>\n<p>Bei einem kurzen Besuch Anfang April stellte sich heraus &#8211; dieses Jahr ist alles anders! Anstatt eines fr\u00f6hlichen\u00a0Summens ert\u00f6nte aus der belegten\u00a0Kiste w\u00fctendes Brummen. Kein Wunder &#8211; waren doch unz\u00e4hlige Waldameisen an den Beinen der Kiste hochgekrabbelt.\u00a0Normalerweise k\u00fcmmern sich Ameisen selten um Bienen, in den meisten F\u00e4llen k\u00f6nnen sie problemlos nebeneinander leben. Ab und zu jedoch gibt es feindliche Zusammenst\u00f6\u00dfe. Bei den NABU-Bienen in Prieros\u00a0wollten die Ameisen sich \u00fcber das geschw\u00e4chte Volk hermachen und Honigvorr\u00e4te und Brut rauben. Solche Raubz\u00fcge sind tats\u00e4chlich nur m\u00f6glich, wenn das Bienenvolk bereits geschw\u00e4cht ist und sein Flugloch nur noch wenig bis gar nicht\u00a0bewachen kann. Deutlich mehr Ameisen als Bienen krabbelten durch das Eingangsloch hinein und hinaus. Da dem NABU das Wohl der Bienen sehr am Herzen liegt, entfernte eine Mitarbeiterin die Ameisen so gut es ging und stellte die Beine der Kiste in Wassersch\u00e4lchen, so dass die Ameisen keinen erneuten Angriff starten konnten. Nun sollen beide V\u00f6lker wieder friedlich nebeneinander leben und das Bienenvolk sich langsam erholen.<\/p>\n<p>Denn der Schutz all unserer Insekten ist wichtig. Besonders Bienen haben es oft schwer, in unserer teils bl\u00fctenarmen Landschaft ausreichend Nahrung zu finden. Nicht nur Honigbienen, sondern auch unsere Wildbienen, die einen wichtigen Beitrag zur Best\u00e4ubung unserer Nahrungspflanzen leisten, brauchen deswegen unsere Unterst\u00fctzung.<\/p>\n<p>Das Sch\u00f6ne ist, dass dazu jeder beitragen kann. Sei es eine &#8218;wilde&#8216; Ecke im Garten, in der Pflanzen bl\u00fchen d\u00fcrfen wie sie wollen, oder der Bau eines Insektenhotels &#8211; jede Hilfe leistet einen wertvollen Beitrag zum Erhalt unserer Insekten!<\/p>\n<p><a href=\"https:\/\/www.naturschutzfonds.de\/data\/nsf\/Dokumente\/Naturerleben_allgemein\/Naturwacht\/NW_Flyer_Insektenhotel_WEB.pdf\">Hier<\/a> finden Sie eine Anleitung f\u00fcr den Bau eines unkomplizierten\u00a0Insektenhotels.<\/p>\n","protected":false},"excerpt":{"rendered":"<p>Der NABU musste beherzt eingreifen, um die Bienen in Prieros vor einem Ameisen-Angriff zu retten. Aber auch so kann Jeder einen Beitrag zum Erhalt der Bienen leisten!<\/p>\n","protected":false},"author":83,"featured_media":3319,"comment_status":"open","ping_status":"open","sticky":false,"template":"","format":"standard","meta":[],"categories":[7],"tags":[],"yoast_head":"<!-- This site is optimized with the Yoast SEO plugin v19.10 - https:\/\/yoast.com\/wordpress\/plugins\/seo\/ -->\n<title>Rettet die (NABU-)Bienen! - Naturpark Dahme-Heideseen<\/title>\n<meta name=\"robots\" content=\"index, follow, max-snippet:-1, max-image-preview:large, max-video-preview:-1\" \/>\n<link rel=\"canonical\" href=\"https:\/\/www.naturparkmagazin.de\/dahme-heideseen\/rettet-die-nabu-bienen\/\" \/>\n<meta property=\"og:locale\" content=\"de_DE\" \/>\n<meta property=\"og:type\" content=\"article\" \/>\n<meta property=\"og:title\" content=\"Rettet die (NABU-)Bienen! - Naturpark Dahme-Heideseen\" \/>\n<meta property=\"og:description\" content=\"Der NABU musste beherzt eingreifen, um die Bienen in Prieros vor einem Ameisen-Angriff zu retten. Aber auch so kann Jeder einen Beitrag zum Erhalt der Bienen leisten!\" \/>\n<meta property=\"og:url\" content=\"https:\/\/www.naturparkmagazin.de\/dahme-heideseen\/rettet-die-nabu-bienen\/\" \/>\n<meta property=\"og:site_name\" content=\"Naturpark Dahme-Heideseen\" \/>\n<meta property=\"article:published_time\" content=\"2020-04-15T05:21:48+00:00\" \/>\n<meta property=\"article:modified_time\" content=\"2020-04-16T13:37:06+00:00\" \/>\n<meta property=\"og:image\" content=\"https:\/\/www.naturparkmagazin.de\/dahme-heideseen\/wp-content\/uploads\/sites\/37\/Nabu_Bienen-2klein.jpg\" \/>\n\t<meta property=\"og:image:width\" content=\"1037\" \/>\n\t<meta property=\"og:image:height\" content=\"1549\" \/>\n\t<meta property=\"og:image:type\" content=\"image\/jpeg\" \/>\n<meta name=\"author\" content=\"Astrid Osenbr\u00fcck\" \/>\n<meta name=\"twitter:label1\" content=\"Verfasst von\" \/>\n\t<meta name=\"twitter:data1\" content=\"Astrid Osenbr\u00fcck\" \/>\n\t<meta name=\"twitter:label2\" content=\"Gesch\u00e4tzte Lesezeit\" \/>\n\t<meta name=\"twitter:data2\" content=\"2\u00a0Minuten\" \/>\n<script type=\"application\/ld+json\" class=\"yoast-schema-graph\">{\"@context\":\"https:\/\/schema.org\",\"@graph\":[{\"@type\":\"WebPage\",\"@id\":\"https:\/\/www.naturparkmagazin.de\/dahme-heideseen\/rettet-die-nabu-bienen\/\",\"url\":\"https:\/\/www.naturparkmagazin.de\/dahme-heideseen\/rettet-die-nabu-bienen\/\",\"name\":\"Rettet die (NABU-)Bienen! - Naturpark Dahme-Heideseen\",\"isPartOf\":{\"@id\":\"https:\/\/www.naturparkmagazin.de\/dahme-heideseen\/#website\"},\"datePublished\":\"2020-04-15T05:21:48+00:00\",\"dateModified\":\"2020-04-16T13:37:06+00:00\",\"author\":{\"@id\":\"https:\/\/www.naturparkmagazin.de\/dahme-heideseen\/#\/schema\/person\/a0510aafafdf8183c95fc98faf0c9f21\"},\"breadcrumb\":{\"@id\":\"https:\/\/www.naturparkmagazin.de\/dahme-heideseen\/rettet-die-nabu-bienen\/#breadcrumb\"},\"inLanguage\":\"de\",\"potentialAction\":[{\"@type\":\"ReadAction\",\"target\":[\"https:\/\/www.naturparkmagazin.de\/dahme-heideseen\/rettet-die-nabu-bienen\/\"]}]},{\"@type\":\"BreadcrumbList\",\"@id\":\"https:\/\/www.naturparkmagazin.de\/dahme-heideseen\/rettet-die-nabu-bienen\/#breadcrumb\",\"itemListElement\":[{\"@type\":\"ListItem\",\"position\":1,\"name\":\"Home\",\"item\":\"https:\/\/www.naturparkmagazin.de\/dahme-heideseen\/\"},{\"@type\":\"ListItem\",\"position\":2,\"name\":\"Rettet die (NABU-)Bienen!\"}]},{\"@type\":\"WebSite\",\"@id\":\"https:\/\/www.naturparkmagazin.de\/dahme-heideseen\/#website\",\"url\":\"https:\/\/www.naturparkmagazin.de\/dahme-heideseen\/\",\"name\":\"Naturpark Dahme-Heideseen\",\"description\":\"\",\"potentialAction\":[{\"@type\":\"SearchAction\",\"target\":{\"@type\":\"EntryPoint\",\"urlTemplate\":\"https:\/\/www.naturparkmagazin.de\/dahme-heideseen\/?s={search_term_string}\"},\"query-input\":\"required name=search_term_string\"}],\"inLanguage\":\"de\"},{\"@type\":\"Person\",\"@id\":\"https:\/\/www.naturparkmagazin.de\/dahme-heideseen\/#\/schema\/person\/a0510aafafdf8183c95fc98faf0c9f21\",\"name\":\"Astrid Osenbr\u00fcck\",\"sameAs\":[\"http:\/\/www.dahme-heideseen-naturpark.de\"],\"url\":\"https:\/\/www.naturparkmagazin.de\/dahme-heideseen\/author\/astridosenbrueck\/\"}]}<\/script>\n<!-- \/ Yoast SEO plugin. -->","yoast_head_json":{"title":"Rettet die (NABU-)Bienen! - Naturpark Dahme-Heideseen","robots":{"index":"index","follow":"follow","max-snippet":"max-snippet:-1","max-image-preview":"max-image-preview:large","max-video-preview":"max-video-preview:-1"},"canonical":"https:\/\/www.naturparkmagazin.de\/dahme-heideseen\/rettet-die-nabu-bienen\/","og_locale":"de_DE","og_type":"article","og_title":"Rettet die (NABU-)Bienen! - Naturpark Dahme-Heideseen","og_description":"Der NABU musste beherzt eingreifen, um die Bienen in Prieros vor einem Ameisen-Angriff zu retten. Aber auch so kann Jeder einen Beitrag zum Erhalt der Bienen leisten!","og_url":"https:\/\/www.naturparkmagazin.de\/dahme-heideseen\/rettet-die-nabu-bienen\/","og_site_name":"Naturpark Dahme-Heideseen","article_published_time":"2020-04-15T05:21:48+00:00","article_modified_time":"2020-04-16T13:37:06+00:00","og_image":[{"width":1037,"height":1549,"url":"https:\/\/www.naturparkmagazin.de\/dahme-heideseen\/wp-content\/uploads\/sites\/37\/Nabu_Bienen-2klein.jpg","type":"image\/jpeg"}],"author":"Astrid Osenbr\u00fcck","twitter_misc":{"Verfasst von":"Astrid Osenbr\u00fcck","Gesch\u00e4tzte Lesezeit":"2\u00a0Minuten"},"schema":{"@context":"https:\/\/schema.org","@graph":[{"@type":"WebPage","@id":"https:\/\/www.naturparkmagazin.de\/dahme-heideseen\/rettet-die-nabu-bienen\/","url":"https:\/\/www.naturparkmagazin.de\/dahme-heideseen\/rettet-die-nabu-bienen\/","name":"Rettet die (NABU-)Bienen! - Naturpark Dahme-Heideseen","isPartOf":{"@id":"https:\/\/www.naturparkmagazin.de\/dahme-heideseen\/#website"},"datePublished":"2020-04-15T05:21:48+00:00","dateModified":"2020-04-16T13:37:06+00:00","author":{"@id":"https:\/\/www.naturparkmagazin.de\/dahme-heideseen\/#\/schema\/person\/a0510aafafdf8183c95fc98faf0c9f21"},"breadcrumb":{"@id":"https:\/\/www.naturparkmagazin.de\/dahme-heideseen\/rettet-die-nabu-bienen\/#breadcrumb"},"inLanguage":"de","potentialAction":[{"@type":"ReadAction","target":["https:\/\/www.naturparkmagazin.de\/dahme-heideseen\/rettet-die-nabu-bienen\/"]}]},{"@type":"BreadcrumbList","@id":"https:\/\/www.naturparkmagazin.de\/dahme-heideseen\/rettet-die-nabu-bienen\/#breadcrumb","itemListElement":[{"@type":"ListItem","position":1,"name":"Home","item":"https:\/\/www.naturparkmagazin.de\/dahme-heideseen\/"},{"@type":"ListItem","position":2,"name":"Rettet die (NABU-)Bienen!"}]},{"@type":"WebSite","@id":"https:\/\/www.naturparkmagazin.de\/dahme-heideseen\/#website","url":"https:\/\/www.naturparkmagazin.de\/dahme-heideseen\/","name":"Naturpark Dahme-Heideseen","description":"","potentialAction":[{"@type":"SearchAction","target":{"@type":"EntryPoint","urlTemplate":"https:\/\/www.naturparkmagazin.de\/dahme-heideseen\/?s={search_term_string}"},"query-input":"required name=search_term_string"}],"inLanguage":"de"},{"@type":"Person","@id":"https:\/\/www.naturparkmagazin.de\/dahme-heideseen\/#\/schema\/person\/a0510aafafdf8183c95fc98faf0c9f21","name":"Astrid Osenbr\u00fcck","sameAs":["http:\/\/www.dahme-heideseen-naturpark.de"],"url":"https:\/\/www.naturparkmagazin.de\/dahme-heideseen\/author\/astridosenbrueck\/"}]}},"_links":{"self":[{"href":"https:\/\/www.naturparkmagazin.de\/dahme-heideseen\/wp-json\/wp\/v2\/posts\/3314"}],"collection":[{"href":"https:\/\/www.naturparkmagazin.de\/dahme-heideseen\/wp-json\/wp\/v2\/posts"}],"about":[{"href":"https:\/\/www.naturparkmagazin.de\/dahme-heideseen\/wp-json\/wp\/v2\/types\/post"}],"author":[{"embeddable":true,"href":"https:\/\/www.naturparkmagazin.de\/dahme-heideseen\/wp-json\/wp\/v2\/users\/83"}],"replies":[{"embeddable":true,"href":"https:\/\/www.naturparkmagazin.de\/dahme-heideseen\/wp-json\/wp\/v2\/comments?post=3314"}],"version-history":[{"count":6,"href":"https:\/\/www.naturparkmagazin.de\/dahme-heideseen\/wp-json\/wp\/v2\/posts\/3314\/revisions"}],"predecessor-version":[{"id":3340,"href":"https:\/\/www.naturparkmagazin.de\/dahme-heideseen\/wp-json\/wp\/v2\/posts\/3314\/revisions\/3340"}],"wp:featuredmedia":[{"embeddable":true,"href":"https:\/\/www.naturparkmagazin.de\/dahme-heideseen\/wp-json\/wp\/v2\/media\/3319"}],"wp:attachment":[{"href":"https:\/\/www.naturparkmagazin.de\/dahme-heideseen\/wp-json\/wp\/v2\/media?parent=3314"}],"wp:term":[{"taxonomy":"category","embeddable":true,"href":"https:\/\/www.naturparkmagazin.de\/dahme-heideseen\/wp-json\/wp\/v2\/categories?post=3314"},{"taxonomy":"post_tag","embeddable":true,"href":"https:\/\/www.naturparkmagazin.de\/dahme-heideseen\/wp-json\/wp\/v2\/tags?post=3314"}],"curies":[{"name":"wp","href":"https:\/\/api.w.org\/{rel}","templated":true}]}}