{"id":334,"date":"2014-01-24T13:00:16","date_gmt":"2014-01-24T12:00:16","guid":{"rendered":"http:\/\/www.naturparkmagazin.de\/dahme-heideseen\/?p=334"},"modified":"2014-04-09T12:44:25","modified_gmt":"2014-04-09T10:44:25","slug":"fotowettbewerb-zum-thema-lebensraum-moor","status":"publish","type":"post","link":"https:\/\/www.naturparkmagazin.de\/dahme-heideseen\/fotowettbewerb-zum-thema-lebensraum-moor\/","title":{"rendered":"Fotowettbewerb des BUND Brandenburg zum Thema \u201eLebensraum Moor\u201c"},"content":{"rendered":"<p>Am 02. Februar startet ein neuer Fotowettbewerb des BUND Brandenburg.<\/p>\n<p><!--more-->Um die \u00d6ffentlichkeit auf die Wichtigkeit des Moorschutzes aufmerksam zu machen veranstaltet der BUND Brandenburg vom 2. Februar bis zum 30. September 2014 einen Fotowettbewerb zum Thema \u201eLebensraum Moor\u201c. Gehen Sie auf Entdeckungsreise nach den sch\u00f6nsten Bildern. Die Artenvielfalt der Brandenburger Moore bietet daf\u00fcr unz\u00e4hlige phantastische Motive.<\/p>\n<p>Mehr Infos dazu unter:\n<a title=\"www.bund-brandenburg.de\/moorschutz\" href=\"http:\/\/www.bund-brandenburg.de\/moorschutz\">http:\/\/www.bund-brandenburg.de\/moorschutz<\/a><\/p>\n<p>&nbsp;<\/p>\n<p><a href=\"https:\/\/www.naturparkmagazin.de\/dahme-heideseen\/wp-content\/uploads\/sites\/37\/logo_moorschutz_rgb.jpg\"><img decoding=\"async\" loading=\"lazy\" class=\"aligncenter size-medium wp-image-365\" alt=\"logo_moorschutz_rgb\" src=\"https:\/\/www.naturparkmagazin.de\/dahme-heideseen\/wp-content\/uploads\/sites\/37\/logo_moorschutz_rgb-620x73.jpg\" width=\"620\" height=\"73\" \/><\/a><\/p>\n","protected":false},"excerpt":{"rendered":"<p>Um die \u00d6ffentlichkeit auf die Wichtigkeit des Moorschutzes aufmerksam zu machen veranstaltet der BUND Brandenburg vom 2. Februar bis zum 30. September 2014 einen Fotowettbewerb<\/p>\n","protected":false},"author":48,"featured_media":335,"comment_status":"open","ping_status":"open","sticky":false,"template":"","format":"standard","meta":[],"categories":[7],"tags":[],"yoast_head":"<!-- This site is optimized with the Yoast SEO plugin v19.10 - https:\/\/yoast.com\/wordpress\/plugins\/seo\/ -->\n<title>Fotowettbewerb des BUND Brandenburg zum Thema \u201eLebensraum Moor\u201c - Naturpark Dahme-Heideseen<\/title>\n<meta name=\"robots\" content=\"index, follow, max-snippet:-1, max-image-preview:large, max-video-preview:-1\" \/>\n<link rel=\"canonical\" href=\"https:\/\/www.naturparkmagazin.de\/dahme-heideseen\/fotowettbewerb-zum-thema-lebensraum-moor\/\" \/>\n<meta property=\"og:locale\" content=\"de_DE\" \/>\n<meta property=\"og:type\" content=\"article\" \/>\n<meta property=\"og:title\" content=\"Fotowettbewerb des BUND Brandenburg zum Thema \u201eLebensraum Moor\u201c - Naturpark Dahme-Heideseen\" \/>\n<meta property=\"og:description\" content=\"Um die \u00d6ffentlichkeit auf die Wichtigkeit des Moorschutzes aufmerksam zu machen veranstaltet der BUND Brandenburg vom 2. Februar bis zum 30. September 2014 einen Fotowettbewerb\" \/>\n<meta property=\"og:url\" content=\"https:\/\/www.naturparkmagazin.de\/dahme-heideseen\/fotowettbewerb-zum-thema-lebensraum-moor\/\" \/>\n<meta property=\"og:site_name\" content=\"Naturpark Dahme-Heideseen\" \/>\n<meta property=\"article:published_time\" content=\"2014-01-24T12:00:16+00:00\" \/>\n<meta property=\"article:modified_time\" content=\"2014-04-09T10:44:25+00:00\" \/>\n<meta property=\"og:image\" content=\"https:\/\/www.naturparkmagazin.de\/dahme-heideseen\/wp-content\/uploads\/sites\/37\/M-005-699.jpg\" \/>\n\t<meta property=\"og:image:width\" content=\"1086\" \/>\n\t<meta property=\"og:image:height\" content=\"768\" \/>\n\t<meta property=\"og:image:type\" content=\"image\/jpeg\" \/>\n<meta name=\"author\" content=\"hanssonnenberg\" \/>\n<meta name=\"twitter:label1\" content=\"Verfasst von\" \/>\n\t<meta name=\"twitter:data1\" content=\"hanssonnenberg\" \/>\n<script type=\"application\/ld+json\" class=\"yoast-schema-graph\">{\"@context\":\"https:\/\/schema.org\",\"@graph\":[{\"@type\":\"WebPage\",\"@id\":\"https:\/\/www.naturparkmagazin.de\/dahme-heideseen\/fotowettbewerb-zum-thema-lebensraum-moor\/\",\"url\":\"https:\/\/www.naturparkmagazin.de\/dahme-heideseen\/fotowettbewerb-zum-thema-lebensraum-moor\/\",\"name\":\"Fotowettbewerb des BUND Brandenburg zum Thema \u201eLebensraum Moor\u201c - Naturpark Dahme-Heideseen\",\"isPartOf\":{\"@id\":\"https:\/\/www.naturparkmagazin.de\/dahme-heideseen\/#website\"},\"datePublished\":\"2014-01-24T12:00:16+00:00\",\"dateModified\":\"2014-04-09T10:44:25+00:00\",\"author\":{\"@id\":\"https:\/\/www.naturparkmagazin.de\/dahme-heideseen\/#\/schema\/person\/c81c96c3a1f5ee7bffff8b8022c105f0\"},\"breadcrumb\":{\"@id\":\"https:\/\/www.naturparkmagazin.de\/dahme-heideseen\/fotowettbewerb-zum-thema-lebensraum-moor\/#breadcrumb\"},\"inLanguage\":\"de\",\"potentialAction\":[{\"@type\":\"ReadAction\",\"target\":[\"https:\/\/www.naturparkmagazin.de\/dahme-heideseen\/fotowettbewerb-zum-thema-lebensraum-moor\/\"]}]},{\"@type\":\"BreadcrumbList\",\"@id\":\"https:\/\/www.naturparkmagazin.de\/dahme-heideseen\/fotowettbewerb-zum-thema-lebensraum-moor\/#breadcrumb\",\"itemListElement\":[{\"@type\":\"ListItem\",\"position\":1,\"name\":\"Home\",\"item\":\"https:\/\/www.naturparkmagazin.de\/dahme-heideseen\/\"},{\"@type\":\"ListItem\",\"position\":2,\"name\":\"Fotowettbewerb des BUND Brandenburg zum Thema \u201eLebensraum Moor\u201c\"}]},{\"@type\":\"WebSite\",\"@id\":\"https:\/\/www.naturparkmagazin.de\/dahme-heideseen\/#website\",\"url\":\"https:\/\/www.naturparkmagazin.de\/dahme-heideseen\/\",\"name\":\"Naturpark Dahme-Heideseen\",\"description\":\"\",\"potentialAction\":[{\"@type\":\"SearchAction\",\"target\":{\"@type\":\"EntryPoint\",\"urlTemplate\":\"https:\/\/www.naturparkmagazin.de\/dahme-heideseen\/?s={search_term_string}\"},\"query-input\":\"required name=search_term_string\"}],\"inLanguage\":\"de\"},{\"@type\":\"Person\",\"@id\":\"https:\/\/www.naturparkmagazin.de\/dahme-heideseen\/#\/schema\/person\/c81c96c3a1f5ee7bffff8b8022c105f0\",\"name\":\"hanssonnenberg\",\"url\":\"https:\/\/www.naturparkmagazin.de\/dahme-heideseen\/author\/hanssonnenberg\/\"}]}<\/script>\n<!-- \/ Yoast SEO plugin. -->","yoast_head_json":{"title":"Fotowettbewerb des BUND Brandenburg zum Thema \u201eLebensraum Moor\u201c - Naturpark Dahme-Heideseen","robots":{"index":"index","follow":"follow","max-snippet":"max-snippet:-1","max-image-preview":"max-image-preview:large","max-video-preview":"max-video-preview:-1"},"canonical":"https:\/\/www.naturparkmagazin.de\/dahme-heideseen\/fotowettbewerb-zum-thema-lebensraum-moor\/","og_locale":"de_DE","og_type":"article","og_title":"Fotowettbewerb des BUND Brandenburg zum Thema \u201eLebensraum Moor\u201c - Naturpark Dahme-Heideseen","og_description":"Um die \u00d6ffentlichkeit auf die Wichtigkeit des Moorschutzes aufmerksam zu machen veranstaltet der BUND Brandenburg vom 2. Februar bis zum 30. September 2014 einen Fotowettbewerb","og_url":"https:\/\/www.naturparkmagazin.de\/dahme-heideseen\/fotowettbewerb-zum-thema-lebensraum-moor\/","og_site_name":"Naturpark Dahme-Heideseen","article_published_time":"2014-01-24T12:00:16+00:00","article_modified_time":"2014-04-09T10:44:25+00:00","og_image":[{"width":1086,"height":768,"url":"https:\/\/www.naturparkmagazin.de\/dahme-heideseen\/wp-content\/uploads\/sites\/37\/M-005-699.jpg","type":"image\/jpeg"}],"author":"hanssonnenberg","twitter_misc":{"Verfasst von":"hanssonnenberg"},"schema":{"@context":"https:\/\/schema.org","@graph":[{"@type":"WebPage","@id":"https:\/\/www.naturparkmagazin.de\/dahme-heideseen\/fotowettbewerb-zum-thema-lebensraum-moor\/","url":"https:\/\/www.naturparkmagazin.de\/dahme-heideseen\/fotowettbewerb-zum-thema-lebensraum-moor\/","name":"Fotowettbewerb des BUND Brandenburg zum Thema \u201eLebensraum Moor\u201c - Naturpark Dahme-Heideseen","isPartOf":{"@id":"https:\/\/www.naturparkmagazin.de\/dahme-heideseen\/#website"},"datePublished":"2014-01-24T12:00:16+00:00","dateModified":"2014-04-09T10:44:25+00:00","author":{"@id":"https:\/\/www.naturparkmagazin.de\/dahme-heideseen\/#\/schema\/person\/c81c96c3a1f5ee7bffff8b8022c105f0"},"breadcrumb":{"@id":"https:\/\/www.naturparkmagazin.de\/dahme-heideseen\/fotowettbewerb-zum-thema-lebensraum-moor\/#breadcrumb"},"inLanguage":"de","potentialAction":[{"@type":"ReadAction","target":["https:\/\/www.naturparkmagazin.de\/dahme-heideseen\/fotowettbewerb-zum-thema-lebensraum-moor\/"]}]},{"@type":"BreadcrumbList","@id":"https:\/\/www.naturparkmagazin.de\/dahme-heideseen\/fotowettbewerb-zum-thema-lebensraum-moor\/#breadcrumb","itemListElement":[{"@type":"ListItem","position":1,"name":"Home","item":"https:\/\/www.naturparkmagazin.de\/dahme-heideseen\/"},{"@type":"ListItem","position":2,"name":"Fotowettbewerb des BUND Brandenburg zum Thema \u201eLebensraum Moor\u201c"}]},{"@type":"WebSite","@id":"https:\/\/www.naturparkmagazin.de\/dahme-heideseen\/#website","url":"https:\/\/www.naturparkmagazin.de\/dahme-heideseen\/","name":"Naturpark Dahme-Heideseen","description":"","potentialAction":[{"@type":"SearchAction","target":{"@type":"EntryPoint","urlTemplate":"https:\/\/www.naturparkmagazin.de\/dahme-heideseen\/?s={search_term_string}"},"query-input":"required name=search_term_string"}],"inLanguage":"de"},{"@type":"Person","@id":"https:\/\/www.naturparkmagazin.de\/dahme-heideseen\/#\/schema\/person\/c81c96c3a1f5ee7bffff8b8022c105f0","name":"hanssonnenberg","url":"https:\/\/www.naturparkmagazin.de\/dahme-heideseen\/author\/hanssonnenberg\/"}]}},"_links":{"self":[{"href":"https:\/\/www.naturparkmagazin.de\/dahme-heideseen\/wp-json\/wp\/v2\/posts\/334"}],"collection":[{"href":"https:\/\/www.naturparkmagazin.de\/dahme-heideseen\/wp-json\/wp\/v2\/posts"}],"about":[{"href":"https:\/\/www.naturparkmagazin.de\/dahme-heideseen\/wp-json\/wp\/v2\/types\/post"}],"author":[{"embeddable":true,"href":"https:\/\/www.naturparkmagazin.de\/dahme-heideseen\/wp-json\/wp\/v2\/users\/48"}],"replies":[{"embeddable":true,"href":"https:\/\/www.naturparkmagazin.de\/dahme-heideseen\/wp-json\/wp\/v2\/comments?post=334"}],"version-history":[{"count":8,"href":"https:\/\/www.naturparkmagazin.de\/dahme-heideseen\/wp-json\/wp\/v2\/posts\/334\/revisions"}],"predecessor-version":[{"id":366,"href":"https:\/\/www.naturparkmagazin.de\/dahme-heideseen\/wp-json\/wp\/v2\/posts\/334\/revisions\/366"}],"wp:featuredmedia":[{"embeddable":true,"href":"https:\/\/www.naturparkmagazin.de\/dahme-heideseen\/wp-json\/wp\/v2\/media\/335"}],"wp:attachment":[{"href":"https:\/\/www.naturparkmagazin.de\/dahme-heideseen\/wp-json\/wp\/v2\/media?parent=334"}],"wp:term":[{"taxonomy":"category","embeddable":true,"href":"https:\/\/www.naturparkmagazin.de\/dahme-heideseen\/wp-json\/wp\/v2\/categories?post=334"},{"taxonomy":"post_tag","embeddable":true,"href":"https:\/\/www.naturparkmagazin.de\/dahme-heideseen\/wp-json\/wp\/v2\/tags?post=334"}],"curies":[{"name":"wp","href":"https:\/\/api.w.org\/{rel}","templated":true}]}}