{"id":3360,"date":"2020-05-26T15:50:46","date_gmt":"2020-05-26T13:50:46","guid":{"rendered":"https:\/\/www.naturparkmagazin.de\/dahme-heideseen\/?p=3360"},"modified":"2020-05-26T15:50:46","modified_gmt":"2020-05-26T13:50:46","slug":"ffh-managementplanung-digitale-abschlusssitzung-der-regionalen-arbeitsgruppe-laie-langes-luch-milaseen","status":"publish","type":"post","link":"https:\/\/www.naturparkmagazin.de\/dahme-heideseen\/ffh-managementplanung-digitale-abschlusssitzung-der-regionalen-arbeitsgruppe-laie-langes-luch-milaseen\/","title":{"rendered":"FFH-Managementplanung: Digitale Abschlusssitzung der regionalen Arbeitsgruppe (Laie-Langes Luch, Milaseen)"},"content":{"rendered":"<p>Die abschlie\u00dfende 3. rAG-Sitzung im Rahmen der FFH-Managementplanung fand aufgrund der aktuellen Gef\u00e4hrdungslage durch das Corona-Virus nicht statt. <b><\/b><\/p>\n<p>F\u00fcr die 1. Entw\u00fcrfe der Managementpl\u00e4ne zu den FFH-Gebieten Laie-Langes Luch und Milaseen (LOS, Gemeinde Storkow (Mark)) (Planungsregion 4) fand die freiwillige \u00f6ffentliche Konsultation vom 12.03. bis 10.04.2020 bzw. vom 18.3. bis 15.4.2020 statt. Die eingegangenen Hinweise wurden ausgewertet und in den Planentw\u00fcrfen eingearbeitet (siehe Pr\u00e4sentationsfolien unten zu den Gebieten, Synopse). Es ergaben sich zu den beiden FFH-Gebieten keine wesentlichen Plan\u00e4nderungen.<b> <\/b><\/p>\n<p>Die Pr\u00e4sentationen, 2. Entw\u00fcrfe (Textfassung mit Ma\u00dfnahmenbl\u00e4ttern, \u00dcbersichtstabellen) und Karten der Managementpl\u00e4ne zu den FFH-Gebieten Laie Langes Luch und Milaseen k\u00f6nnen untenstehend <a href=\"https:\/\/www.dahme-heideseen-naturpark.de\/themen\/meldungen\/ffh-managementplanung-abschliessende-sitzung-der-regionalen-arbeitsgruppe-laie-langes-luch-milase\/\">hier <\/a>heruntergeladen werden.<\/p>\n<p>Zum weiteren Prozedere: Aufgrund des laufenden Vertragsverletzungsverfahrens der EU gegen\u00fcber Deutschland und der bereits versp\u00e4teten Bearbeitung der o.g. Pl\u00e4ne m\u00f6chten wir weitere Verz\u00f6gerungen m\u00f6glichst vermeiden.<\/p>\n<p>Betroffene und Interessierte haben nochmals die M\u00f6glichkeit, bis zum bzw. am 02.06.2020 abschlie\u00dfende Hinweise\/Anmerkungen und Fragen zu den vorl\u00e4ufigen Endfassungen bei den beauftragten Planungsb\u00fcros bzw. den zust\u00e4ndigen Planern einzureichen. Die \u00f6ffentliche Konsultationsphase wurde bereits abgeschlossen!<\/p>\n<p>Dar\u00fcber hinaus sind die verantwortlichen Planungsb\u00fcros und die Naturparkverwaltung immer per E-Mail oder Post, ansonsten telefonisch aktuell jedoch nur eingeschr\u00e4nkt erreichbar.<\/p>\n<p>Sollten keine weiteren zwingenden Hinweise oder Fragen bis zum 02.06. eingehen und keine weiteren wesentlichen inhaltlichen \u00c4nderungen erforderlich sein, werden die Managementpl\u00e4ne zeitnah fertiggestellt und \u00fcber die Internetseite des LfU ver\u00f6ffentlicht.<\/p>\n","protected":false},"excerpt":{"rendered":"<p>Die abschlie\u00dfende 3. rAG-Sitzung im Rahmen der FFH-Managementplanung fand aufgrund der aktuellen Gef\u00e4hrdungslage durch das Corona-Virus nicht statt. Die entsprechenden Dateien k\u00f6nnen heruntergeladen werden.<\/p>\n","protected":false},"author":83,"featured_media":3361,"comment_status":"open","ping_status":"open","sticky":false,"template":"","format":"standard","meta":[],"categories":[7],"tags":[],"yoast_head":"<!-- This site is optimized with the Yoast SEO plugin v19.10 - https:\/\/yoast.com\/wordpress\/plugins\/seo\/ -->\n<title>FFH-Managementplanung: Digitale Abschlusssitzung der regionalen Arbeitsgruppe (Laie-Langes Luch, Milaseen) - Naturpark Dahme-Heideseen<\/title>\n<meta name=\"robots\" content=\"index, follow, max-snippet:-1, max-image-preview:large, max-video-preview:-1\" \/>\n<link rel=\"canonical\" href=\"https:\/\/www.naturparkmagazin.de\/dahme-heideseen\/ffh-managementplanung-digitale-abschlusssitzung-der-regionalen-arbeitsgruppe-laie-langes-luch-milaseen\/\" \/>\n<meta property=\"og:locale\" content=\"de_DE\" \/>\n<meta property=\"og:type\" content=\"article\" \/>\n<meta property=\"og:title\" content=\"FFH-Managementplanung: Digitale Abschlusssitzung der regionalen Arbeitsgruppe (Laie-Langes Luch, Milaseen) - Naturpark Dahme-Heideseen\" \/>\n<meta property=\"og:description\" content=\"Die abschlie\u00dfende 3. rAG-Sitzung im Rahmen der FFH-Managementplanung fand aufgrund der aktuellen Gef\u00e4hrdungslage durch das Corona-Virus nicht statt. Die entsprechenden Dateien k\u00f6nnen heruntergeladen werden.\" \/>\n<meta property=\"og:url\" content=\"https:\/\/www.naturparkmagazin.de\/dahme-heideseen\/ffh-managementplanung-digitale-abschlusssitzung-der-regionalen-arbeitsgruppe-laie-langes-luch-milaseen\/\" \/>\n<meta property=\"og:site_name\" content=\"Naturpark Dahme-Heideseen\" \/>\n<meta property=\"article:published_time\" content=\"2020-05-26T13:50:46+00:00\" \/>\n<meta property=\"og:image\" content=\"https:\/\/www.naturparkmagazin.de\/dahme-heideseen\/wp-content\/uploads\/sites\/37\/Glockenheide.jpg\" \/>\n\t<meta property=\"og:image:width\" content=\"1000\" \/>\n\t<meta property=\"og:image:height\" content=\"563\" \/>\n\t<meta property=\"og:image:type\" content=\"image\/jpeg\" \/>\n<meta name=\"author\" content=\"Astrid Osenbr\u00fcck\" \/>\n<meta name=\"twitter:label1\" content=\"Verfasst von\" \/>\n\t<meta name=\"twitter:data1\" content=\"Astrid Osenbr\u00fcck\" \/>\n\t<meta name=\"twitter:label2\" content=\"Gesch\u00e4tzte Lesezeit\" \/>\n\t<meta name=\"twitter:data2\" content=\"1\u00a0Minute\" \/>\n<script type=\"application\/ld+json\" class=\"yoast-schema-graph\">{\"@context\":\"https:\/\/schema.org\",\"@graph\":[{\"@type\":\"WebPage\",\"@id\":\"https:\/\/www.naturparkmagazin.de\/dahme-heideseen\/ffh-managementplanung-digitale-abschlusssitzung-der-regionalen-arbeitsgruppe-laie-langes-luch-milaseen\/\",\"url\":\"https:\/\/www.naturparkmagazin.de\/dahme-heideseen\/ffh-managementplanung-digitale-abschlusssitzung-der-regionalen-arbeitsgruppe-laie-langes-luch-milaseen\/\",\"name\":\"FFH-Managementplanung: Digitale Abschlusssitzung der regionalen Arbeitsgruppe (Laie-Langes Luch, Milaseen) - Naturpark Dahme-Heideseen\",\"isPartOf\":{\"@id\":\"https:\/\/www.naturparkmagazin.de\/dahme-heideseen\/#website\"},\"datePublished\":\"2020-05-26T13:50:46+00:00\",\"dateModified\":\"2020-05-26T13:50:46+00:00\",\"author\":{\"@id\":\"https:\/\/www.naturparkmagazin.de\/dahme-heideseen\/#\/schema\/person\/a0510aafafdf8183c95fc98faf0c9f21\"},\"breadcrumb\":{\"@id\":\"https:\/\/www.naturparkmagazin.de\/dahme-heideseen\/ffh-managementplanung-digitale-abschlusssitzung-der-regionalen-arbeitsgruppe-laie-langes-luch-milaseen\/#breadcrumb\"},\"inLanguage\":\"de\",\"potentialAction\":[{\"@type\":\"ReadAction\",\"target\":[\"https:\/\/www.naturparkmagazin.de\/dahme-heideseen\/ffh-managementplanung-digitale-abschlusssitzung-der-regionalen-arbeitsgruppe-laie-langes-luch-milaseen\/\"]}]},{\"@type\":\"BreadcrumbList\",\"@id\":\"https:\/\/www.naturparkmagazin.de\/dahme-heideseen\/ffh-managementplanung-digitale-abschlusssitzung-der-regionalen-arbeitsgruppe-laie-langes-luch-milaseen\/#breadcrumb\",\"itemListElement\":[{\"@type\":\"ListItem\",\"position\":1,\"name\":\"Home\",\"item\":\"https:\/\/www.naturparkmagazin.de\/dahme-heideseen\/\"},{\"@type\":\"ListItem\",\"position\":2,\"name\":\"FFH-Managementplanung: Digitale Abschlusssitzung der regionalen Arbeitsgruppe (Laie-Langes Luch, Milaseen)\"}]},{\"@type\":\"WebSite\",\"@id\":\"https:\/\/www.naturparkmagazin.de\/dahme-heideseen\/#website\",\"url\":\"https:\/\/www.naturparkmagazin.de\/dahme-heideseen\/\",\"name\":\"Naturpark Dahme-Heideseen\",\"description\":\"\",\"potentialAction\":[{\"@type\":\"SearchAction\",\"target\":{\"@type\":\"EntryPoint\",\"urlTemplate\":\"https:\/\/www.naturparkmagazin.de\/dahme-heideseen\/?s={search_term_string}\"},\"query-input\":\"required name=search_term_string\"}],\"inLanguage\":\"de\"},{\"@type\":\"Person\",\"@id\":\"https:\/\/www.naturparkmagazin.de\/dahme-heideseen\/#\/schema\/person\/a0510aafafdf8183c95fc98faf0c9f21\",\"name\":\"Astrid Osenbr\u00fcck\",\"sameAs\":[\"http:\/\/www.dahme-heideseen-naturpark.de\"],\"url\":\"https:\/\/www.naturparkmagazin.de\/dahme-heideseen\/author\/astridosenbrueck\/\"}]}<\/script>\n<!-- \/ Yoast SEO plugin. -->","yoast_head_json":{"title":"FFH-Managementplanung: Digitale Abschlusssitzung der regionalen Arbeitsgruppe (Laie-Langes Luch, Milaseen) - Naturpark Dahme-Heideseen","robots":{"index":"index","follow":"follow","max-snippet":"max-snippet:-1","max-image-preview":"max-image-preview:large","max-video-preview":"max-video-preview:-1"},"canonical":"https:\/\/www.naturparkmagazin.de\/dahme-heideseen\/ffh-managementplanung-digitale-abschlusssitzung-der-regionalen-arbeitsgruppe-laie-langes-luch-milaseen\/","og_locale":"de_DE","og_type":"article","og_title":"FFH-Managementplanung: Digitale Abschlusssitzung der regionalen Arbeitsgruppe (Laie-Langes Luch, Milaseen) - Naturpark Dahme-Heideseen","og_description":"Die abschlie\u00dfende 3. rAG-Sitzung im Rahmen der FFH-Managementplanung fand aufgrund der aktuellen Gef\u00e4hrdungslage durch das Corona-Virus nicht statt. Die entsprechenden Dateien k\u00f6nnen heruntergeladen werden.","og_url":"https:\/\/www.naturparkmagazin.de\/dahme-heideseen\/ffh-managementplanung-digitale-abschlusssitzung-der-regionalen-arbeitsgruppe-laie-langes-luch-milaseen\/","og_site_name":"Naturpark Dahme-Heideseen","article_published_time":"2020-05-26T13:50:46+00:00","og_image":[{"width":1000,"height":563,"url":"https:\/\/www.naturparkmagazin.de\/dahme-heideseen\/wp-content\/uploads\/sites\/37\/Glockenheide.jpg","type":"image\/jpeg"}],"author":"Astrid Osenbr\u00fcck","twitter_misc":{"Verfasst von":"Astrid Osenbr\u00fcck","Gesch\u00e4tzte Lesezeit":"1\u00a0Minute"},"schema":{"@context":"https:\/\/schema.org","@graph":[{"@type":"WebPage","@id":"https:\/\/www.naturparkmagazin.de\/dahme-heideseen\/ffh-managementplanung-digitale-abschlusssitzung-der-regionalen-arbeitsgruppe-laie-langes-luch-milaseen\/","url":"https:\/\/www.naturparkmagazin.de\/dahme-heideseen\/ffh-managementplanung-digitale-abschlusssitzung-der-regionalen-arbeitsgruppe-laie-langes-luch-milaseen\/","name":"FFH-Managementplanung: Digitale Abschlusssitzung der regionalen Arbeitsgruppe (Laie-Langes Luch, Milaseen) - Naturpark Dahme-Heideseen","isPartOf":{"@id":"https:\/\/www.naturparkmagazin.de\/dahme-heideseen\/#website"},"datePublished":"2020-05-26T13:50:46+00:00","dateModified":"2020-05-26T13:50:46+00:00","author":{"@id":"https:\/\/www.naturparkmagazin.de\/dahme-heideseen\/#\/schema\/person\/a0510aafafdf8183c95fc98faf0c9f21"},"breadcrumb":{"@id":"https:\/\/www.naturparkmagazin.de\/dahme-heideseen\/ffh-managementplanung-digitale-abschlusssitzung-der-regionalen-arbeitsgruppe-laie-langes-luch-milaseen\/#breadcrumb"},"inLanguage":"de","potentialAction":[{"@type":"ReadAction","target":["https:\/\/www.naturparkmagazin.de\/dahme-heideseen\/ffh-managementplanung-digitale-abschlusssitzung-der-regionalen-arbeitsgruppe-laie-langes-luch-milaseen\/"]}]},{"@type":"BreadcrumbList","@id":"https:\/\/www.naturparkmagazin.de\/dahme-heideseen\/ffh-managementplanung-digitale-abschlusssitzung-der-regionalen-arbeitsgruppe-laie-langes-luch-milaseen\/#breadcrumb","itemListElement":[{"@type":"ListItem","position":1,"name":"Home","item":"https:\/\/www.naturparkmagazin.de\/dahme-heideseen\/"},{"@type":"ListItem","position":2,"name":"FFH-Managementplanung: Digitale Abschlusssitzung der regionalen Arbeitsgruppe (Laie-Langes Luch, Milaseen)"}]},{"@type":"WebSite","@id":"https:\/\/www.naturparkmagazin.de\/dahme-heideseen\/#website","url":"https:\/\/www.naturparkmagazin.de\/dahme-heideseen\/","name":"Naturpark Dahme-Heideseen","description":"","potentialAction":[{"@type":"SearchAction","target":{"@type":"EntryPoint","urlTemplate":"https:\/\/www.naturparkmagazin.de\/dahme-heideseen\/?s={search_term_string}"},"query-input":"required name=search_term_string"}],"inLanguage":"de"},{"@type":"Person","@id":"https:\/\/www.naturparkmagazin.de\/dahme-heideseen\/#\/schema\/person\/a0510aafafdf8183c95fc98faf0c9f21","name":"Astrid Osenbr\u00fcck","sameAs":["http:\/\/www.dahme-heideseen-naturpark.de"],"url":"https:\/\/www.naturparkmagazin.de\/dahme-heideseen\/author\/astridosenbrueck\/"}]}},"_links":{"self":[{"href":"https:\/\/www.naturparkmagazin.de\/dahme-heideseen\/wp-json\/wp\/v2\/posts\/3360"}],"collection":[{"href":"https:\/\/www.naturparkmagazin.de\/dahme-heideseen\/wp-json\/wp\/v2\/posts"}],"about":[{"href":"https:\/\/www.naturparkmagazin.de\/dahme-heideseen\/wp-json\/wp\/v2\/types\/post"}],"author":[{"embeddable":true,"href":"https:\/\/www.naturparkmagazin.de\/dahme-heideseen\/wp-json\/wp\/v2\/users\/83"}],"replies":[{"embeddable":true,"href":"https:\/\/www.naturparkmagazin.de\/dahme-heideseen\/wp-json\/wp\/v2\/comments?post=3360"}],"version-history":[{"count":1,"href":"https:\/\/www.naturparkmagazin.de\/dahme-heideseen\/wp-json\/wp\/v2\/posts\/3360\/revisions"}],"predecessor-version":[{"id":3362,"href":"https:\/\/www.naturparkmagazin.de\/dahme-heideseen\/wp-json\/wp\/v2\/posts\/3360\/revisions\/3362"}],"wp:featuredmedia":[{"embeddable":true,"href":"https:\/\/www.naturparkmagazin.de\/dahme-heideseen\/wp-json\/wp\/v2\/media\/3361"}],"wp:attachment":[{"href":"https:\/\/www.naturparkmagazin.de\/dahme-heideseen\/wp-json\/wp\/v2\/media?parent=3360"}],"wp:term":[{"taxonomy":"category","embeddable":true,"href":"https:\/\/www.naturparkmagazin.de\/dahme-heideseen\/wp-json\/wp\/v2\/categories?post=3360"},{"taxonomy":"post_tag","embeddable":true,"href":"https:\/\/www.naturparkmagazin.de\/dahme-heideseen\/wp-json\/wp\/v2\/tags?post=3360"}],"curies":[{"name":"wp","href":"https:\/\/api.w.org\/{rel}","templated":true}]}}