{"id":3382,"date":"2020-06-24T10:17:21","date_gmt":"2020-06-24T08:17:21","guid":{"rendered":"https:\/\/www.naturparkmagazin.de\/dahme-heideseen\/?p=3382"},"modified":"2020-06-24T10:17:21","modified_gmt":"2020-06-24T08:17:21","slug":"entdecker-sommerferien","status":"publish","type":"post","link":"https:\/\/www.naturparkmagazin.de\/dahme-heideseen\/entdecker-sommerferien\/","title":{"rendered":"Entdecker-Sommerferien!"},"content":{"rendered":"<p>Entdecker-Weste an und los geht\u2019s!<\/p>\n<p>Das Besucherinformationszentrum des Naturpark Dahme-Heideseen hat sich gemiensam mit der Naturwacht und weiteren bekannten Partnern ein spannendes Programm f\u00fcr die Sommerferien einfallen lassen. Kinder zwischen 8 und 12 Jahren gehen mit Becherlupe, Insektensammler, Kompass und nat\u00fcrlich viel Neugierde auf Entdeckungsreise. Sie begleiten die Ranger der Naturwacht auf spannenden Exkursionen: Fledermausquartiere bauen, Amphibien finden und bestimmen, V\u00f6gel beobachten u.v.m., entdecken mit einem Imker, was alles auf einer Wiese summt und brummt oder gehen auf Kr\u00e4uter-Tour und erleben die Burgwiesen mit allen Sinnen.<\/p>\n<p>Der Treffpunkt f\u00fcr die Veranstaltungen ist, wenn nicht anders angegeben, die Burg Storkow (Innenhof). Die Veranstaltungen finden ohne die Eltern statt. Bitte denken Sie daran, dass Ihre Kinder an hei\u00dfen Tagen mit ausreichend Trinken und Sonnenschutz ausgestattet sind. F\u00fcr die Exkursionen ben\u00f6tigen die Kinder au\u00dferdem Proviant, Badesachen und ein kleines Taschengeld f\u00fcr ein Eis.<\/p>\n<p>Eine Anmeldung ist dringend erforderlich, da es nur begrenzte Pl\u00e4tze gibt.<\/p>\n<p><a href=\"http:\/\/:  https:\/\/www.storkow-mark.de\/seite\/277867\/umweltbildung.html\" target=\"_blank\">Hier <\/a>finden Sie das vollst\u00e4ndige Angebot.<\/p>\n","protected":false},"excerpt":{"rendered":"<p>Das Besucherzentrum des Naturparks bietet ein vielf\u00e4ltiges Ferienangebot f\u00fcr Kinder von 8 &#8211; 12 Jahren. Gemeinsam mit der Naturwacht und weiteren Partnern geht es auf spannende Exkursionen und Entdeckungsreisen. <\/p>\n","protected":false},"author":83,"featured_media":3383,"comment_status":"open","ping_status":"open","sticky":false,"template":"","format":"standard","meta":[],"categories":[11],"tags":[],"yoast_head":"<!-- This site is optimized with the Yoast SEO plugin v19.10 - https:\/\/yoast.com\/wordpress\/plugins\/seo\/ -->\n<title>Entdecker-Sommerferien! - Naturpark Dahme-Heideseen<\/title>\n<meta name=\"robots\" content=\"index, follow, max-snippet:-1, max-image-preview:large, max-video-preview:-1\" \/>\n<link rel=\"canonical\" href=\"https:\/\/www.naturparkmagazin.de\/dahme-heideseen\/entdecker-sommerferien\/\" \/>\n<meta property=\"og:locale\" content=\"de_DE\" \/>\n<meta property=\"og:type\" content=\"article\" \/>\n<meta property=\"og:title\" content=\"Entdecker-Sommerferien! - Naturpark Dahme-Heideseen\" \/>\n<meta property=\"og:description\" content=\"Das Besucherzentrum des Naturparks bietet ein vielf\u00e4ltiges Ferienangebot f\u00fcr Kinder von 8 - 12 Jahren. Gemeinsam mit der Naturwacht und weiteren Partnern geht es auf spannende Exkursionen und Entdeckungsreisen.\" \/>\n<meta property=\"og:url\" content=\"https:\/\/www.naturparkmagazin.de\/dahme-heideseen\/entdecker-sommerferien\/\" \/>\n<meta property=\"og:site_name\" content=\"Naturpark Dahme-Heideseen\" \/>\n<meta property=\"article:published_time\" content=\"2020-06-24T08:17:21+00:00\" \/>\n<meta property=\"og:image\" content=\"https:\/\/www.naturparkmagazin.de\/dahme-heideseen\/wp-content\/uploads\/sites\/37\/Kinder-beim-Aufbau-Amphibienzaun_Naturwacht-Dahme-Heideseen.jpg\" \/>\n\t<meta property=\"og:image:width\" content=\"1306\" \/>\n\t<meta property=\"og:image:height\" content=\"735\" \/>\n\t<meta property=\"og:image:type\" content=\"image\/jpeg\" \/>\n<meta name=\"author\" content=\"Astrid Osenbr\u00fcck\" \/>\n<meta name=\"twitter:label1\" content=\"Verfasst von\" \/>\n\t<meta name=\"twitter:data1\" content=\"Astrid Osenbr\u00fcck\" \/>\n\t<meta name=\"twitter:label2\" content=\"Gesch\u00e4tzte Lesezeit\" \/>\n\t<meta name=\"twitter:data2\" content=\"1\u00a0Minute\" \/>\n<script type=\"application\/ld+json\" class=\"yoast-schema-graph\">{\"@context\":\"https:\/\/schema.org\",\"@graph\":[{\"@type\":\"WebPage\",\"@id\":\"https:\/\/www.naturparkmagazin.de\/dahme-heideseen\/entdecker-sommerferien\/\",\"url\":\"https:\/\/www.naturparkmagazin.de\/dahme-heideseen\/entdecker-sommerferien\/\",\"name\":\"Entdecker-Sommerferien! - Naturpark Dahme-Heideseen\",\"isPartOf\":{\"@id\":\"https:\/\/www.naturparkmagazin.de\/dahme-heideseen\/#website\"},\"datePublished\":\"2020-06-24T08:17:21+00:00\",\"dateModified\":\"2020-06-24T08:17:21+00:00\",\"author\":{\"@id\":\"https:\/\/www.naturparkmagazin.de\/dahme-heideseen\/#\/schema\/person\/a0510aafafdf8183c95fc98faf0c9f21\"},\"breadcrumb\":{\"@id\":\"https:\/\/www.naturparkmagazin.de\/dahme-heideseen\/entdecker-sommerferien\/#breadcrumb\"},\"inLanguage\":\"de\",\"potentialAction\":[{\"@type\":\"ReadAction\",\"target\":[\"https:\/\/www.naturparkmagazin.de\/dahme-heideseen\/entdecker-sommerferien\/\"]}]},{\"@type\":\"BreadcrumbList\",\"@id\":\"https:\/\/www.naturparkmagazin.de\/dahme-heideseen\/entdecker-sommerferien\/#breadcrumb\",\"itemListElement\":[{\"@type\":\"ListItem\",\"position\":1,\"name\":\"Home\",\"item\":\"https:\/\/www.naturparkmagazin.de\/dahme-heideseen\/\"},{\"@type\":\"ListItem\",\"position\":2,\"name\":\"Entdecker-Sommerferien!\"}]},{\"@type\":\"WebSite\",\"@id\":\"https:\/\/www.naturparkmagazin.de\/dahme-heideseen\/#website\",\"url\":\"https:\/\/www.naturparkmagazin.de\/dahme-heideseen\/\",\"name\":\"Naturpark Dahme-Heideseen\",\"description\":\"\",\"potentialAction\":[{\"@type\":\"SearchAction\",\"target\":{\"@type\":\"EntryPoint\",\"urlTemplate\":\"https:\/\/www.naturparkmagazin.de\/dahme-heideseen\/?s={search_term_string}\"},\"query-input\":\"required name=search_term_string\"}],\"inLanguage\":\"de\"},{\"@type\":\"Person\",\"@id\":\"https:\/\/www.naturparkmagazin.de\/dahme-heideseen\/#\/schema\/person\/a0510aafafdf8183c95fc98faf0c9f21\",\"name\":\"Astrid Osenbr\u00fcck\",\"sameAs\":[\"http:\/\/www.dahme-heideseen-naturpark.de\"],\"url\":\"https:\/\/www.naturparkmagazin.de\/dahme-heideseen\/author\/astridosenbrueck\/\"}]}<\/script>\n<!-- \/ Yoast SEO plugin. -->","yoast_head_json":{"title":"Entdecker-Sommerferien! - Naturpark Dahme-Heideseen","robots":{"index":"index","follow":"follow","max-snippet":"max-snippet:-1","max-image-preview":"max-image-preview:large","max-video-preview":"max-video-preview:-1"},"canonical":"https:\/\/www.naturparkmagazin.de\/dahme-heideseen\/entdecker-sommerferien\/","og_locale":"de_DE","og_type":"article","og_title":"Entdecker-Sommerferien! - Naturpark Dahme-Heideseen","og_description":"Das Besucherzentrum des Naturparks bietet ein vielf\u00e4ltiges Ferienangebot f\u00fcr Kinder von 8 - 12 Jahren. Gemeinsam mit der Naturwacht und weiteren Partnern geht es auf spannende Exkursionen und Entdeckungsreisen.","og_url":"https:\/\/www.naturparkmagazin.de\/dahme-heideseen\/entdecker-sommerferien\/","og_site_name":"Naturpark Dahme-Heideseen","article_published_time":"2020-06-24T08:17:21+00:00","og_image":[{"width":1306,"height":735,"url":"https:\/\/www.naturparkmagazin.de\/dahme-heideseen\/wp-content\/uploads\/sites\/37\/Kinder-beim-Aufbau-Amphibienzaun_Naturwacht-Dahme-Heideseen.jpg","type":"image\/jpeg"}],"author":"Astrid Osenbr\u00fcck","twitter_misc":{"Verfasst von":"Astrid Osenbr\u00fcck","Gesch\u00e4tzte Lesezeit":"1\u00a0Minute"},"schema":{"@context":"https:\/\/schema.org","@graph":[{"@type":"WebPage","@id":"https:\/\/www.naturparkmagazin.de\/dahme-heideseen\/entdecker-sommerferien\/","url":"https:\/\/www.naturparkmagazin.de\/dahme-heideseen\/entdecker-sommerferien\/","name":"Entdecker-Sommerferien! - Naturpark Dahme-Heideseen","isPartOf":{"@id":"https:\/\/www.naturparkmagazin.de\/dahme-heideseen\/#website"},"datePublished":"2020-06-24T08:17:21+00:00","dateModified":"2020-06-24T08:17:21+00:00","author":{"@id":"https:\/\/www.naturparkmagazin.de\/dahme-heideseen\/#\/schema\/person\/a0510aafafdf8183c95fc98faf0c9f21"},"breadcrumb":{"@id":"https:\/\/www.naturparkmagazin.de\/dahme-heideseen\/entdecker-sommerferien\/#breadcrumb"},"inLanguage":"de","potentialAction":[{"@type":"ReadAction","target":["https:\/\/www.naturparkmagazin.de\/dahme-heideseen\/entdecker-sommerferien\/"]}]},{"@type":"BreadcrumbList","@id":"https:\/\/www.naturparkmagazin.de\/dahme-heideseen\/entdecker-sommerferien\/#breadcrumb","itemListElement":[{"@type":"ListItem","position":1,"name":"Home","item":"https:\/\/www.naturparkmagazin.de\/dahme-heideseen\/"},{"@type":"ListItem","position":2,"name":"Entdecker-Sommerferien!"}]},{"@type":"WebSite","@id":"https:\/\/www.naturparkmagazin.de\/dahme-heideseen\/#website","url":"https:\/\/www.naturparkmagazin.de\/dahme-heideseen\/","name":"Naturpark Dahme-Heideseen","description":"","potentialAction":[{"@type":"SearchAction","target":{"@type":"EntryPoint","urlTemplate":"https:\/\/www.naturparkmagazin.de\/dahme-heideseen\/?s={search_term_string}"},"query-input":"required name=search_term_string"}],"inLanguage":"de"},{"@type":"Person","@id":"https:\/\/www.naturparkmagazin.de\/dahme-heideseen\/#\/schema\/person\/a0510aafafdf8183c95fc98faf0c9f21","name":"Astrid Osenbr\u00fcck","sameAs":["http:\/\/www.dahme-heideseen-naturpark.de"],"url":"https:\/\/www.naturparkmagazin.de\/dahme-heideseen\/author\/astridosenbrueck\/"}]}},"_links":{"self":[{"href":"https:\/\/www.naturparkmagazin.de\/dahme-heideseen\/wp-json\/wp\/v2\/posts\/3382"}],"collection":[{"href":"https:\/\/www.naturparkmagazin.de\/dahme-heideseen\/wp-json\/wp\/v2\/posts"}],"about":[{"href":"https:\/\/www.naturparkmagazin.de\/dahme-heideseen\/wp-json\/wp\/v2\/types\/post"}],"author":[{"embeddable":true,"href":"https:\/\/www.naturparkmagazin.de\/dahme-heideseen\/wp-json\/wp\/v2\/users\/83"}],"replies":[{"embeddable":true,"href":"https:\/\/www.naturparkmagazin.de\/dahme-heideseen\/wp-json\/wp\/v2\/comments?post=3382"}],"version-history":[{"count":1,"href":"https:\/\/www.naturparkmagazin.de\/dahme-heideseen\/wp-json\/wp\/v2\/posts\/3382\/revisions"}],"predecessor-version":[{"id":3384,"href":"https:\/\/www.naturparkmagazin.de\/dahme-heideseen\/wp-json\/wp\/v2\/posts\/3382\/revisions\/3384"}],"wp:featuredmedia":[{"embeddable":true,"href":"https:\/\/www.naturparkmagazin.de\/dahme-heideseen\/wp-json\/wp\/v2\/media\/3383"}],"wp:attachment":[{"href":"https:\/\/www.naturparkmagazin.de\/dahme-heideseen\/wp-json\/wp\/v2\/media?parent=3382"}],"wp:term":[{"taxonomy":"category","embeddable":true,"href":"https:\/\/www.naturparkmagazin.de\/dahme-heideseen\/wp-json\/wp\/v2\/categories?post=3382"},{"taxonomy":"post_tag","embeddable":true,"href":"https:\/\/www.naturparkmagazin.de\/dahme-heideseen\/wp-json\/wp\/v2\/tags?post=3382"}],"curies":[{"name":"wp","href":"https:\/\/api.w.org\/{rel}","templated":true}]}}