{"id":3389,"date":"2020-06-24T11:30:20","date_gmt":"2020-06-24T09:30:20","guid":{"rendered":"https:\/\/www.naturparkmagazin.de\/dahme-heideseen\/?p=3389"},"modified":"2020-06-24T11:30:20","modified_gmt":"2020-06-24T09:30:20","slug":"du-und-dein-garten-im-naturpark-startet-wieder","status":"publish","type":"post","link":"https:\/\/www.naturparkmagazin.de\/dahme-heideseen\/du-und-dein-garten-im-naturpark-startet-wieder\/","title":{"rendered":"Du und Dein Garten im Naturpark startet wieder"},"content":{"rendered":"<p>Natur- und Gartenfreunde k\u00f6nnen sich freuen: Von Juli bis Dezember finden nun wieder regelm\u00e4\u00dfig Veranstaltungen rund um den Garten statt.<\/p>\n<p>In der Veranstaltungsreihe Du und Dein Garten im Naturpark gibt es vieles zu lernen und zu erleben. Ob bei einem Streifzug \u00fcber die Burgwiese mit vielen interessanten Kr\u00e4uterweisheiten oder bei einem Seminar zur Obstbaumpflege &#8211; unter der fachkundlichen Leitung von Ute Bernhard, Kr\u00e4uterp\u00e4dagogin vom Kr\u00e4uter- und Naturhof, Franz Heitzendorfer, g\u00e4rtnerischer Leiter des Biogarten Prieros oder Holger Ackermann, Bienenexperte kann jeder neues Wissen gewinnen.<\/p>\n<p>Kosten je Veranstaltung: 7, 50 \u20ac<\/p>\n<p>Anmeldung empfehlenswert<\/p>\n<p>\u00dcber die Veranstaltungen informieren wir Sie regelm\u00e4\u00dfig auf unserer Internetseite.<\/p>\n","protected":false},"excerpt":{"rendered":"<p>Nach der unfreiwilligen corona-bedingten Pause startet die beliebte Veranstaltungsreihe Du und Dein Garten im Naturpark wieder. Gemeinsam mit Partner*Innen aus verschiedenen Bereichen bietet das BIZ wieder ein buntes Veranstaltungsprogramm.<\/p>\n","protected":false},"author":83,"featured_media":3391,"comment_status":"open","ping_status":"open","sticky":false,"template":"","format":"standard","meta":[],"categories":[7],"tags":[],"yoast_head":"<!-- This site is optimized with the Yoast SEO plugin v19.10 - https:\/\/yoast.com\/wordpress\/plugins\/seo\/ -->\n<title>Du und Dein Garten im Naturpark startet wieder - Naturpark Dahme-Heideseen<\/title>\n<meta name=\"robots\" content=\"index, follow, max-snippet:-1, max-image-preview:large, max-video-preview:-1\" \/>\n<link rel=\"canonical\" href=\"https:\/\/www.naturparkmagazin.de\/dahme-heideseen\/du-und-dein-garten-im-naturpark-startet-wieder\/\" \/>\n<meta property=\"og:locale\" content=\"de_DE\" \/>\n<meta property=\"og:type\" content=\"article\" \/>\n<meta property=\"og:title\" content=\"Du und Dein Garten im Naturpark startet wieder - Naturpark Dahme-Heideseen\" \/>\n<meta property=\"og:description\" content=\"Nach der unfreiwilligen corona-bedingten Pause startet die beliebte Veranstaltungsreihe Du und Dein Garten im Naturpark wieder. Gemeinsam mit Partner*Innen aus verschiedenen Bereichen bietet das BIZ wieder ein buntes Veranstaltungsprogramm.\" \/>\n<meta property=\"og:url\" content=\"https:\/\/www.naturparkmagazin.de\/dahme-heideseen\/du-und-dein-garten-im-naturpark-startet-wieder\/\" \/>\n<meta property=\"og:site_name\" content=\"Naturpark Dahme-Heideseen\" \/>\n<meta property=\"article:published_time\" content=\"2020-06-24T09:30:20+00:00\" \/>\n<meta property=\"og:image\" content=\"https:\/\/www.naturparkmagazin.de\/dahme-heideseen\/wp-content\/uploads\/sites\/37\/MG_Holger_Burgbienen2.jpg\" \/>\n\t<meta property=\"og:image:width\" content=\"1872\" \/>\n\t<meta property=\"og:image:height\" content=\"1248\" \/>\n\t<meta property=\"og:image:type\" content=\"image\/jpeg\" \/>\n<meta name=\"author\" content=\"Astrid Osenbr\u00fcck\" \/>\n<meta name=\"twitter:label1\" content=\"Verfasst von\" \/>\n\t<meta name=\"twitter:data1\" content=\"Astrid Osenbr\u00fcck\" \/>\n\t<meta name=\"twitter:label2\" content=\"Gesch\u00e4tzte Lesezeit\" \/>\n\t<meta name=\"twitter:data2\" content=\"1\u00a0Minute\" \/>\n<script type=\"application\/ld+json\" class=\"yoast-schema-graph\">{\"@context\":\"https:\/\/schema.org\",\"@graph\":[{\"@type\":\"WebPage\",\"@id\":\"https:\/\/www.naturparkmagazin.de\/dahme-heideseen\/du-und-dein-garten-im-naturpark-startet-wieder\/\",\"url\":\"https:\/\/www.naturparkmagazin.de\/dahme-heideseen\/du-und-dein-garten-im-naturpark-startet-wieder\/\",\"name\":\"Du und Dein Garten im Naturpark startet wieder - Naturpark Dahme-Heideseen\",\"isPartOf\":{\"@id\":\"https:\/\/www.naturparkmagazin.de\/dahme-heideseen\/#website\"},\"datePublished\":\"2020-06-24T09:30:20+00:00\",\"dateModified\":\"2020-06-24T09:30:20+00:00\",\"author\":{\"@id\":\"https:\/\/www.naturparkmagazin.de\/dahme-heideseen\/#\/schema\/person\/a0510aafafdf8183c95fc98faf0c9f21\"},\"breadcrumb\":{\"@id\":\"https:\/\/www.naturparkmagazin.de\/dahme-heideseen\/du-und-dein-garten-im-naturpark-startet-wieder\/#breadcrumb\"},\"inLanguage\":\"de\",\"potentialAction\":[{\"@type\":\"ReadAction\",\"target\":[\"https:\/\/www.naturparkmagazin.de\/dahme-heideseen\/du-und-dein-garten-im-naturpark-startet-wieder\/\"]}]},{\"@type\":\"BreadcrumbList\",\"@id\":\"https:\/\/www.naturparkmagazin.de\/dahme-heideseen\/du-und-dein-garten-im-naturpark-startet-wieder\/#breadcrumb\",\"itemListElement\":[{\"@type\":\"ListItem\",\"position\":1,\"name\":\"Home\",\"item\":\"https:\/\/www.naturparkmagazin.de\/dahme-heideseen\/\"},{\"@type\":\"ListItem\",\"position\":2,\"name\":\"Du und Dein Garten im Naturpark startet wieder\"}]},{\"@type\":\"WebSite\",\"@id\":\"https:\/\/www.naturparkmagazin.de\/dahme-heideseen\/#website\",\"url\":\"https:\/\/www.naturparkmagazin.de\/dahme-heideseen\/\",\"name\":\"Naturpark Dahme-Heideseen\",\"description\":\"\",\"potentialAction\":[{\"@type\":\"SearchAction\",\"target\":{\"@type\":\"EntryPoint\",\"urlTemplate\":\"https:\/\/www.naturparkmagazin.de\/dahme-heideseen\/?s={search_term_string}\"},\"query-input\":\"required name=search_term_string\"}],\"inLanguage\":\"de\"},{\"@type\":\"Person\",\"@id\":\"https:\/\/www.naturparkmagazin.de\/dahme-heideseen\/#\/schema\/person\/a0510aafafdf8183c95fc98faf0c9f21\",\"name\":\"Astrid Osenbr\u00fcck\",\"sameAs\":[\"http:\/\/www.dahme-heideseen-naturpark.de\"],\"url\":\"https:\/\/www.naturparkmagazin.de\/dahme-heideseen\/author\/astridosenbrueck\/\"}]}<\/script>\n<!-- \/ Yoast SEO plugin. -->","yoast_head_json":{"title":"Du und Dein Garten im Naturpark startet wieder - Naturpark Dahme-Heideseen","robots":{"index":"index","follow":"follow","max-snippet":"max-snippet:-1","max-image-preview":"max-image-preview:large","max-video-preview":"max-video-preview:-1"},"canonical":"https:\/\/www.naturparkmagazin.de\/dahme-heideseen\/du-und-dein-garten-im-naturpark-startet-wieder\/","og_locale":"de_DE","og_type":"article","og_title":"Du und Dein Garten im Naturpark startet wieder - Naturpark Dahme-Heideseen","og_description":"Nach der unfreiwilligen corona-bedingten Pause startet die beliebte Veranstaltungsreihe Du und Dein Garten im Naturpark wieder. Gemeinsam mit Partner*Innen aus verschiedenen Bereichen bietet das BIZ wieder ein buntes Veranstaltungsprogramm.","og_url":"https:\/\/www.naturparkmagazin.de\/dahme-heideseen\/du-und-dein-garten-im-naturpark-startet-wieder\/","og_site_name":"Naturpark Dahme-Heideseen","article_published_time":"2020-06-24T09:30:20+00:00","og_image":[{"width":1872,"height":1248,"url":"https:\/\/www.naturparkmagazin.de\/dahme-heideseen\/wp-content\/uploads\/sites\/37\/MG_Holger_Burgbienen2.jpg","type":"image\/jpeg"}],"author":"Astrid Osenbr\u00fcck","twitter_misc":{"Verfasst von":"Astrid Osenbr\u00fcck","Gesch\u00e4tzte Lesezeit":"1\u00a0Minute"},"schema":{"@context":"https:\/\/schema.org","@graph":[{"@type":"WebPage","@id":"https:\/\/www.naturparkmagazin.de\/dahme-heideseen\/du-und-dein-garten-im-naturpark-startet-wieder\/","url":"https:\/\/www.naturparkmagazin.de\/dahme-heideseen\/du-und-dein-garten-im-naturpark-startet-wieder\/","name":"Du und Dein Garten im Naturpark startet wieder - Naturpark Dahme-Heideseen","isPartOf":{"@id":"https:\/\/www.naturparkmagazin.de\/dahme-heideseen\/#website"},"datePublished":"2020-06-24T09:30:20+00:00","dateModified":"2020-06-24T09:30:20+00:00","author":{"@id":"https:\/\/www.naturparkmagazin.de\/dahme-heideseen\/#\/schema\/person\/a0510aafafdf8183c95fc98faf0c9f21"},"breadcrumb":{"@id":"https:\/\/www.naturparkmagazin.de\/dahme-heideseen\/du-und-dein-garten-im-naturpark-startet-wieder\/#breadcrumb"},"inLanguage":"de","potentialAction":[{"@type":"ReadAction","target":["https:\/\/www.naturparkmagazin.de\/dahme-heideseen\/du-und-dein-garten-im-naturpark-startet-wieder\/"]}]},{"@type":"BreadcrumbList","@id":"https:\/\/www.naturparkmagazin.de\/dahme-heideseen\/du-und-dein-garten-im-naturpark-startet-wieder\/#breadcrumb","itemListElement":[{"@type":"ListItem","position":1,"name":"Home","item":"https:\/\/www.naturparkmagazin.de\/dahme-heideseen\/"},{"@type":"ListItem","position":2,"name":"Du und Dein Garten im Naturpark startet wieder"}]},{"@type":"WebSite","@id":"https:\/\/www.naturparkmagazin.de\/dahme-heideseen\/#website","url":"https:\/\/www.naturparkmagazin.de\/dahme-heideseen\/","name":"Naturpark Dahme-Heideseen","description":"","potentialAction":[{"@type":"SearchAction","target":{"@type":"EntryPoint","urlTemplate":"https:\/\/www.naturparkmagazin.de\/dahme-heideseen\/?s={search_term_string}"},"query-input":"required name=search_term_string"}],"inLanguage":"de"},{"@type":"Person","@id":"https:\/\/www.naturparkmagazin.de\/dahme-heideseen\/#\/schema\/person\/a0510aafafdf8183c95fc98faf0c9f21","name":"Astrid Osenbr\u00fcck","sameAs":["http:\/\/www.dahme-heideseen-naturpark.de"],"url":"https:\/\/www.naturparkmagazin.de\/dahme-heideseen\/author\/astridosenbrueck\/"}]}},"_links":{"self":[{"href":"https:\/\/www.naturparkmagazin.de\/dahme-heideseen\/wp-json\/wp\/v2\/posts\/3389"}],"collection":[{"href":"https:\/\/www.naturparkmagazin.de\/dahme-heideseen\/wp-json\/wp\/v2\/posts"}],"about":[{"href":"https:\/\/www.naturparkmagazin.de\/dahme-heideseen\/wp-json\/wp\/v2\/types\/post"}],"author":[{"embeddable":true,"href":"https:\/\/www.naturparkmagazin.de\/dahme-heideseen\/wp-json\/wp\/v2\/users\/83"}],"replies":[{"embeddable":true,"href":"https:\/\/www.naturparkmagazin.de\/dahme-heideseen\/wp-json\/wp\/v2\/comments?post=3389"}],"version-history":[{"count":1,"href":"https:\/\/www.naturparkmagazin.de\/dahme-heideseen\/wp-json\/wp\/v2\/posts\/3389\/revisions"}],"predecessor-version":[{"id":3390,"href":"https:\/\/www.naturparkmagazin.de\/dahme-heideseen\/wp-json\/wp\/v2\/posts\/3389\/revisions\/3390"}],"wp:featuredmedia":[{"embeddable":true,"href":"https:\/\/www.naturparkmagazin.de\/dahme-heideseen\/wp-json\/wp\/v2\/media\/3391"}],"wp:attachment":[{"href":"https:\/\/www.naturparkmagazin.de\/dahme-heideseen\/wp-json\/wp\/v2\/media?parent=3389"}],"wp:term":[{"taxonomy":"category","embeddable":true,"href":"https:\/\/www.naturparkmagazin.de\/dahme-heideseen\/wp-json\/wp\/v2\/categories?post=3389"},{"taxonomy":"post_tag","embeddable":true,"href":"https:\/\/www.naturparkmagazin.de\/dahme-heideseen\/wp-json\/wp\/v2\/tags?post=3389"}],"curies":[{"name":"wp","href":"https:\/\/api.w.org\/{rel}","templated":true}]}}