{"id":3405,"date":"2020-08-14T08:43:26","date_gmt":"2020-08-14T06:43:26","guid":{"rendered":"https:\/\/www.naturparkmagazin.de\/dahme-heideseen\/?p=3405"},"modified":"2020-08-27T15:28:07","modified_gmt":"2020-08-27T13:28:07","slug":"liebe-leserin-lieber-leser-12","status":"publish","type":"post","link":"https:\/\/www.naturparkmagazin.de\/dahme-heideseen\/liebe-leserin-lieber-leser-12\/","title":{"rendered":"Liebe Leserin, lieber Leser,"},"content":{"rendered":"<p>die Heideseer Gastgeber haben sich etwas Neues ausgedacht: Am 13. September laden verschiedene H\u00f6fe, Betriebe und Gastronomen Interessierte ein, einen Blick hinter die Kulissen zu werfen. Auch der Naturpark beteiligt sich in Kooperation mit dem Biogarten Prieros &#8211; das Infop\u00fcnktchen und der Biogarten sind ge\u00f6ffnet und spannende F\u00fchrungen warten auf die BesucherInnen. Weitere Infos dazu finden Sie in diesem Newsletter.<\/p>\n<p>Auch der Wald ist wieder im Gespr\u00e4ch. Klimawandel, extrem trockene Sommer und der Befall durch den Borkenk\u00e4fer haben den Menschen dramatisch vorgef\u00fchrt, wie es um Deutschlands liebstes Kind steht. Denn W\u00e4lder sind ein gro\u00dfes Gut. Sie beherbergen eine Vielfalt an Tier- und Pflanzenarten, sind Lebensgrundlage, Wohlf\u00fchlorte und Wirtschaftsgrundlage f\u00fcr viele Menschen und haben die Kultur in Deutschland entscheidend gepr\u00e4gt.\u00a0Auch der\u00a0Naturpark Dahme-Heideseen\u00a0 ist zu gro\u00dfen Teilen bewaldet und bietet\u00a0zahlreiche Gelegenheiten, den Wald mit allen Sinnen zu erleben. Lesen Sie mehr hier\u00fcber und zu weiteren Themen in der Septemberausgabe unseres Newsletters.<\/p>\n<p>Viel Freude beim Lesen w\u00fcnscht<\/p>\n<p>Ihr Naturpark-Team<\/p>\n<p>&nbsp;<\/p>\n","protected":false},"excerpt":{"rendered":"<p>die Heideseer Gastgeber haben sich etwas Neues ausgedacht: Am 13. September laden verschiedene H\u00f6fe, Betriebe und Gastronomen Interessierte ein, einen Blick hinter die Kulissen zu werfen. Auch der Naturpark beteiligt sich in Kooperation mit dem Biogarten Prieros &#8211; das Infop\u00fcnktchen und der Biogarten sind ge\u00f6ffnet und spannende F\u00fchrungen warten auf die BesucherInnen. Weitere Infos dazu<\/p>\n","protected":false},"author":83,"featured_media":0,"comment_status":"open","ping_status":"open","sticky":false,"template":"","format":"standard","meta":[],"categories":[52],"tags":[],"yoast_head":"<!-- This site is optimized with the Yoast SEO plugin v19.10 - https:\/\/yoast.com\/wordpress\/plugins\/seo\/ -->\n<title>Liebe Leserin, lieber Leser, - Naturpark Dahme-Heideseen<\/title>\n<meta name=\"robots\" content=\"index, follow, max-snippet:-1, max-image-preview:large, max-video-preview:-1\" \/>\n<link rel=\"canonical\" href=\"https:\/\/www.naturparkmagazin.de\/dahme-heideseen\/liebe-leserin-lieber-leser-12\/\" \/>\n<meta property=\"og:locale\" content=\"de_DE\" \/>\n<meta property=\"og:type\" content=\"article\" \/>\n<meta property=\"og:title\" content=\"Liebe Leserin, lieber Leser, - Naturpark Dahme-Heideseen\" \/>\n<meta property=\"og:description\" content=\"die Heideseer Gastgeber haben sich etwas Neues ausgedacht: Am 13. September laden verschiedene H\u00f6fe, Betriebe und Gastronomen Interessierte ein, einen Blick hinter die Kulissen zu werfen. Auch der Naturpark beteiligt sich in Kooperation mit dem Biogarten Prieros &#8211; das Infop\u00fcnktchen und der Biogarten sind ge\u00f6ffnet und spannende F\u00fchrungen warten auf die BesucherInnen. Weitere Infos dazu\" \/>\n<meta property=\"og:url\" content=\"https:\/\/www.naturparkmagazin.de\/dahme-heideseen\/liebe-leserin-lieber-leser-12\/\" \/>\n<meta property=\"og:site_name\" content=\"Naturpark Dahme-Heideseen\" \/>\n<meta property=\"article:published_time\" content=\"2020-08-14T06:43:26+00:00\" \/>\n<meta property=\"article:modified_time\" content=\"2020-08-27T13:28:07+00:00\" \/>\n<meta name=\"author\" content=\"Astrid Osenbr\u00fcck\" \/>\n<meta name=\"twitter:label1\" content=\"Verfasst von\" \/>\n\t<meta name=\"twitter:data1\" content=\"Astrid Osenbr\u00fcck\" \/>\n\t<meta name=\"twitter:label2\" content=\"Gesch\u00e4tzte Lesezeit\" \/>\n\t<meta name=\"twitter:data2\" content=\"1\u00a0Minute\" \/>\n<script type=\"application\/ld+json\" class=\"yoast-schema-graph\">{\"@context\":\"https:\/\/schema.org\",\"@graph\":[{\"@type\":\"WebPage\",\"@id\":\"https:\/\/www.naturparkmagazin.de\/dahme-heideseen\/liebe-leserin-lieber-leser-12\/\",\"url\":\"https:\/\/www.naturparkmagazin.de\/dahme-heideseen\/liebe-leserin-lieber-leser-12\/\",\"name\":\"Liebe Leserin, lieber Leser, - Naturpark Dahme-Heideseen\",\"isPartOf\":{\"@id\":\"https:\/\/www.naturparkmagazin.de\/dahme-heideseen\/#website\"},\"datePublished\":\"2020-08-14T06:43:26+00:00\",\"dateModified\":\"2020-08-27T13:28:07+00:00\",\"author\":{\"@id\":\"https:\/\/www.naturparkmagazin.de\/dahme-heideseen\/#\/schema\/person\/a0510aafafdf8183c95fc98faf0c9f21\"},\"breadcrumb\":{\"@id\":\"https:\/\/www.naturparkmagazin.de\/dahme-heideseen\/liebe-leserin-lieber-leser-12\/#breadcrumb\"},\"inLanguage\":\"de\",\"potentialAction\":[{\"@type\":\"ReadAction\",\"target\":[\"https:\/\/www.naturparkmagazin.de\/dahme-heideseen\/liebe-leserin-lieber-leser-12\/\"]}]},{\"@type\":\"BreadcrumbList\",\"@id\":\"https:\/\/www.naturparkmagazin.de\/dahme-heideseen\/liebe-leserin-lieber-leser-12\/#breadcrumb\",\"itemListElement\":[{\"@type\":\"ListItem\",\"position\":1,\"name\":\"Home\",\"item\":\"https:\/\/www.naturparkmagazin.de\/dahme-heideseen\/\"},{\"@type\":\"ListItem\",\"position\":2,\"name\":\"Liebe Leserin, lieber Leser,\"}]},{\"@type\":\"WebSite\",\"@id\":\"https:\/\/www.naturparkmagazin.de\/dahme-heideseen\/#website\",\"url\":\"https:\/\/www.naturparkmagazin.de\/dahme-heideseen\/\",\"name\":\"Naturpark Dahme-Heideseen\",\"description\":\"\",\"potentialAction\":[{\"@type\":\"SearchAction\",\"target\":{\"@type\":\"EntryPoint\",\"urlTemplate\":\"https:\/\/www.naturparkmagazin.de\/dahme-heideseen\/?s={search_term_string}\"},\"query-input\":\"required name=search_term_string\"}],\"inLanguage\":\"de\"},{\"@type\":\"Person\",\"@id\":\"https:\/\/www.naturparkmagazin.de\/dahme-heideseen\/#\/schema\/person\/a0510aafafdf8183c95fc98faf0c9f21\",\"name\":\"Astrid Osenbr\u00fcck\",\"sameAs\":[\"http:\/\/www.dahme-heideseen-naturpark.de\"],\"url\":\"https:\/\/www.naturparkmagazin.de\/dahme-heideseen\/author\/astridosenbrueck\/\"}]}<\/script>\n<!-- \/ Yoast SEO plugin. -->","yoast_head_json":{"title":"Liebe Leserin, lieber Leser, - Naturpark Dahme-Heideseen","robots":{"index":"index","follow":"follow","max-snippet":"max-snippet:-1","max-image-preview":"max-image-preview:large","max-video-preview":"max-video-preview:-1"},"canonical":"https:\/\/www.naturparkmagazin.de\/dahme-heideseen\/liebe-leserin-lieber-leser-12\/","og_locale":"de_DE","og_type":"article","og_title":"Liebe Leserin, lieber Leser, - Naturpark Dahme-Heideseen","og_description":"die Heideseer Gastgeber haben sich etwas Neues ausgedacht: Am 13. September laden verschiedene H\u00f6fe, Betriebe und Gastronomen Interessierte ein, einen Blick hinter die Kulissen zu werfen. Auch der Naturpark beteiligt sich in Kooperation mit dem Biogarten Prieros &#8211; das Infop\u00fcnktchen und der Biogarten sind ge\u00f6ffnet und spannende F\u00fchrungen warten auf die BesucherInnen. Weitere Infos dazu","og_url":"https:\/\/www.naturparkmagazin.de\/dahme-heideseen\/liebe-leserin-lieber-leser-12\/","og_site_name":"Naturpark Dahme-Heideseen","article_published_time":"2020-08-14T06:43:26+00:00","article_modified_time":"2020-08-27T13:28:07+00:00","author":"Astrid Osenbr\u00fcck","twitter_misc":{"Verfasst von":"Astrid Osenbr\u00fcck","Gesch\u00e4tzte Lesezeit":"1\u00a0Minute"},"schema":{"@context":"https:\/\/schema.org","@graph":[{"@type":"WebPage","@id":"https:\/\/www.naturparkmagazin.de\/dahme-heideseen\/liebe-leserin-lieber-leser-12\/","url":"https:\/\/www.naturparkmagazin.de\/dahme-heideseen\/liebe-leserin-lieber-leser-12\/","name":"Liebe Leserin, lieber Leser, - Naturpark Dahme-Heideseen","isPartOf":{"@id":"https:\/\/www.naturparkmagazin.de\/dahme-heideseen\/#website"},"datePublished":"2020-08-14T06:43:26+00:00","dateModified":"2020-08-27T13:28:07+00:00","author":{"@id":"https:\/\/www.naturparkmagazin.de\/dahme-heideseen\/#\/schema\/person\/a0510aafafdf8183c95fc98faf0c9f21"},"breadcrumb":{"@id":"https:\/\/www.naturparkmagazin.de\/dahme-heideseen\/liebe-leserin-lieber-leser-12\/#breadcrumb"},"inLanguage":"de","potentialAction":[{"@type":"ReadAction","target":["https:\/\/www.naturparkmagazin.de\/dahme-heideseen\/liebe-leserin-lieber-leser-12\/"]}]},{"@type":"BreadcrumbList","@id":"https:\/\/www.naturparkmagazin.de\/dahme-heideseen\/liebe-leserin-lieber-leser-12\/#breadcrumb","itemListElement":[{"@type":"ListItem","position":1,"name":"Home","item":"https:\/\/www.naturparkmagazin.de\/dahme-heideseen\/"},{"@type":"ListItem","position":2,"name":"Liebe Leserin, lieber Leser,"}]},{"@type":"WebSite","@id":"https:\/\/www.naturparkmagazin.de\/dahme-heideseen\/#website","url":"https:\/\/www.naturparkmagazin.de\/dahme-heideseen\/","name":"Naturpark Dahme-Heideseen","description":"","potentialAction":[{"@type":"SearchAction","target":{"@type":"EntryPoint","urlTemplate":"https:\/\/www.naturparkmagazin.de\/dahme-heideseen\/?s={search_term_string}"},"query-input":"required name=search_term_string"}],"inLanguage":"de"},{"@type":"Person","@id":"https:\/\/www.naturparkmagazin.de\/dahme-heideseen\/#\/schema\/person\/a0510aafafdf8183c95fc98faf0c9f21","name":"Astrid Osenbr\u00fcck","sameAs":["http:\/\/www.dahme-heideseen-naturpark.de"],"url":"https:\/\/www.naturparkmagazin.de\/dahme-heideseen\/author\/astridosenbrueck\/"}]}},"_links":{"self":[{"href":"https:\/\/www.naturparkmagazin.de\/dahme-heideseen\/wp-json\/wp\/v2\/posts\/3405"}],"collection":[{"href":"https:\/\/www.naturparkmagazin.de\/dahme-heideseen\/wp-json\/wp\/v2\/posts"}],"about":[{"href":"https:\/\/www.naturparkmagazin.de\/dahme-heideseen\/wp-json\/wp\/v2\/types\/post"}],"author":[{"embeddable":true,"href":"https:\/\/www.naturparkmagazin.de\/dahme-heideseen\/wp-json\/wp\/v2\/users\/83"}],"replies":[{"embeddable":true,"href":"https:\/\/www.naturparkmagazin.de\/dahme-heideseen\/wp-json\/wp\/v2\/comments?post=3405"}],"version-history":[{"count":4,"href":"https:\/\/www.naturparkmagazin.de\/dahme-heideseen\/wp-json\/wp\/v2\/posts\/3405\/revisions"}],"predecessor-version":[{"id":3433,"href":"https:\/\/www.naturparkmagazin.de\/dahme-heideseen\/wp-json\/wp\/v2\/posts\/3405\/revisions\/3433"}],"wp:attachment":[{"href":"https:\/\/www.naturparkmagazin.de\/dahme-heideseen\/wp-json\/wp\/v2\/media?parent=3405"}],"wp:term":[{"taxonomy":"category","embeddable":true,"href":"https:\/\/www.naturparkmagazin.de\/dahme-heideseen\/wp-json\/wp\/v2\/categories?post=3405"},{"taxonomy":"post_tag","embeddable":true,"href":"https:\/\/www.naturparkmagazin.de\/dahme-heideseen\/wp-json\/wp\/v2\/tags?post=3405"}],"curies":[{"name":"wp","href":"https:\/\/api.w.org\/{rel}","templated":true}]}}