{"id":3410,"date":"2020-08-20T11:28:44","date_gmt":"2020-08-20T09:28:44","guid":{"rendered":"https:\/\/www.naturparkmagazin.de\/dahme-heideseen\/?p=3410"},"modified":"2020-08-24T11:29:14","modified_gmt":"2020-08-24T09:29:14","slug":"13-9-erste-heideseer-herbstpartie-laedt-ein","status":"publish","type":"post","link":"https:\/\/www.naturparkmagazin.de\/dahme-heideseen\/13-9-erste-heideseer-herbstpartie-laedt-ein\/","title":{"rendered":"13.9.: Erste Heideseer Herbstpartie l\u00e4dt ein"},"content":{"rendered":"<p>Restaurants, H\u00f6fe und Fischereibetriebe bieten am 13. September Interessierten einen Blick hinter die Kulissen des Landlebens. Die Besucher k\u00f6nnen direkt vor Ort Traditionen erleben und regionale Produkte genie\u00dfen. Landwirtschaft zum Anfassen! Das macht den Reiz Heidesees aus.<\/p>\n<p>BesucherInnen als auch GastgeberInnen sch\u00e4tzen die direkte Begegnung im l\u00e4ndlichen Heidesee, wo regionale Spezialit\u00e4ten heranwachsen, verarbeitet und in Landgasth\u00f6fen und zahlreichen Hofl\u00e4den und \u2013caf\u00e9s zum Genie\u00dfen oder zum Mitnehmen angeboten werden.<\/p>\n<p>Denn schon Goethe wusste<\/p>\n<p>\u201ewarum in die Ferne schweifen, wenn das Gute liegt so nah\u201c.<\/p>\n<p>Weitere Infos zu teilnehmenden GastgeberInnen und Programm finden Sie unter <a href=\"http:\/\/www.dahme-heideseen-naturpark.de\" target=\"_blank\">www.dahme-heideseen-naturpark.de <\/a>und <a href=\"http:\/\/www.kr\u00e4uterundnaturhof.de\" target=\"_blank\">www.kr\u00e4uterundnaturhof.de<\/a>.<\/p>\n","protected":false},"excerpt":{"rendered":"<p>BesucherInnen k\u00f6nnen am 13. September einen Blick hinter die Kulissen des Heideseer Landlebens werfen. GastgeberInnnen laden Interessierte auf ihren Hof, in den Betrieb oder in ihr Restaurant ein.<\/p>\n","protected":false},"author":83,"featured_media":3412,"comment_status":"open","ping_status":"open","sticky":false,"template":"","format":"standard","meta":[],"categories":[11],"tags":[],"yoast_head":"<!-- This site is optimized with the Yoast SEO plugin v19.10 - https:\/\/yoast.com\/wordpress\/plugins\/seo\/ -->\n<title>13.9.: Erste Heideseer Herbstpartie l\u00e4dt ein - Naturpark Dahme-Heideseen<\/title>\n<meta name=\"robots\" content=\"index, follow, max-snippet:-1, max-image-preview:large, max-video-preview:-1\" \/>\n<link rel=\"canonical\" href=\"https:\/\/www.naturparkmagazin.de\/dahme-heideseen\/13-9-erste-heideseer-herbstpartie-laedt-ein\/\" \/>\n<meta property=\"og:locale\" content=\"de_DE\" \/>\n<meta property=\"og:type\" content=\"article\" \/>\n<meta property=\"og:title\" content=\"13.9.: Erste Heideseer Herbstpartie l\u00e4dt ein - Naturpark Dahme-Heideseen\" \/>\n<meta property=\"og:description\" content=\"BesucherInnen k\u00f6nnen am 13. September einen Blick hinter die Kulissen des Heideseer Landlebens werfen. GastgeberInnnen laden Interessierte auf ihren Hof, in den Betrieb oder in ihr Restaurant ein.\" \/>\n<meta property=\"og:url\" content=\"https:\/\/www.naturparkmagazin.de\/dahme-heideseen\/13-9-erste-heideseer-herbstpartie-laedt-ein\/\" \/>\n<meta property=\"og:site_name\" content=\"Naturpark Dahme-Heideseen\" \/>\n<meta property=\"article:published_time\" content=\"2020-08-20T09:28:44+00:00\" \/>\n<meta property=\"article:modified_time\" content=\"2020-08-24T09:29:14+00:00\" \/>\n<meta property=\"og:image\" content=\"https:\/\/www.naturparkmagazin.de\/dahme-heideseen\/wp-content\/uploads\/sites\/37\/Impressionen-aus-dem-Biogarten.jpg\" \/>\n\t<meta property=\"og:image:width\" content=\"1142\" \/>\n\t<meta property=\"og:image:height\" content=\"738\" \/>\n\t<meta property=\"og:image:type\" content=\"image\/jpeg\" \/>\n<meta name=\"author\" content=\"Astrid Osenbr\u00fcck\" \/>\n<meta name=\"twitter:label1\" content=\"Verfasst von\" \/>\n\t<meta name=\"twitter:data1\" content=\"Astrid Osenbr\u00fcck\" \/>\n\t<meta name=\"twitter:label2\" content=\"Gesch\u00e4tzte Lesezeit\" \/>\n\t<meta name=\"twitter:data2\" content=\"1\u00a0Minute\" \/>\n<script type=\"application\/ld+json\" class=\"yoast-schema-graph\">{\"@context\":\"https:\/\/schema.org\",\"@graph\":[{\"@type\":\"WebPage\",\"@id\":\"https:\/\/www.naturparkmagazin.de\/dahme-heideseen\/13-9-erste-heideseer-herbstpartie-laedt-ein\/\",\"url\":\"https:\/\/www.naturparkmagazin.de\/dahme-heideseen\/13-9-erste-heideseer-herbstpartie-laedt-ein\/\",\"name\":\"13.9.: Erste Heideseer Herbstpartie l\u00e4dt ein - Naturpark Dahme-Heideseen\",\"isPartOf\":{\"@id\":\"https:\/\/www.naturparkmagazin.de\/dahme-heideseen\/#website\"},\"datePublished\":\"2020-08-20T09:28:44+00:00\",\"dateModified\":\"2020-08-24T09:29:14+00:00\",\"author\":{\"@id\":\"https:\/\/www.naturparkmagazin.de\/dahme-heideseen\/#\/schema\/person\/a0510aafafdf8183c95fc98faf0c9f21\"},\"breadcrumb\":{\"@id\":\"https:\/\/www.naturparkmagazin.de\/dahme-heideseen\/13-9-erste-heideseer-herbstpartie-laedt-ein\/#breadcrumb\"},\"inLanguage\":\"de\",\"potentialAction\":[{\"@type\":\"ReadAction\",\"target\":[\"https:\/\/www.naturparkmagazin.de\/dahme-heideseen\/13-9-erste-heideseer-herbstpartie-laedt-ein\/\"]}]},{\"@type\":\"BreadcrumbList\",\"@id\":\"https:\/\/www.naturparkmagazin.de\/dahme-heideseen\/13-9-erste-heideseer-herbstpartie-laedt-ein\/#breadcrumb\",\"itemListElement\":[{\"@type\":\"ListItem\",\"position\":1,\"name\":\"Home\",\"item\":\"https:\/\/www.naturparkmagazin.de\/dahme-heideseen\/\"},{\"@type\":\"ListItem\",\"position\":2,\"name\":\"13.9.: Erste Heideseer Herbstpartie l\u00e4dt ein\"}]},{\"@type\":\"WebSite\",\"@id\":\"https:\/\/www.naturparkmagazin.de\/dahme-heideseen\/#website\",\"url\":\"https:\/\/www.naturparkmagazin.de\/dahme-heideseen\/\",\"name\":\"Naturpark Dahme-Heideseen\",\"description\":\"\",\"potentialAction\":[{\"@type\":\"SearchAction\",\"target\":{\"@type\":\"EntryPoint\",\"urlTemplate\":\"https:\/\/www.naturparkmagazin.de\/dahme-heideseen\/?s={search_term_string}\"},\"query-input\":\"required name=search_term_string\"}],\"inLanguage\":\"de\"},{\"@type\":\"Person\",\"@id\":\"https:\/\/www.naturparkmagazin.de\/dahme-heideseen\/#\/schema\/person\/a0510aafafdf8183c95fc98faf0c9f21\",\"name\":\"Astrid Osenbr\u00fcck\",\"sameAs\":[\"http:\/\/www.dahme-heideseen-naturpark.de\"],\"url\":\"https:\/\/www.naturparkmagazin.de\/dahme-heideseen\/author\/astridosenbrueck\/\"}]}<\/script>\n<!-- \/ Yoast SEO plugin. -->","yoast_head_json":{"title":"13.9.: Erste Heideseer Herbstpartie l\u00e4dt ein - Naturpark Dahme-Heideseen","robots":{"index":"index","follow":"follow","max-snippet":"max-snippet:-1","max-image-preview":"max-image-preview:large","max-video-preview":"max-video-preview:-1"},"canonical":"https:\/\/www.naturparkmagazin.de\/dahme-heideseen\/13-9-erste-heideseer-herbstpartie-laedt-ein\/","og_locale":"de_DE","og_type":"article","og_title":"13.9.: Erste Heideseer Herbstpartie l\u00e4dt ein - Naturpark Dahme-Heideseen","og_description":"BesucherInnen k\u00f6nnen am 13. September einen Blick hinter die Kulissen des Heideseer Landlebens werfen. GastgeberInnnen laden Interessierte auf ihren Hof, in den Betrieb oder in ihr Restaurant ein.","og_url":"https:\/\/www.naturparkmagazin.de\/dahme-heideseen\/13-9-erste-heideseer-herbstpartie-laedt-ein\/","og_site_name":"Naturpark Dahme-Heideseen","article_published_time":"2020-08-20T09:28:44+00:00","article_modified_time":"2020-08-24T09:29:14+00:00","og_image":[{"width":1142,"height":738,"url":"https:\/\/www.naturparkmagazin.de\/dahme-heideseen\/wp-content\/uploads\/sites\/37\/Impressionen-aus-dem-Biogarten.jpg","type":"image\/jpeg"}],"author":"Astrid Osenbr\u00fcck","twitter_misc":{"Verfasst von":"Astrid Osenbr\u00fcck","Gesch\u00e4tzte Lesezeit":"1\u00a0Minute"},"schema":{"@context":"https:\/\/schema.org","@graph":[{"@type":"WebPage","@id":"https:\/\/www.naturparkmagazin.de\/dahme-heideseen\/13-9-erste-heideseer-herbstpartie-laedt-ein\/","url":"https:\/\/www.naturparkmagazin.de\/dahme-heideseen\/13-9-erste-heideseer-herbstpartie-laedt-ein\/","name":"13.9.: Erste Heideseer Herbstpartie l\u00e4dt ein - Naturpark Dahme-Heideseen","isPartOf":{"@id":"https:\/\/www.naturparkmagazin.de\/dahme-heideseen\/#website"},"datePublished":"2020-08-20T09:28:44+00:00","dateModified":"2020-08-24T09:29:14+00:00","author":{"@id":"https:\/\/www.naturparkmagazin.de\/dahme-heideseen\/#\/schema\/person\/a0510aafafdf8183c95fc98faf0c9f21"},"breadcrumb":{"@id":"https:\/\/www.naturparkmagazin.de\/dahme-heideseen\/13-9-erste-heideseer-herbstpartie-laedt-ein\/#breadcrumb"},"inLanguage":"de","potentialAction":[{"@type":"ReadAction","target":["https:\/\/www.naturparkmagazin.de\/dahme-heideseen\/13-9-erste-heideseer-herbstpartie-laedt-ein\/"]}]},{"@type":"BreadcrumbList","@id":"https:\/\/www.naturparkmagazin.de\/dahme-heideseen\/13-9-erste-heideseer-herbstpartie-laedt-ein\/#breadcrumb","itemListElement":[{"@type":"ListItem","position":1,"name":"Home","item":"https:\/\/www.naturparkmagazin.de\/dahme-heideseen\/"},{"@type":"ListItem","position":2,"name":"13.9.: Erste Heideseer Herbstpartie l\u00e4dt ein"}]},{"@type":"WebSite","@id":"https:\/\/www.naturparkmagazin.de\/dahme-heideseen\/#website","url":"https:\/\/www.naturparkmagazin.de\/dahme-heideseen\/","name":"Naturpark Dahme-Heideseen","description":"","potentialAction":[{"@type":"SearchAction","target":{"@type":"EntryPoint","urlTemplate":"https:\/\/www.naturparkmagazin.de\/dahme-heideseen\/?s={search_term_string}"},"query-input":"required name=search_term_string"}],"inLanguage":"de"},{"@type":"Person","@id":"https:\/\/www.naturparkmagazin.de\/dahme-heideseen\/#\/schema\/person\/a0510aafafdf8183c95fc98faf0c9f21","name":"Astrid Osenbr\u00fcck","sameAs":["http:\/\/www.dahme-heideseen-naturpark.de"],"url":"https:\/\/www.naturparkmagazin.de\/dahme-heideseen\/author\/astridosenbrueck\/"}]}},"_links":{"self":[{"href":"https:\/\/www.naturparkmagazin.de\/dahme-heideseen\/wp-json\/wp\/v2\/posts\/3410"}],"collection":[{"href":"https:\/\/www.naturparkmagazin.de\/dahme-heideseen\/wp-json\/wp\/v2\/posts"}],"about":[{"href":"https:\/\/www.naturparkmagazin.de\/dahme-heideseen\/wp-json\/wp\/v2\/types\/post"}],"author":[{"embeddable":true,"href":"https:\/\/www.naturparkmagazin.de\/dahme-heideseen\/wp-json\/wp\/v2\/users\/83"}],"replies":[{"embeddable":true,"href":"https:\/\/www.naturparkmagazin.de\/dahme-heideseen\/wp-json\/wp\/v2\/comments?post=3410"}],"version-history":[{"count":2,"href":"https:\/\/www.naturparkmagazin.de\/dahme-heideseen\/wp-json\/wp\/v2\/posts\/3410\/revisions"}],"predecessor-version":[{"id":3415,"href":"https:\/\/www.naturparkmagazin.de\/dahme-heideseen\/wp-json\/wp\/v2\/posts\/3410\/revisions\/3415"}],"wp:featuredmedia":[{"embeddable":true,"href":"https:\/\/www.naturparkmagazin.de\/dahme-heideseen\/wp-json\/wp\/v2\/media\/3412"}],"wp:attachment":[{"href":"https:\/\/www.naturparkmagazin.de\/dahme-heideseen\/wp-json\/wp\/v2\/media?parent=3410"}],"wp:term":[{"taxonomy":"category","embeddable":true,"href":"https:\/\/www.naturparkmagazin.de\/dahme-heideseen\/wp-json\/wp\/v2\/categories?post=3410"},{"taxonomy":"post_tag","embeddable":true,"href":"https:\/\/www.naturparkmagazin.de\/dahme-heideseen\/wp-json\/wp\/v2\/tags?post=3410"}],"curies":[{"name":"wp","href":"https:\/\/api.w.org\/{rel}","templated":true}]}}