{"id":3421,"date":"2020-08-24T12:27:30","date_gmt":"2020-08-24T10:27:30","guid":{"rendered":"https:\/\/www.naturparkmagazin.de\/dahme-heideseen\/?p=3421"},"modified":"2020-08-27T15:30:23","modified_gmt":"2020-08-27T13:30:23","slug":"tag-des-offenen-denkmals-digital","status":"publish","type":"post","link":"https:\/\/www.naturparkmagazin.de\/dahme-heideseen\/tag-des-offenen-denkmals-digital\/","title":{"rendered":"Digitaler Tag des offenen Denkmals\u00ae  &#8211; der Weg der Alten Schule Prieros zum Naturschutzzentrum"},"content":{"rendered":"<p>Dieses Jahr ist alles anders \u2013 der normalerweise t\u00fcren\u00f6ffnende Tag des offenen Denkmals<sup>\u00ae<\/sup> findet dieses Jahr gr\u00f6\u00dftenteils online statt. So\u00a0beschreibt der Naturpark &#8211;\u00a0passend zum\u00a0diesj\u00e4hrigen Motto &#8222;Chance Denkmal: Erinnern. Erhalten. Neu denken&#8220; &#8211;\u00a0auf <a href=\"https:\/\/www.dahme-heideseen-naturpark.de\/themen\/ausflugsziele-erlebnisse\/prieros-der-weg-von-der-alten-schule-zum-naturschutzzentrum\/\">www.dahme-heideseen-naturpark.de<\/a> in Text und Bild den Weg der Alten Schule Prieros hin zum Naturschutzzentrum. Nachdem der Geb\u00e4udekomplex jahrzehntelang als Schule genutzt wurden, hat er seit einigen Jahren eine neue Funktion: Als Naturschutzzentrum dient er nun als Sitz der Naturpark-Verwaltung, der Naturwacht Dahme-Heideseen und des NABU Dahmeland e. V.. Auch das Au\u00dfengel\u00e4nde wird immer offensichtlicher zu einem Naturschutzzentrum: Bienenst\u00f6cke, Vogelk\u00e4sten, Sitz- und Informationsm\u00f6glichkeiten und eine bunte Salbeiwiese sorgen daf\u00fcr, dass sich hier Tiere, Pflanzen und Menschen wohlf\u00fchlen.<\/p>\n<p>Neben\u00a0der digitalen Pr\u00e4sentation m\u00f6chte der Naturpark mit einer Maulbeerpflanzung\u00a0einen weiteren Schritt gehen und einen Aspekt der alten Kulturlandschaft des Dahmelandes aufrechterhalten.\u00a0Die zur Seidenproduktion genutzten Maulbeeren stammen\u00a0urspr\u00fcnglich aus China und Nordamerika und wurden bereits Ende des 16. Jahrhunderts nach Deutschland gebracht. Insbesondere Friedrich II. sorgte f\u00fcr eine gro\u00dfe Zahl an Maulbeeren &#8211; Ende des 18. Jahrhunderts gab es durch sein Wirken etwa 600.000\u00a0B\u00e4ume in Brandenburg. Seit seinem Tod verschwinden immer mehr\u00a0Maulbeeren ersatzlos. F\u00fcr den Naturpark sind sie Symbole der Kulturlandschaft\u2013 nur durch Pflege und Nutzung bleiben sie als lebendige Zeugen einer erloschenen Kultur erhalten.<\/p>\n<p>Gemeinsam mit VertreterInnen der Gemeinde Heidesee pflanzten\u00a0Naturpark-Mitarbeiterinnen bereits\u00a0Ende August einen Baum vor der Freiwilligen Feuerwehr Prieros.<\/p>\n","protected":false},"excerpt":{"rendered":"<p>Dieses Jahr findet der Tag des offenen Denkmals\u00ae unter dem Motto &#8222;Chance Denkmal: Erinnern. Erhalten. Neu denken&#8220; digital statt.<\/p>\n","protected":false},"author":83,"featured_media":3422,"comment_status":"open","ping_status":"open","sticky":false,"template":"","format":"standard","meta":[],"categories":[7],"tags":[],"yoast_head":"<!-- This site is optimized with the Yoast SEO plugin v19.10 - https:\/\/yoast.com\/wordpress\/plugins\/seo\/ -->\n<title>Digitaler Tag des offenen Denkmals\u00ae - der Weg der Alten Schule Prieros zum Naturschutzzentrum - Naturpark Dahme-Heideseen<\/title>\n<meta name=\"robots\" content=\"index, follow, max-snippet:-1, max-image-preview:large, max-video-preview:-1\" \/>\n<link rel=\"canonical\" href=\"https:\/\/www.naturparkmagazin.de\/dahme-heideseen\/tag-des-offenen-denkmals-digital\/\" \/>\n<meta property=\"og:locale\" content=\"de_DE\" \/>\n<meta property=\"og:type\" content=\"article\" \/>\n<meta property=\"og:title\" content=\"Digitaler Tag des offenen Denkmals\u00ae - der Weg der Alten Schule Prieros zum Naturschutzzentrum - Naturpark Dahme-Heideseen\" \/>\n<meta property=\"og:description\" content=\"Dieses Jahr findet der Tag des offenen Denkmals\u00ae unter dem Motto &quot;Chance Denkmal: Erinnern. Erhalten. Neu denken&quot; digital statt.\" \/>\n<meta property=\"og:url\" content=\"https:\/\/www.naturparkmagazin.de\/dahme-heideseen\/tag-des-offenen-denkmals-digital\/\" \/>\n<meta property=\"og:site_name\" content=\"Naturpark Dahme-Heideseen\" \/>\n<meta property=\"article:published_time\" content=\"2020-08-24T10:27:30+00:00\" \/>\n<meta property=\"article:modified_time\" content=\"2020-08-27T13:30:23+00:00\" \/>\n<meta property=\"og:image\" content=\"https:\/\/www.naturparkmagazin.de\/dahme-heideseen\/wp-content\/uploads\/sites\/37\/Tag-des-offenen-Denkmals-Alte-Schule.png\" \/>\n\t<meta property=\"og:image:width\" content=\"321\" \/>\n\t<meta property=\"og:image:height\" content=\"437\" \/>\n\t<meta property=\"og:image:type\" content=\"image\/png\" \/>\n<meta name=\"author\" content=\"Astrid Osenbr\u00fcck\" \/>\n<meta name=\"twitter:label1\" content=\"Verfasst von\" \/>\n\t<meta name=\"twitter:data1\" content=\"Astrid Osenbr\u00fcck\" \/>\n\t<meta name=\"twitter:label2\" content=\"Gesch\u00e4tzte Lesezeit\" \/>\n\t<meta name=\"twitter:data2\" content=\"1\u00a0Minute\" \/>\n<script type=\"application\/ld+json\" class=\"yoast-schema-graph\">{\"@context\":\"https:\/\/schema.org\",\"@graph\":[{\"@type\":\"WebPage\",\"@id\":\"https:\/\/www.naturparkmagazin.de\/dahme-heideseen\/tag-des-offenen-denkmals-digital\/\",\"url\":\"https:\/\/www.naturparkmagazin.de\/dahme-heideseen\/tag-des-offenen-denkmals-digital\/\",\"name\":\"Digitaler Tag des offenen Denkmals\u00ae - der Weg der Alten Schule Prieros zum Naturschutzzentrum - Naturpark Dahme-Heideseen\",\"isPartOf\":{\"@id\":\"https:\/\/www.naturparkmagazin.de\/dahme-heideseen\/#website\"},\"datePublished\":\"2020-08-24T10:27:30+00:00\",\"dateModified\":\"2020-08-27T13:30:23+00:00\",\"author\":{\"@id\":\"https:\/\/www.naturparkmagazin.de\/dahme-heideseen\/#\/schema\/person\/a0510aafafdf8183c95fc98faf0c9f21\"},\"breadcrumb\":{\"@id\":\"https:\/\/www.naturparkmagazin.de\/dahme-heideseen\/tag-des-offenen-denkmals-digital\/#breadcrumb\"},\"inLanguage\":\"de\",\"potentialAction\":[{\"@type\":\"ReadAction\",\"target\":[\"https:\/\/www.naturparkmagazin.de\/dahme-heideseen\/tag-des-offenen-denkmals-digital\/\"]}]},{\"@type\":\"BreadcrumbList\",\"@id\":\"https:\/\/www.naturparkmagazin.de\/dahme-heideseen\/tag-des-offenen-denkmals-digital\/#breadcrumb\",\"itemListElement\":[{\"@type\":\"ListItem\",\"position\":1,\"name\":\"Home\",\"item\":\"https:\/\/www.naturparkmagazin.de\/dahme-heideseen\/\"},{\"@type\":\"ListItem\",\"position\":2,\"name\":\"Digitaler Tag des offenen Denkmals\u00ae &#8211; der Weg der Alten Schule Prieros zum Naturschutzzentrum\"}]},{\"@type\":\"WebSite\",\"@id\":\"https:\/\/www.naturparkmagazin.de\/dahme-heideseen\/#website\",\"url\":\"https:\/\/www.naturparkmagazin.de\/dahme-heideseen\/\",\"name\":\"Naturpark Dahme-Heideseen\",\"description\":\"\",\"potentialAction\":[{\"@type\":\"SearchAction\",\"target\":{\"@type\":\"EntryPoint\",\"urlTemplate\":\"https:\/\/www.naturparkmagazin.de\/dahme-heideseen\/?s={search_term_string}\"},\"query-input\":\"required name=search_term_string\"}],\"inLanguage\":\"de\"},{\"@type\":\"Person\",\"@id\":\"https:\/\/www.naturparkmagazin.de\/dahme-heideseen\/#\/schema\/person\/a0510aafafdf8183c95fc98faf0c9f21\",\"name\":\"Astrid Osenbr\u00fcck\",\"sameAs\":[\"http:\/\/www.dahme-heideseen-naturpark.de\"],\"url\":\"https:\/\/www.naturparkmagazin.de\/dahme-heideseen\/author\/astridosenbrueck\/\"}]}<\/script>\n<!-- \/ Yoast SEO plugin. -->","yoast_head_json":{"title":"Digitaler Tag des offenen Denkmals\u00ae - der Weg der Alten Schule Prieros zum Naturschutzzentrum - Naturpark Dahme-Heideseen","robots":{"index":"index","follow":"follow","max-snippet":"max-snippet:-1","max-image-preview":"max-image-preview:large","max-video-preview":"max-video-preview:-1"},"canonical":"https:\/\/www.naturparkmagazin.de\/dahme-heideseen\/tag-des-offenen-denkmals-digital\/","og_locale":"de_DE","og_type":"article","og_title":"Digitaler Tag des offenen Denkmals\u00ae - der Weg der Alten Schule Prieros zum Naturschutzzentrum - Naturpark Dahme-Heideseen","og_description":"Dieses Jahr findet der Tag des offenen Denkmals\u00ae unter dem Motto \"Chance Denkmal: Erinnern. Erhalten. Neu denken\" digital statt.","og_url":"https:\/\/www.naturparkmagazin.de\/dahme-heideseen\/tag-des-offenen-denkmals-digital\/","og_site_name":"Naturpark Dahme-Heideseen","article_published_time":"2020-08-24T10:27:30+00:00","article_modified_time":"2020-08-27T13:30:23+00:00","og_image":[{"width":321,"height":437,"url":"https:\/\/www.naturparkmagazin.de\/dahme-heideseen\/wp-content\/uploads\/sites\/37\/Tag-des-offenen-Denkmals-Alte-Schule.png","type":"image\/png"}],"author":"Astrid Osenbr\u00fcck","twitter_misc":{"Verfasst von":"Astrid Osenbr\u00fcck","Gesch\u00e4tzte Lesezeit":"1\u00a0Minute"},"schema":{"@context":"https:\/\/schema.org","@graph":[{"@type":"WebPage","@id":"https:\/\/www.naturparkmagazin.de\/dahme-heideseen\/tag-des-offenen-denkmals-digital\/","url":"https:\/\/www.naturparkmagazin.de\/dahme-heideseen\/tag-des-offenen-denkmals-digital\/","name":"Digitaler Tag des offenen Denkmals\u00ae - der Weg der Alten Schule Prieros zum Naturschutzzentrum - Naturpark Dahme-Heideseen","isPartOf":{"@id":"https:\/\/www.naturparkmagazin.de\/dahme-heideseen\/#website"},"datePublished":"2020-08-24T10:27:30+00:00","dateModified":"2020-08-27T13:30:23+00:00","author":{"@id":"https:\/\/www.naturparkmagazin.de\/dahme-heideseen\/#\/schema\/person\/a0510aafafdf8183c95fc98faf0c9f21"},"breadcrumb":{"@id":"https:\/\/www.naturparkmagazin.de\/dahme-heideseen\/tag-des-offenen-denkmals-digital\/#breadcrumb"},"inLanguage":"de","potentialAction":[{"@type":"ReadAction","target":["https:\/\/www.naturparkmagazin.de\/dahme-heideseen\/tag-des-offenen-denkmals-digital\/"]}]},{"@type":"BreadcrumbList","@id":"https:\/\/www.naturparkmagazin.de\/dahme-heideseen\/tag-des-offenen-denkmals-digital\/#breadcrumb","itemListElement":[{"@type":"ListItem","position":1,"name":"Home","item":"https:\/\/www.naturparkmagazin.de\/dahme-heideseen\/"},{"@type":"ListItem","position":2,"name":"Digitaler Tag des offenen Denkmals\u00ae &#8211; der Weg der Alten Schule Prieros zum Naturschutzzentrum"}]},{"@type":"WebSite","@id":"https:\/\/www.naturparkmagazin.de\/dahme-heideseen\/#website","url":"https:\/\/www.naturparkmagazin.de\/dahme-heideseen\/","name":"Naturpark Dahme-Heideseen","description":"","potentialAction":[{"@type":"SearchAction","target":{"@type":"EntryPoint","urlTemplate":"https:\/\/www.naturparkmagazin.de\/dahme-heideseen\/?s={search_term_string}"},"query-input":"required name=search_term_string"}],"inLanguage":"de"},{"@type":"Person","@id":"https:\/\/www.naturparkmagazin.de\/dahme-heideseen\/#\/schema\/person\/a0510aafafdf8183c95fc98faf0c9f21","name":"Astrid Osenbr\u00fcck","sameAs":["http:\/\/www.dahme-heideseen-naturpark.de"],"url":"https:\/\/www.naturparkmagazin.de\/dahme-heideseen\/author\/astridosenbrueck\/"}]}},"_links":{"self":[{"href":"https:\/\/www.naturparkmagazin.de\/dahme-heideseen\/wp-json\/wp\/v2\/posts\/3421"}],"collection":[{"href":"https:\/\/www.naturparkmagazin.de\/dahme-heideseen\/wp-json\/wp\/v2\/posts"}],"about":[{"href":"https:\/\/www.naturparkmagazin.de\/dahme-heideseen\/wp-json\/wp\/v2\/types\/post"}],"author":[{"embeddable":true,"href":"https:\/\/www.naturparkmagazin.de\/dahme-heideseen\/wp-json\/wp\/v2\/users\/83"}],"replies":[{"embeddable":true,"href":"https:\/\/www.naturparkmagazin.de\/dahme-heideseen\/wp-json\/wp\/v2\/comments?post=3421"}],"version-history":[{"count":7,"href":"https:\/\/www.naturparkmagazin.de\/dahme-heideseen\/wp-json\/wp\/v2\/posts\/3421\/revisions"}],"predecessor-version":[{"id":3435,"href":"https:\/\/www.naturparkmagazin.de\/dahme-heideseen\/wp-json\/wp\/v2\/posts\/3421\/revisions\/3435"}],"wp:featuredmedia":[{"embeddable":true,"href":"https:\/\/www.naturparkmagazin.de\/dahme-heideseen\/wp-json\/wp\/v2\/media\/3422"}],"wp:attachment":[{"href":"https:\/\/www.naturparkmagazin.de\/dahme-heideseen\/wp-json\/wp\/v2\/media?parent=3421"}],"wp:term":[{"taxonomy":"category","embeddable":true,"href":"https:\/\/www.naturparkmagazin.de\/dahme-heideseen\/wp-json\/wp\/v2\/categories?post=3421"},{"taxonomy":"post_tag","embeddable":true,"href":"https:\/\/www.naturparkmagazin.de\/dahme-heideseen\/wp-json\/wp\/v2\/tags?post=3421"}],"curies":[{"name":"wp","href":"https:\/\/api.w.org\/{rel}","templated":true}]}}