{"id":3428,"date":"2020-08-24T12:45:21","date_gmt":"2020-08-24T10:45:21","guid":{"rendered":"https:\/\/www.naturparkmagazin.de\/dahme-heideseen\/?p=3428"},"modified":"2020-08-24T12:45:52","modified_gmt":"2020-08-24T10:45:52","slug":"du-und-dein-garten-im-naturpark-kraeuter-zum-raeuchern","status":"publish","type":"post","link":"https:\/\/www.naturparkmagazin.de\/dahme-heideseen\/du-und-dein-garten-im-naturpark-kraeuter-zum-raeuchern\/","title":{"rendered":"16.9.: Du und Dein Garten im Naturpark &#8211; Kr\u00e4uter zum R\u00e4uchern"},"content":{"rendered":"<p class=\"tiny_p\">Seminar mit Kr\u00e4uter-P\u00e4dagogin\u00a0Ute Bernhardt: Altes Wissen \u00fcber Heilkraft und Brauchtum.<\/p>\n<p class=\"tiny_p\">\u00a0Die Teilnahme kostet 7,50 \u20ac zzgl. 2,50 \u20ac<\/p>\n<p class=\"tiny_p\">\u00a0Aufgrund begrenzter Teilnehmerzahlen bitten wir um eine Voranmeldung, die gern durch die Tourist-Information oder das Besucherinformationszentrum auf der Burg Storkow entgegengenommen wird: telefonisch unter 033678-73108 oder per E-Mail an <a href=\"mailto:besucherzentrum@storkow.de\">besucherzentrum@storkow.de<\/a><\/p>\n","protected":false},"excerpt":{"rendered":"<p>Seminar mit Kr\u00e4uter-P\u00e4dagogin Ute Bernhardt: Altes Wissen \u00fcber Heilkraft und Brauchtum.<\/p>\n","protected":false},"author":83,"featured_media":3429,"comment_status":"open","ping_status":"open","sticky":false,"template":"","format":"standard","meta":[],"categories":[11],"tags":[],"yoast_head":"<!-- This site is optimized with the Yoast SEO plugin v19.10 - https:\/\/yoast.com\/wordpress\/plugins\/seo\/ -->\n<title>16.9.: Du und Dein Garten im Naturpark - Kr\u00e4uter zum R\u00e4uchern - Naturpark Dahme-Heideseen<\/title>\n<meta name=\"robots\" content=\"index, follow, max-snippet:-1, max-image-preview:large, max-video-preview:-1\" \/>\n<link rel=\"canonical\" href=\"https:\/\/www.naturparkmagazin.de\/dahme-heideseen\/du-und-dein-garten-im-naturpark-kraeuter-zum-raeuchern\/\" \/>\n<meta property=\"og:locale\" content=\"de_DE\" \/>\n<meta property=\"og:type\" content=\"article\" \/>\n<meta property=\"og:title\" content=\"16.9.: Du und Dein Garten im Naturpark - Kr\u00e4uter zum R\u00e4uchern - Naturpark Dahme-Heideseen\" \/>\n<meta property=\"og:description\" content=\"Seminar mit Kr\u00e4uter-P\u00e4dagogin Ute Bernhardt: Altes Wissen \u00fcber Heilkraft und Brauchtum.\" \/>\n<meta property=\"og:url\" content=\"https:\/\/www.naturparkmagazin.de\/dahme-heideseen\/du-und-dein-garten-im-naturpark-kraeuter-zum-raeuchern\/\" \/>\n<meta property=\"og:site_name\" content=\"Naturpark Dahme-Heideseen\" \/>\n<meta property=\"article:published_time\" content=\"2020-08-24T10:45:21+00:00\" \/>\n<meta property=\"article:modified_time\" content=\"2020-08-24T10:45:52+00:00\" \/>\n<meta property=\"og:image\" content=\"https:\/\/www.naturparkmagazin.de\/dahme-heideseen\/wp-content\/uploads\/sites\/37\/Korb-mit-Wildkr\u00e4utern_klein.jpg\" \/>\n\t<meta property=\"og:image:width\" content=\"816\" \/>\n\t<meta property=\"og:image:height\" content=\"612\" \/>\n\t<meta property=\"og:image:type\" content=\"image\/jpeg\" \/>\n<meta name=\"author\" content=\"Astrid Osenbr\u00fcck\" \/>\n<meta name=\"twitter:label1\" content=\"Verfasst von\" \/>\n\t<meta name=\"twitter:data1\" content=\"Astrid Osenbr\u00fcck\" \/>\n<script type=\"application\/ld+json\" class=\"yoast-schema-graph\">{\"@context\":\"https:\/\/schema.org\",\"@graph\":[{\"@type\":\"WebPage\",\"@id\":\"https:\/\/www.naturparkmagazin.de\/dahme-heideseen\/du-und-dein-garten-im-naturpark-kraeuter-zum-raeuchern\/\",\"url\":\"https:\/\/www.naturparkmagazin.de\/dahme-heideseen\/du-und-dein-garten-im-naturpark-kraeuter-zum-raeuchern\/\",\"name\":\"16.9.: Du und Dein Garten im Naturpark - Kr\u00e4uter zum R\u00e4uchern - Naturpark Dahme-Heideseen\",\"isPartOf\":{\"@id\":\"https:\/\/www.naturparkmagazin.de\/dahme-heideseen\/#website\"},\"datePublished\":\"2020-08-24T10:45:21+00:00\",\"dateModified\":\"2020-08-24T10:45:52+00:00\",\"author\":{\"@id\":\"https:\/\/www.naturparkmagazin.de\/dahme-heideseen\/#\/schema\/person\/a0510aafafdf8183c95fc98faf0c9f21\"},\"breadcrumb\":{\"@id\":\"https:\/\/www.naturparkmagazin.de\/dahme-heideseen\/du-und-dein-garten-im-naturpark-kraeuter-zum-raeuchern\/#breadcrumb\"},\"inLanguage\":\"de\",\"potentialAction\":[{\"@type\":\"ReadAction\",\"target\":[\"https:\/\/www.naturparkmagazin.de\/dahme-heideseen\/du-und-dein-garten-im-naturpark-kraeuter-zum-raeuchern\/\"]}]},{\"@type\":\"BreadcrumbList\",\"@id\":\"https:\/\/www.naturparkmagazin.de\/dahme-heideseen\/du-und-dein-garten-im-naturpark-kraeuter-zum-raeuchern\/#breadcrumb\",\"itemListElement\":[{\"@type\":\"ListItem\",\"position\":1,\"name\":\"Home\",\"item\":\"https:\/\/www.naturparkmagazin.de\/dahme-heideseen\/\"},{\"@type\":\"ListItem\",\"position\":2,\"name\":\"16.9.: Du und Dein Garten im Naturpark &#8211; Kr\u00e4uter zum R\u00e4uchern\"}]},{\"@type\":\"WebSite\",\"@id\":\"https:\/\/www.naturparkmagazin.de\/dahme-heideseen\/#website\",\"url\":\"https:\/\/www.naturparkmagazin.de\/dahme-heideseen\/\",\"name\":\"Naturpark Dahme-Heideseen\",\"description\":\"\",\"potentialAction\":[{\"@type\":\"SearchAction\",\"target\":{\"@type\":\"EntryPoint\",\"urlTemplate\":\"https:\/\/www.naturparkmagazin.de\/dahme-heideseen\/?s={search_term_string}\"},\"query-input\":\"required name=search_term_string\"}],\"inLanguage\":\"de\"},{\"@type\":\"Person\",\"@id\":\"https:\/\/www.naturparkmagazin.de\/dahme-heideseen\/#\/schema\/person\/a0510aafafdf8183c95fc98faf0c9f21\",\"name\":\"Astrid Osenbr\u00fcck\",\"sameAs\":[\"http:\/\/www.dahme-heideseen-naturpark.de\"],\"url\":\"https:\/\/www.naturparkmagazin.de\/dahme-heideseen\/author\/astridosenbrueck\/\"}]}<\/script>\n<!-- \/ Yoast SEO plugin. -->","yoast_head_json":{"title":"16.9.: Du und Dein Garten im Naturpark - Kr\u00e4uter zum R\u00e4uchern - Naturpark Dahme-Heideseen","robots":{"index":"index","follow":"follow","max-snippet":"max-snippet:-1","max-image-preview":"max-image-preview:large","max-video-preview":"max-video-preview:-1"},"canonical":"https:\/\/www.naturparkmagazin.de\/dahme-heideseen\/du-und-dein-garten-im-naturpark-kraeuter-zum-raeuchern\/","og_locale":"de_DE","og_type":"article","og_title":"16.9.: Du und Dein Garten im Naturpark - Kr\u00e4uter zum R\u00e4uchern - Naturpark Dahme-Heideseen","og_description":"Seminar mit Kr\u00e4uter-P\u00e4dagogin Ute Bernhardt: Altes Wissen \u00fcber Heilkraft und Brauchtum.","og_url":"https:\/\/www.naturparkmagazin.de\/dahme-heideseen\/du-und-dein-garten-im-naturpark-kraeuter-zum-raeuchern\/","og_site_name":"Naturpark Dahme-Heideseen","article_published_time":"2020-08-24T10:45:21+00:00","article_modified_time":"2020-08-24T10:45:52+00:00","og_image":[{"width":816,"height":612,"url":"https:\/\/www.naturparkmagazin.de\/dahme-heideseen\/wp-content\/uploads\/sites\/37\/Korb-mit-Wildkr\u00e4utern_klein.jpg","type":"image\/jpeg"}],"author":"Astrid Osenbr\u00fcck","twitter_misc":{"Verfasst von":"Astrid Osenbr\u00fcck"},"schema":{"@context":"https:\/\/schema.org","@graph":[{"@type":"WebPage","@id":"https:\/\/www.naturparkmagazin.de\/dahme-heideseen\/du-und-dein-garten-im-naturpark-kraeuter-zum-raeuchern\/","url":"https:\/\/www.naturparkmagazin.de\/dahme-heideseen\/du-und-dein-garten-im-naturpark-kraeuter-zum-raeuchern\/","name":"16.9.: Du und Dein Garten im Naturpark - Kr\u00e4uter zum R\u00e4uchern - Naturpark Dahme-Heideseen","isPartOf":{"@id":"https:\/\/www.naturparkmagazin.de\/dahme-heideseen\/#website"},"datePublished":"2020-08-24T10:45:21+00:00","dateModified":"2020-08-24T10:45:52+00:00","author":{"@id":"https:\/\/www.naturparkmagazin.de\/dahme-heideseen\/#\/schema\/person\/a0510aafafdf8183c95fc98faf0c9f21"},"breadcrumb":{"@id":"https:\/\/www.naturparkmagazin.de\/dahme-heideseen\/du-und-dein-garten-im-naturpark-kraeuter-zum-raeuchern\/#breadcrumb"},"inLanguage":"de","potentialAction":[{"@type":"ReadAction","target":["https:\/\/www.naturparkmagazin.de\/dahme-heideseen\/du-und-dein-garten-im-naturpark-kraeuter-zum-raeuchern\/"]}]},{"@type":"BreadcrumbList","@id":"https:\/\/www.naturparkmagazin.de\/dahme-heideseen\/du-und-dein-garten-im-naturpark-kraeuter-zum-raeuchern\/#breadcrumb","itemListElement":[{"@type":"ListItem","position":1,"name":"Home","item":"https:\/\/www.naturparkmagazin.de\/dahme-heideseen\/"},{"@type":"ListItem","position":2,"name":"16.9.: Du und Dein Garten im Naturpark &#8211; Kr\u00e4uter zum R\u00e4uchern"}]},{"@type":"WebSite","@id":"https:\/\/www.naturparkmagazin.de\/dahme-heideseen\/#website","url":"https:\/\/www.naturparkmagazin.de\/dahme-heideseen\/","name":"Naturpark Dahme-Heideseen","description":"","potentialAction":[{"@type":"SearchAction","target":{"@type":"EntryPoint","urlTemplate":"https:\/\/www.naturparkmagazin.de\/dahme-heideseen\/?s={search_term_string}"},"query-input":"required name=search_term_string"}],"inLanguage":"de"},{"@type":"Person","@id":"https:\/\/www.naturparkmagazin.de\/dahme-heideseen\/#\/schema\/person\/a0510aafafdf8183c95fc98faf0c9f21","name":"Astrid Osenbr\u00fcck","sameAs":["http:\/\/www.dahme-heideseen-naturpark.de"],"url":"https:\/\/www.naturparkmagazin.de\/dahme-heideseen\/author\/astridosenbrueck\/"}]}},"_links":{"self":[{"href":"https:\/\/www.naturparkmagazin.de\/dahme-heideseen\/wp-json\/wp\/v2\/posts\/3428"}],"collection":[{"href":"https:\/\/www.naturparkmagazin.de\/dahme-heideseen\/wp-json\/wp\/v2\/posts"}],"about":[{"href":"https:\/\/www.naturparkmagazin.de\/dahme-heideseen\/wp-json\/wp\/v2\/types\/post"}],"author":[{"embeddable":true,"href":"https:\/\/www.naturparkmagazin.de\/dahme-heideseen\/wp-json\/wp\/v2\/users\/83"}],"replies":[{"embeddable":true,"href":"https:\/\/www.naturparkmagazin.de\/dahme-heideseen\/wp-json\/wp\/v2\/comments?post=3428"}],"version-history":[{"count":2,"href":"https:\/\/www.naturparkmagazin.de\/dahme-heideseen\/wp-json\/wp\/v2\/posts\/3428\/revisions"}],"predecessor-version":[{"id":3431,"href":"https:\/\/www.naturparkmagazin.de\/dahme-heideseen\/wp-json\/wp\/v2\/posts\/3428\/revisions\/3431"}],"wp:featuredmedia":[{"embeddable":true,"href":"https:\/\/www.naturparkmagazin.de\/dahme-heideseen\/wp-json\/wp\/v2\/media\/3429"}],"wp:attachment":[{"href":"https:\/\/www.naturparkmagazin.de\/dahme-heideseen\/wp-json\/wp\/v2\/media?parent=3428"}],"wp:term":[{"taxonomy":"category","embeddable":true,"href":"https:\/\/www.naturparkmagazin.de\/dahme-heideseen\/wp-json\/wp\/v2\/categories?post=3428"},{"taxonomy":"post_tag","embeddable":true,"href":"https:\/\/www.naturparkmagazin.de\/dahme-heideseen\/wp-json\/wp\/v2\/tags?post=3428"}],"curies":[{"name":"wp","href":"https:\/\/api.w.org\/{rel}","templated":true}]}}