{"id":3443,"date":"2020-09-18T16:12:06","date_gmt":"2020-09-18T14:12:06","guid":{"rendered":"https:\/\/www.naturparkmagazin.de\/dahme-heideseen\/?p=3443"},"modified":"2020-09-28T12:31:37","modified_gmt":"2020-09-28T10:31:37","slug":"24-10-rangertour-mit-dem-fahrrad-zu-den-wilden-gaensen","status":"publish","type":"post","link":"https:\/\/www.naturparkmagazin.de\/dahme-heideseen\/24-10-rangertour-mit-dem-fahrrad-zu-den-wilden-gaensen\/","title":{"rendered":"24.10.: RangerTour &#8211; Mit dem Fahrrad zu den wilden G\u00e4nsen"},"content":{"rendered":"<p>Vogelzug. Die Wiesen und \u00c4cker westlich von Storkow sind beliebte Rastpl\u00e4tze von Wildg\u00e4nsen. Zur Zugzeit sammeln sich dort tausende V\u00f6gel. Die N\u00e4chte verbringen die G\u00e4ste aus dem hohen Norden und aus dem Osten meist auf gr\u00f6\u00dferen Gew\u00e4ssern in der Umgebung. Auf dem Fahrrad steuern wir zun\u00e4chst die Rastpl\u00e4tze der G\u00e4nse an. Durch Fernglas und Spektiv k\u00f6nnen wir die Merkmale der verschiedenen Arten erkennen. Zum Sonnenuntergang erreichen wir die Gro\u00df Schauener Seenkette, wo wir den abendlichen Einfall der G\u00e4nse auf das Schlafgew\u00e4sser beobachten wollen. Die Fahrrad-Exkursion beginnt und endet in Storkow, die Gesamtstrecke betr\u00e4gt ca. 15 Kilometer. Aufgrund der beschr\u00e4nkten Teilnehmeranzahl ist eine Voranmeldung erforderlich!<\/p>\n<p>Hinweise: Bitte denken Sie an eine funktionst\u00fcchtige Beleuchtung an ihrem Fahrrad, Fernglas, warme und wetterfeste Kleidung und ein warmes Getr\u00e4nk.<\/p>\n<p>Teilnehmerzahl: maximal 15 Personen<\/p>\n<p>Anmeldeschluss: 19. Oktober 2020<\/p>\n","protected":false},"excerpt":{"rendered":"<p>Auf dem Fahrrad geht es zu den Rast- und Schlafpl\u00e4tzen der Wildg\u00e4nse.<\/p>\n","protected":false},"author":83,"featured_media":3444,"comment_status":"open","ping_status":"open","sticky":false,"template":"","format":"standard","meta":[],"categories":[11],"tags":[],"yoast_head":"<!-- This site is optimized with the Yoast SEO plugin v19.10 - https:\/\/yoast.com\/wordpress\/plugins\/seo\/ -->\n<title>24.10.: RangerTour - Mit dem Fahrrad zu den wilden G\u00e4nsen - Naturpark Dahme-Heideseen<\/title>\n<meta name=\"robots\" content=\"index, follow, max-snippet:-1, max-image-preview:large, max-video-preview:-1\" \/>\n<link rel=\"canonical\" href=\"https:\/\/www.naturparkmagazin.de\/dahme-heideseen\/24-10-rangertour-mit-dem-fahrrad-zu-den-wilden-gaensen\/\" \/>\n<meta property=\"og:locale\" content=\"de_DE\" \/>\n<meta property=\"og:type\" content=\"article\" \/>\n<meta property=\"og:title\" content=\"24.10.: RangerTour - Mit dem Fahrrad zu den wilden G\u00e4nsen - Naturpark Dahme-Heideseen\" \/>\n<meta property=\"og:description\" content=\"Auf dem Fahrrad geht es zu den Rast- und Schlafpl\u00e4tzen der Wildg\u00e4nse.\" \/>\n<meta property=\"og:url\" content=\"https:\/\/www.naturparkmagazin.de\/dahme-heideseen\/24-10-rangertour-mit-dem-fahrrad-zu-den-wilden-gaensen\/\" \/>\n<meta property=\"og:site_name\" content=\"Naturpark Dahme-Heideseen\" \/>\n<meta property=\"article:published_time\" content=\"2020-09-18T14:12:06+00:00\" \/>\n<meta property=\"article:modified_time\" content=\"2020-09-28T10:31:37+00:00\" \/>\n<meta property=\"og:image\" content=\"https:\/\/www.naturparkmagazin.de\/dahme-heideseen\/wp-content\/uploads\/sites\/37\/G\u00e4nserast-Theresa-Schwalbe.jpg\" \/>\n\t<meta property=\"og:image:width\" content=\"1000\" \/>\n\t<meta property=\"og:image:height\" content=\"625\" \/>\n\t<meta property=\"og:image:type\" content=\"image\/jpeg\" \/>\n<meta name=\"author\" content=\"Astrid Osenbr\u00fcck\" \/>\n<meta name=\"twitter:label1\" content=\"Verfasst von\" \/>\n\t<meta name=\"twitter:data1\" content=\"Astrid Osenbr\u00fcck\" \/>\n\t<meta name=\"twitter:label2\" content=\"Gesch\u00e4tzte Lesezeit\" \/>\n\t<meta name=\"twitter:data2\" content=\"1\u00a0Minute\" \/>\n<script type=\"application\/ld+json\" class=\"yoast-schema-graph\">{\"@context\":\"https:\/\/schema.org\",\"@graph\":[{\"@type\":\"WebPage\",\"@id\":\"https:\/\/www.naturparkmagazin.de\/dahme-heideseen\/24-10-rangertour-mit-dem-fahrrad-zu-den-wilden-gaensen\/\",\"url\":\"https:\/\/www.naturparkmagazin.de\/dahme-heideseen\/24-10-rangertour-mit-dem-fahrrad-zu-den-wilden-gaensen\/\",\"name\":\"24.10.: RangerTour - Mit dem Fahrrad zu den wilden G\u00e4nsen - Naturpark Dahme-Heideseen\",\"isPartOf\":{\"@id\":\"https:\/\/www.naturparkmagazin.de\/dahme-heideseen\/#website\"},\"datePublished\":\"2020-09-18T14:12:06+00:00\",\"dateModified\":\"2020-09-28T10:31:37+00:00\",\"author\":{\"@id\":\"https:\/\/www.naturparkmagazin.de\/dahme-heideseen\/#\/schema\/person\/a0510aafafdf8183c95fc98faf0c9f21\"},\"breadcrumb\":{\"@id\":\"https:\/\/www.naturparkmagazin.de\/dahme-heideseen\/24-10-rangertour-mit-dem-fahrrad-zu-den-wilden-gaensen\/#breadcrumb\"},\"inLanguage\":\"de\",\"potentialAction\":[{\"@type\":\"ReadAction\",\"target\":[\"https:\/\/www.naturparkmagazin.de\/dahme-heideseen\/24-10-rangertour-mit-dem-fahrrad-zu-den-wilden-gaensen\/\"]}]},{\"@type\":\"BreadcrumbList\",\"@id\":\"https:\/\/www.naturparkmagazin.de\/dahme-heideseen\/24-10-rangertour-mit-dem-fahrrad-zu-den-wilden-gaensen\/#breadcrumb\",\"itemListElement\":[{\"@type\":\"ListItem\",\"position\":1,\"name\":\"Home\",\"item\":\"https:\/\/www.naturparkmagazin.de\/dahme-heideseen\/\"},{\"@type\":\"ListItem\",\"position\":2,\"name\":\"24.10.: RangerTour &#8211; Mit dem Fahrrad zu den wilden G\u00e4nsen\"}]},{\"@type\":\"WebSite\",\"@id\":\"https:\/\/www.naturparkmagazin.de\/dahme-heideseen\/#website\",\"url\":\"https:\/\/www.naturparkmagazin.de\/dahme-heideseen\/\",\"name\":\"Naturpark Dahme-Heideseen\",\"description\":\"\",\"potentialAction\":[{\"@type\":\"SearchAction\",\"target\":{\"@type\":\"EntryPoint\",\"urlTemplate\":\"https:\/\/www.naturparkmagazin.de\/dahme-heideseen\/?s={search_term_string}\"},\"query-input\":\"required name=search_term_string\"}],\"inLanguage\":\"de\"},{\"@type\":\"Person\",\"@id\":\"https:\/\/www.naturparkmagazin.de\/dahme-heideseen\/#\/schema\/person\/a0510aafafdf8183c95fc98faf0c9f21\",\"name\":\"Astrid Osenbr\u00fcck\",\"sameAs\":[\"http:\/\/www.dahme-heideseen-naturpark.de\"],\"url\":\"https:\/\/www.naturparkmagazin.de\/dahme-heideseen\/author\/astridosenbrueck\/\"}]}<\/script>\n<!-- \/ Yoast SEO plugin. -->","yoast_head_json":{"title":"24.10.: RangerTour - Mit dem Fahrrad zu den wilden G\u00e4nsen - Naturpark Dahme-Heideseen","robots":{"index":"index","follow":"follow","max-snippet":"max-snippet:-1","max-image-preview":"max-image-preview:large","max-video-preview":"max-video-preview:-1"},"canonical":"https:\/\/www.naturparkmagazin.de\/dahme-heideseen\/24-10-rangertour-mit-dem-fahrrad-zu-den-wilden-gaensen\/","og_locale":"de_DE","og_type":"article","og_title":"24.10.: RangerTour - Mit dem Fahrrad zu den wilden G\u00e4nsen - Naturpark Dahme-Heideseen","og_description":"Auf dem Fahrrad geht es zu den Rast- und Schlafpl\u00e4tzen der Wildg\u00e4nse.","og_url":"https:\/\/www.naturparkmagazin.de\/dahme-heideseen\/24-10-rangertour-mit-dem-fahrrad-zu-den-wilden-gaensen\/","og_site_name":"Naturpark Dahme-Heideseen","article_published_time":"2020-09-18T14:12:06+00:00","article_modified_time":"2020-09-28T10:31:37+00:00","og_image":[{"width":1000,"height":625,"url":"https:\/\/www.naturparkmagazin.de\/dahme-heideseen\/wp-content\/uploads\/sites\/37\/G\u00e4nserast-Theresa-Schwalbe.jpg","type":"image\/jpeg"}],"author":"Astrid Osenbr\u00fcck","twitter_misc":{"Verfasst von":"Astrid Osenbr\u00fcck","Gesch\u00e4tzte Lesezeit":"1\u00a0Minute"},"schema":{"@context":"https:\/\/schema.org","@graph":[{"@type":"WebPage","@id":"https:\/\/www.naturparkmagazin.de\/dahme-heideseen\/24-10-rangertour-mit-dem-fahrrad-zu-den-wilden-gaensen\/","url":"https:\/\/www.naturparkmagazin.de\/dahme-heideseen\/24-10-rangertour-mit-dem-fahrrad-zu-den-wilden-gaensen\/","name":"24.10.: RangerTour - Mit dem Fahrrad zu den wilden G\u00e4nsen - Naturpark Dahme-Heideseen","isPartOf":{"@id":"https:\/\/www.naturparkmagazin.de\/dahme-heideseen\/#website"},"datePublished":"2020-09-18T14:12:06+00:00","dateModified":"2020-09-28T10:31:37+00:00","author":{"@id":"https:\/\/www.naturparkmagazin.de\/dahme-heideseen\/#\/schema\/person\/a0510aafafdf8183c95fc98faf0c9f21"},"breadcrumb":{"@id":"https:\/\/www.naturparkmagazin.de\/dahme-heideseen\/24-10-rangertour-mit-dem-fahrrad-zu-den-wilden-gaensen\/#breadcrumb"},"inLanguage":"de","potentialAction":[{"@type":"ReadAction","target":["https:\/\/www.naturparkmagazin.de\/dahme-heideseen\/24-10-rangertour-mit-dem-fahrrad-zu-den-wilden-gaensen\/"]}]},{"@type":"BreadcrumbList","@id":"https:\/\/www.naturparkmagazin.de\/dahme-heideseen\/24-10-rangertour-mit-dem-fahrrad-zu-den-wilden-gaensen\/#breadcrumb","itemListElement":[{"@type":"ListItem","position":1,"name":"Home","item":"https:\/\/www.naturparkmagazin.de\/dahme-heideseen\/"},{"@type":"ListItem","position":2,"name":"24.10.: RangerTour &#8211; Mit dem Fahrrad zu den wilden G\u00e4nsen"}]},{"@type":"WebSite","@id":"https:\/\/www.naturparkmagazin.de\/dahme-heideseen\/#website","url":"https:\/\/www.naturparkmagazin.de\/dahme-heideseen\/","name":"Naturpark Dahme-Heideseen","description":"","potentialAction":[{"@type":"SearchAction","target":{"@type":"EntryPoint","urlTemplate":"https:\/\/www.naturparkmagazin.de\/dahme-heideseen\/?s={search_term_string}"},"query-input":"required name=search_term_string"}],"inLanguage":"de"},{"@type":"Person","@id":"https:\/\/www.naturparkmagazin.de\/dahme-heideseen\/#\/schema\/person\/a0510aafafdf8183c95fc98faf0c9f21","name":"Astrid Osenbr\u00fcck","sameAs":["http:\/\/www.dahme-heideseen-naturpark.de"],"url":"https:\/\/www.naturparkmagazin.de\/dahme-heideseen\/author\/astridosenbrueck\/"}]}},"_links":{"self":[{"href":"https:\/\/www.naturparkmagazin.de\/dahme-heideseen\/wp-json\/wp\/v2\/posts\/3443"}],"collection":[{"href":"https:\/\/www.naturparkmagazin.de\/dahme-heideseen\/wp-json\/wp\/v2\/posts"}],"about":[{"href":"https:\/\/www.naturparkmagazin.de\/dahme-heideseen\/wp-json\/wp\/v2\/types\/post"}],"author":[{"embeddable":true,"href":"https:\/\/www.naturparkmagazin.de\/dahme-heideseen\/wp-json\/wp\/v2\/users\/83"}],"replies":[{"embeddable":true,"href":"https:\/\/www.naturparkmagazin.de\/dahme-heideseen\/wp-json\/wp\/v2\/comments?post=3443"}],"version-history":[{"count":1,"href":"https:\/\/www.naturparkmagazin.de\/dahme-heideseen\/wp-json\/wp\/v2\/posts\/3443\/revisions"}],"predecessor-version":[{"id":3445,"href":"https:\/\/www.naturparkmagazin.de\/dahme-heideseen\/wp-json\/wp\/v2\/posts\/3443\/revisions\/3445"}],"wp:featuredmedia":[{"embeddable":true,"href":"https:\/\/www.naturparkmagazin.de\/dahme-heideseen\/wp-json\/wp\/v2\/media\/3444"}],"wp:attachment":[{"href":"https:\/\/www.naturparkmagazin.de\/dahme-heideseen\/wp-json\/wp\/v2\/media?parent=3443"}],"wp:term":[{"taxonomy":"category","embeddable":true,"href":"https:\/\/www.naturparkmagazin.de\/dahme-heideseen\/wp-json\/wp\/v2\/categories?post=3443"},{"taxonomy":"post_tag","embeddable":true,"href":"https:\/\/www.naturparkmagazin.de\/dahme-heideseen\/wp-json\/wp\/v2\/tags?post=3443"}],"curies":[{"name":"wp","href":"https:\/\/api.w.org\/{rel}","templated":true}]}}