{"id":3458,"date":"2020-09-18T11:56:50","date_gmt":"2020-09-18T09:56:50","guid":{"rendered":"https:\/\/www.naturparkmagazin.de\/dahme-heideseen\/?p=3458"},"modified":"2020-09-28T12:26:50","modified_gmt":"2020-09-28T10:26:50","slug":"neue-mitarbeiterin-in-der-allgemeinen-verwaltung-des-naturparks","status":"publish","type":"post","link":"https:\/\/www.naturparkmagazin.de\/dahme-heideseen\/neue-mitarbeiterin-in-der-allgemeinen-verwaltung-des-naturparks\/","title":{"rendered":"Neue Mitarbeiterin in der Allgemeinen Verwaltung des Naturparks"},"content":{"rendered":"<div id=\"attachment_3461\" style=\"width: 788px\" class=\"wp-caption aligncenter\"><a href=\"https:\/\/www.naturparkmagazin.de\/dahme-heideseen\/wp-content\/uploads\/sites\/37\/Teresa2klein.jpg\"><img aria-describedby=\"caption-attachment-3461\" decoding=\"async\" loading=\"lazy\" class=\"size-full wp-image-3461\" src=\"https:\/\/www.naturparkmagazin.de\/dahme-heideseen\/wp-content\/uploads\/sites\/37\/Teresa2klein.jpg\" alt=\"Teresa Zeuner (\u00a9 Annette Lux)\" width=\"778\" height=\"1383\" srcset=\"https:\/\/www.naturparkmagazin.de\/dahme-heideseen\/wp-content\/uploads\/sites\/37\/Teresa2klein.jpg 778w, https:\/\/www.naturparkmagazin.de\/dahme-heideseen\/wp-content\/uploads\/sites\/37\/Teresa2klein-300x533.jpg 300w, https:\/\/www.naturparkmagazin.de\/dahme-heideseen\/wp-content\/uploads\/sites\/37\/Teresa2klein-620x1102.jpg 620w, https:\/\/www.naturparkmagazin.de\/dahme-heideseen\/wp-content\/uploads\/sites\/37\/Teresa2klein-670x1191.jpg 670w, https:\/\/www.naturparkmagazin.de\/dahme-heideseen\/wp-content\/uploads\/sites\/37\/Teresa2klein-200x356.jpg 200w\" sizes=\"(max-width: 778px) 100vw, 778px\" \/><\/a><p id=\"caption-attachment-3461\" class=\"wp-caption-text\">Teresa Zeuner (\u00a9 Annette Lux)<\/p><\/div>\n<p>Seit 1. September hat die Naturpark-Verwaltung eine neue Mitarbeiterin: Teresa Zeuner \u00fcbernimmt nun die Aufgaben, die in der allgemeinen Verwaltung und Organisation anfallen. Sie ist Montag bis Donnerstag von 8:30 Uhr bis 14:00 Uhr f\u00fcr organisatorische Fragen (z. B. bez\u00fcglich Veranstaltungen) zust\u00e4ndig.<\/p>\n<p>Das gesamte Naturpark-Team freut sich \u00fcber die neue Kollegin und hei\u00dft Teresa Zeuner herzlich willkommen!<\/p>\n","protected":false},"excerpt":{"rendered":"<p>Mit der neuen Mitarbeiterin ist das Sekretariat wieder regelm\u00e4\u00dfig besetzt. Montags bis Donnerstags zwischen 8:30 Uhr &#8211; 14:00 Uhr ist Teresa Zeuner f\u00fcr organisatorische Fragen erreichbar.<\/p>\n","protected":false},"author":83,"featured_media":3477,"comment_status":"open","ping_status":"open","sticky":false,"template":"","format":"standard","meta":[],"categories":[7],"tags":[],"yoast_head":"<!-- This site is optimized with the Yoast SEO plugin v19.10 - https:\/\/yoast.com\/wordpress\/plugins\/seo\/ -->\n<title>Neue Mitarbeiterin in der Allgemeinen Verwaltung des Naturparks - Naturpark Dahme-Heideseen<\/title>\n<meta name=\"robots\" content=\"index, follow, max-snippet:-1, max-image-preview:large, max-video-preview:-1\" \/>\n<link rel=\"canonical\" href=\"https:\/\/www.naturparkmagazin.de\/dahme-heideseen\/neue-mitarbeiterin-in-der-allgemeinen-verwaltung-des-naturparks\/\" \/>\n<meta property=\"og:locale\" content=\"de_DE\" \/>\n<meta property=\"og:type\" content=\"article\" \/>\n<meta property=\"og:title\" content=\"Neue Mitarbeiterin in der Allgemeinen Verwaltung des Naturparks - Naturpark Dahme-Heideseen\" \/>\n<meta property=\"og:description\" content=\"Mit der neuen Mitarbeiterin ist das Sekretariat wieder regelm\u00e4\u00dfig besetzt. Montags bis Donnerstags zwischen 8:30 Uhr - 14:00 Uhr ist Teresa Zeuner f\u00fcr organisatorische Fragen erreichbar.\" \/>\n<meta property=\"og:url\" content=\"https:\/\/www.naturparkmagazin.de\/dahme-heideseen\/neue-mitarbeiterin-in-der-allgemeinen-verwaltung-des-naturparks\/\" \/>\n<meta property=\"og:site_name\" content=\"Naturpark Dahme-Heideseen\" \/>\n<meta property=\"article:published_time\" content=\"2020-09-18T09:56:50+00:00\" \/>\n<meta property=\"article:modified_time\" content=\"2020-09-28T10:26:50+00:00\" \/>\n<meta property=\"og:image\" content=\"https:\/\/www.naturparkmagazin.de\/dahme-heideseen\/wp-content\/uploads\/sites\/37\/Teresa2klein1.jpg\" \/>\n\t<meta property=\"og:image:width\" content=\"200\" \/>\n\t<meta property=\"og:image:height\" content=\"200\" \/>\n\t<meta property=\"og:image:type\" content=\"image\/jpeg\" \/>\n<meta name=\"author\" content=\"Astrid Osenbr\u00fcck\" \/>\n<meta name=\"twitter:label1\" content=\"Verfasst von\" \/>\n\t<meta name=\"twitter:data1\" content=\"Astrid Osenbr\u00fcck\" \/>\n<script type=\"application\/ld+json\" class=\"yoast-schema-graph\">{\"@context\":\"https:\/\/schema.org\",\"@graph\":[{\"@type\":\"WebPage\",\"@id\":\"https:\/\/www.naturparkmagazin.de\/dahme-heideseen\/neue-mitarbeiterin-in-der-allgemeinen-verwaltung-des-naturparks\/\",\"url\":\"https:\/\/www.naturparkmagazin.de\/dahme-heideseen\/neue-mitarbeiterin-in-der-allgemeinen-verwaltung-des-naturparks\/\",\"name\":\"Neue Mitarbeiterin in der Allgemeinen Verwaltung des Naturparks - Naturpark Dahme-Heideseen\",\"isPartOf\":{\"@id\":\"https:\/\/www.naturparkmagazin.de\/dahme-heideseen\/#website\"},\"datePublished\":\"2020-09-18T09:56:50+00:00\",\"dateModified\":\"2020-09-28T10:26:50+00:00\",\"author\":{\"@id\":\"https:\/\/www.naturparkmagazin.de\/dahme-heideseen\/#\/schema\/person\/a0510aafafdf8183c95fc98faf0c9f21\"},\"breadcrumb\":{\"@id\":\"https:\/\/www.naturparkmagazin.de\/dahme-heideseen\/neue-mitarbeiterin-in-der-allgemeinen-verwaltung-des-naturparks\/#breadcrumb\"},\"inLanguage\":\"de\",\"potentialAction\":[{\"@type\":\"ReadAction\",\"target\":[\"https:\/\/www.naturparkmagazin.de\/dahme-heideseen\/neue-mitarbeiterin-in-der-allgemeinen-verwaltung-des-naturparks\/\"]}]},{\"@type\":\"BreadcrumbList\",\"@id\":\"https:\/\/www.naturparkmagazin.de\/dahme-heideseen\/neue-mitarbeiterin-in-der-allgemeinen-verwaltung-des-naturparks\/#breadcrumb\",\"itemListElement\":[{\"@type\":\"ListItem\",\"position\":1,\"name\":\"Home\",\"item\":\"https:\/\/www.naturparkmagazin.de\/dahme-heideseen\/\"},{\"@type\":\"ListItem\",\"position\":2,\"name\":\"Neue Mitarbeiterin in der Allgemeinen Verwaltung des Naturparks\"}]},{\"@type\":\"WebSite\",\"@id\":\"https:\/\/www.naturparkmagazin.de\/dahme-heideseen\/#website\",\"url\":\"https:\/\/www.naturparkmagazin.de\/dahme-heideseen\/\",\"name\":\"Naturpark Dahme-Heideseen\",\"description\":\"\",\"potentialAction\":[{\"@type\":\"SearchAction\",\"target\":{\"@type\":\"EntryPoint\",\"urlTemplate\":\"https:\/\/www.naturparkmagazin.de\/dahme-heideseen\/?s={search_term_string}\"},\"query-input\":\"required name=search_term_string\"}],\"inLanguage\":\"de\"},{\"@type\":\"Person\",\"@id\":\"https:\/\/www.naturparkmagazin.de\/dahme-heideseen\/#\/schema\/person\/a0510aafafdf8183c95fc98faf0c9f21\",\"name\":\"Astrid Osenbr\u00fcck\",\"sameAs\":[\"http:\/\/www.dahme-heideseen-naturpark.de\"],\"url\":\"https:\/\/www.naturparkmagazin.de\/dahme-heideseen\/author\/astridosenbrueck\/\"}]}<\/script>\n<!-- \/ Yoast SEO plugin. -->","yoast_head_json":{"title":"Neue Mitarbeiterin in der Allgemeinen Verwaltung des Naturparks - Naturpark Dahme-Heideseen","robots":{"index":"index","follow":"follow","max-snippet":"max-snippet:-1","max-image-preview":"max-image-preview:large","max-video-preview":"max-video-preview:-1"},"canonical":"https:\/\/www.naturparkmagazin.de\/dahme-heideseen\/neue-mitarbeiterin-in-der-allgemeinen-verwaltung-des-naturparks\/","og_locale":"de_DE","og_type":"article","og_title":"Neue Mitarbeiterin in der Allgemeinen Verwaltung des Naturparks - Naturpark Dahme-Heideseen","og_description":"Mit der neuen Mitarbeiterin ist das Sekretariat wieder regelm\u00e4\u00dfig besetzt. Montags bis Donnerstags zwischen 8:30 Uhr - 14:00 Uhr ist Teresa Zeuner f\u00fcr organisatorische Fragen erreichbar.","og_url":"https:\/\/www.naturparkmagazin.de\/dahme-heideseen\/neue-mitarbeiterin-in-der-allgemeinen-verwaltung-des-naturparks\/","og_site_name":"Naturpark Dahme-Heideseen","article_published_time":"2020-09-18T09:56:50+00:00","article_modified_time":"2020-09-28T10:26:50+00:00","og_image":[{"width":200,"height":200,"url":"https:\/\/www.naturparkmagazin.de\/dahme-heideseen\/wp-content\/uploads\/sites\/37\/Teresa2klein1.jpg","type":"image\/jpeg"}],"author":"Astrid Osenbr\u00fcck","twitter_misc":{"Verfasst von":"Astrid Osenbr\u00fcck"},"schema":{"@context":"https:\/\/schema.org","@graph":[{"@type":"WebPage","@id":"https:\/\/www.naturparkmagazin.de\/dahme-heideseen\/neue-mitarbeiterin-in-der-allgemeinen-verwaltung-des-naturparks\/","url":"https:\/\/www.naturparkmagazin.de\/dahme-heideseen\/neue-mitarbeiterin-in-der-allgemeinen-verwaltung-des-naturparks\/","name":"Neue Mitarbeiterin in der Allgemeinen Verwaltung des Naturparks - Naturpark Dahme-Heideseen","isPartOf":{"@id":"https:\/\/www.naturparkmagazin.de\/dahme-heideseen\/#website"},"datePublished":"2020-09-18T09:56:50+00:00","dateModified":"2020-09-28T10:26:50+00:00","author":{"@id":"https:\/\/www.naturparkmagazin.de\/dahme-heideseen\/#\/schema\/person\/a0510aafafdf8183c95fc98faf0c9f21"},"breadcrumb":{"@id":"https:\/\/www.naturparkmagazin.de\/dahme-heideseen\/neue-mitarbeiterin-in-der-allgemeinen-verwaltung-des-naturparks\/#breadcrumb"},"inLanguage":"de","potentialAction":[{"@type":"ReadAction","target":["https:\/\/www.naturparkmagazin.de\/dahme-heideseen\/neue-mitarbeiterin-in-der-allgemeinen-verwaltung-des-naturparks\/"]}]},{"@type":"BreadcrumbList","@id":"https:\/\/www.naturparkmagazin.de\/dahme-heideseen\/neue-mitarbeiterin-in-der-allgemeinen-verwaltung-des-naturparks\/#breadcrumb","itemListElement":[{"@type":"ListItem","position":1,"name":"Home","item":"https:\/\/www.naturparkmagazin.de\/dahme-heideseen\/"},{"@type":"ListItem","position":2,"name":"Neue Mitarbeiterin in der Allgemeinen Verwaltung des Naturparks"}]},{"@type":"WebSite","@id":"https:\/\/www.naturparkmagazin.de\/dahme-heideseen\/#website","url":"https:\/\/www.naturparkmagazin.de\/dahme-heideseen\/","name":"Naturpark Dahme-Heideseen","description":"","potentialAction":[{"@type":"SearchAction","target":{"@type":"EntryPoint","urlTemplate":"https:\/\/www.naturparkmagazin.de\/dahme-heideseen\/?s={search_term_string}"},"query-input":"required name=search_term_string"}],"inLanguage":"de"},{"@type":"Person","@id":"https:\/\/www.naturparkmagazin.de\/dahme-heideseen\/#\/schema\/person\/a0510aafafdf8183c95fc98faf0c9f21","name":"Astrid Osenbr\u00fcck","sameAs":["http:\/\/www.dahme-heideseen-naturpark.de"],"url":"https:\/\/www.naturparkmagazin.de\/dahme-heideseen\/author\/astridosenbrueck\/"}]}},"_links":{"self":[{"href":"https:\/\/www.naturparkmagazin.de\/dahme-heideseen\/wp-json\/wp\/v2\/posts\/3458"}],"collection":[{"href":"https:\/\/www.naturparkmagazin.de\/dahme-heideseen\/wp-json\/wp\/v2\/posts"}],"about":[{"href":"https:\/\/www.naturparkmagazin.de\/dahme-heideseen\/wp-json\/wp\/v2\/types\/post"}],"author":[{"embeddable":true,"href":"https:\/\/www.naturparkmagazin.de\/dahme-heideseen\/wp-json\/wp\/v2\/users\/83"}],"replies":[{"embeddable":true,"href":"https:\/\/www.naturparkmagazin.de\/dahme-heideseen\/wp-json\/wp\/v2\/comments?post=3458"}],"version-history":[{"count":5,"href":"https:\/\/www.naturparkmagazin.de\/dahme-heideseen\/wp-json\/wp\/v2\/posts\/3458\/revisions"}],"predecessor-version":[{"id":3478,"href":"https:\/\/www.naturparkmagazin.de\/dahme-heideseen\/wp-json\/wp\/v2\/posts\/3458\/revisions\/3478"}],"wp:featuredmedia":[{"embeddable":true,"href":"https:\/\/www.naturparkmagazin.de\/dahme-heideseen\/wp-json\/wp\/v2\/media\/3477"}],"wp:attachment":[{"href":"https:\/\/www.naturparkmagazin.de\/dahme-heideseen\/wp-json\/wp\/v2\/media?parent=3458"}],"wp:term":[{"taxonomy":"category","embeddable":true,"href":"https:\/\/www.naturparkmagazin.de\/dahme-heideseen\/wp-json\/wp\/v2\/categories?post=3458"},{"taxonomy":"post_tag","embeddable":true,"href":"https:\/\/www.naturparkmagazin.de\/dahme-heideseen\/wp-json\/wp\/v2\/tags?post=3458"}],"curies":[{"name":"wp","href":"https:\/\/api.w.org\/{rel}","templated":true}]}}