{"id":3487,"date":"2020-10-14T12:10:50","date_gmt":"2020-10-14T10:10:50","guid":{"rendered":"https:\/\/www.naturparkmagazin.de\/dahme-heideseen\/?p=3487"},"modified":"2020-10-30T11:29:46","modified_gmt":"2020-10-30T10:29:46","slug":"3487","status":"publish","type":"post","link":"https:\/\/www.naturparkmagazin.de\/dahme-heideseen\/3487\/","title":{"rendered":""},"content":{"rendered":"<p>Graues Wetter, Regen, K\u00e4lte&#8230; Der Herbst kommt mit aller Wucht und scheucht uns nach Hause, in die heimischen Wohnungen und H\u00e4user. Doch die bunte Jahreszeit bringt auch Gem\u00fctlichkeit, Ruhe und Bastel-Stunden. Und ab und zu kann eine Wanderung oder ein kleiner Spaziergang in der herbstlichen Frische doch sehr angenehm sein. Die unz\u00e4hligen Fr\u00fcchte der gro\u00dfen Kastanienb\u00e4ume vor der Naturpark-Verwaltung in Prieros haben bereits einige\u00a0Sammler angelockt. Kein Wunder, kann man doch so tolle Sachen aus Kastanien herstellen: Seien es kreative\u00a0Basteleien mit den Kindern\u00a0und Enkeln oder\u00a0kosten- und chemiefreie Waschmittel. Ein Anleitung f\u00fcr Kastanien-Waschmittel\u00a0finden Sie <a href=\"https:\/\/utopia.de\/ratgeber\/kastanien-waschmittel-selber-machen\/\" target=\"_blank\">hier<\/a>.<\/p>\n<p>Was sonst noch los war im Naturpark lesen Sie in diesem Newsletter. Viel Spa\u00df beim Lesen w\u00fcnscht Ihnen<\/p>\n<p>Ihr Naturpark-Team<\/p>\n<p>Hinweis: In dieser Ausgabe des Newsletters finden Sie einige Veranstaltungshinweise; da aufgrund der neuen Corona-Verordnungen erhebliche Einschr\u00e4nkungen f\u00fcr Veranstaltungen vor Ort zu erwarten sind, erkundigen Sie sich bitte beim Veranstalter, ob die Veranstaltung plangem\u00e4\u00df stattfindet.<\/p>\n","protected":false},"excerpt":{"rendered":"<p>Graues Wetter, Regen, K\u00e4lte&#8230; Der Herbst kommt mit aller Wucht und scheucht uns nach Hause, in die heimischen Wohnungen und H\u00e4user. Doch die bunte Jahreszeit bringt auch Gem\u00fctlichkeit, Ruhe und Bastel-Stunden. Und ab und zu kann eine Wanderung oder ein kleiner Spaziergang in der herbstlichen Frische doch sehr angenehm sein. Die unz\u00e4hligen Fr\u00fcchte der gro\u00dfen<\/p>\n","protected":false},"author":83,"featured_media":0,"comment_status":"open","ping_status":"open","sticky":false,"template":"","format":"standard","meta":[],"categories":[52],"tags":[],"yoast_head":"<!-- This site is optimized with the Yoast SEO plugin v19.10 - https:\/\/yoast.com\/wordpress\/plugins\/seo\/ -->\n<title>- Naturpark Dahme-Heideseen<\/title>\n<meta name=\"robots\" content=\"index, follow, max-snippet:-1, max-image-preview:large, max-video-preview:-1\" \/>\n<link rel=\"canonical\" href=\"https:\/\/www.naturparkmagazin.de\/dahme-heideseen\/3487\/\" \/>\n<meta property=\"og:locale\" content=\"de_DE\" \/>\n<meta property=\"og:type\" content=\"article\" \/>\n<meta property=\"og:title\" content=\"- Naturpark Dahme-Heideseen\" \/>\n<meta property=\"og:description\" content=\"Graues Wetter, Regen, K\u00e4lte&#8230; Der Herbst kommt mit aller Wucht und scheucht uns nach Hause, in die heimischen Wohnungen und H\u00e4user. Doch die bunte Jahreszeit bringt auch Gem\u00fctlichkeit, Ruhe und Bastel-Stunden. Und ab und zu kann eine Wanderung oder ein kleiner Spaziergang in der herbstlichen Frische doch sehr angenehm sein. Die unz\u00e4hligen Fr\u00fcchte der gro\u00dfen\" \/>\n<meta property=\"og:url\" content=\"https:\/\/www.naturparkmagazin.de\/dahme-heideseen\/3487\/\" \/>\n<meta property=\"og:site_name\" content=\"Naturpark Dahme-Heideseen\" \/>\n<meta property=\"article:published_time\" content=\"2020-10-14T10:10:50+00:00\" \/>\n<meta property=\"article:modified_time\" content=\"2020-10-30T10:29:46+00:00\" \/>\n<meta name=\"author\" content=\"Astrid Osenbr\u00fcck\" \/>\n<meta name=\"twitter:label1\" content=\"Verfasst von\" \/>\n\t<meta name=\"twitter:data1\" content=\"Astrid Osenbr\u00fcck\" \/>\n\t<meta name=\"twitter:label2\" content=\"Gesch\u00e4tzte Lesezeit\" \/>\n\t<meta name=\"twitter:data2\" content=\"1\u00a0Minute\" \/>\n<script type=\"application\/ld+json\" class=\"yoast-schema-graph\">{\"@context\":\"https:\/\/schema.org\",\"@graph\":[{\"@type\":\"WebPage\",\"@id\":\"https:\/\/www.naturparkmagazin.de\/dahme-heideseen\/3487\/\",\"url\":\"https:\/\/www.naturparkmagazin.de\/dahme-heideseen\/3487\/\",\"name\":\"- Naturpark Dahme-Heideseen\",\"isPartOf\":{\"@id\":\"https:\/\/www.naturparkmagazin.de\/dahme-heideseen\/#website\"},\"datePublished\":\"2020-10-14T10:10:50+00:00\",\"dateModified\":\"2020-10-30T10:29:46+00:00\",\"author\":{\"@id\":\"https:\/\/www.naturparkmagazin.de\/dahme-heideseen\/#\/schema\/person\/a0510aafafdf8183c95fc98faf0c9f21\"},\"inLanguage\":\"de\",\"potentialAction\":[{\"@type\":\"ReadAction\",\"target\":[\"https:\/\/www.naturparkmagazin.de\/dahme-heideseen\/3487\/\"]}]},{\"@type\":\"WebSite\",\"@id\":\"https:\/\/www.naturparkmagazin.de\/dahme-heideseen\/#website\",\"url\":\"https:\/\/www.naturparkmagazin.de\/dahme-heideseen\/\",\"name\":\"Naturpark Dahme-Heideseen\",\"description\":\"\",\"potentialAction\":[{\"@type\":\"SearchAction\",\"target\":{\"@type\":\"EntryPoint\",\"urlTemplate\":\"https:\/\/www.naturparkmagazin.de\/dahme-heideseen\/?s={search_term_string}\"},\"query-input\":\"required name=search_term_string\"}],\"inLanguage\":\"de\"},{\"@type\":\"Person\",\"@id\":\"https:\/\/www.naturparkmagazin.de\/dahme-heideseen\/#\/schema\/person\/a0510aafafdf8183c95fc98faf0c9f21\",\"name\":\"Astrid Osenbr\u00fcck\",\"sameAs\":[\"http:\/\/www.dahme-heideseen-naturpark.de\"],\"url\":\"https:\/\/www.naturparkmagazin.de\/dahme-heideseen\/author\/astridosenbrueck\/\"}]}<\/script>\n<!-- \/ Yoast SEO plugin. -->","yoast_head_json":{"title":"- Naturpark Dahme-Heideseen","robots":{"index":"index","follow":"follow","max-snippet":"max-snippet:-1","max-image-preview":"max-image-preview:large","max-video-preview":"max-video-preview:-1"},"canonical":"https:\/\/www.naturparkmagazin.de\/dahme-heideseen\/3487\/","og_locale":"de_DE","og_type":"article","og_title":"- Naturpark Dahme-Heideseen","og_description":"Graues Wetter, Regen, K\u00e4lte&#8230; Der Herbst kommt mit aller Wucht und scheucht uns nach Hause, in die heimischen Wohnungen und H\u00e4user. Doch die bunte Jahreszeit bringt auch Gem\u00fctlichkeit, Ruhe und Bastel-Stunden. Und ab und zu kann eine Wanderung oder ein kleiner Spaziergang in der herbstlichen Frische doch sehr angenehm sein. Die unz\u00e4hligen Fr\u00fcchte der gro\u00dfen","og_url":"https:\/\/www.naturparkmagazin.de\/dahme-heideseen\/3487\/","og_site_name":"Naturpark Dahme-Heideseen","article_published_time":"2020-10-14T10:10:50+00:00","article_modified_time":"2020-10-30T10:29:46+00:00","author":"Astrid Osenbr\u00fcck","twitter_misc":{"Verfasst von":"Astrid Osenbr\u00fcck","Gesch\u00e4tzte Lesezeit":"1\u00a0Minute"},"schema":{"@context":"https:\/\/schema.org","@graph":[{"@type":"WebPage","@id":"https:\/\/www.naturparkmagazin.de\/dahme-heideseen\/3487\/","url":"https:\/\/www.naturparkmagazin.de\/dahme-heideseen\/3487\/","name":"- Naturpark Dahme-Heideseen","isPartOf":{"@id":"https:\/\/www.naturparkmagazin.de\/dahme-heideseen\/#website"},"datePublished":"2020-10-14T10:10:50+00:00","dateModified":"2020-10-30T10:29:46+00:00","author":{"@id":"https:\/\/www.naturparkmagazin.de\/dahme-heideseen\/#\/schema\/person\/a0510aafafdf8183c95fc98faf0c9f21"},"inLanguage":"de","potentialAction":[{"@type":"ReadAction","target":["https:\/\/www.naturparkmagazin.de\/dahme-heideseen\/3487\/"]}]},{"@type":"WebSite","@id":"https:\/\/www.naturparkmagazin.de\/dahme-heideseen\/#website","url":"https:\/\/www.naturparkmagazin.de\/dahme-heideseen\/","name":"Naturpark Dahme-Heideseen","description":"","potentialAction":[{"@type":"SearchAction","target":{"@type":"EntryPoint","urlTemplate":"https:\/\/www.naturparkmagazin.de\/dahme-heideseen\/?s={search_term_string}"},"query-input":"required name=search_term_string"}],"inLanguage":"de"},{"@type":"Person","@id":"https:\/\/www.naturparkmagazin.de\/dahme-heideseen\/#\/schema\/person\/a0510aafafdf8183c95fc98faf0c9f21","name":"Astrid Osenbr\u00fcck","sameAs":["http:\/\/www.dahme-heideseen-naturpark.de"],"url":"https:\/\/www.naturparkmagazin.de\/dahme-heideseen\/author\/astridosenbrueck\/"}]}},"_links":{"self":[{"href":"https:\/\/www.naturparkmagazin.de\/dahme-heideseen\/wp-json\/wp\/v2\/posts\/3487"}],"collection":[{"href":"https:\/\/www.naturparkmagazin.de\/dahme-heideseen\/wp-json\/wp\/v2\/posts"}],"about":[{"href":"https:\/\/www.naturparkmagazin.de\/dahme-heideseen\/wp-json\/wp\/v2\/types\/post"}],"author":[{"embeddable":true,"href":"https:\/\/www.naturparkmagazin.de\/dahme-heideseen\/wp-json\/wp\/v2\/users\/83"}],"replies":[{"embeddable":true,"href":"https:\/\/www.naturparkmagazin.de\/dahme-heideseen\/wp-json\/wp\/v2\/comments?post=3487"}],"version-history":[{"count":6,"href":"https:\/\/www.naturparkmagazin.de\/dahme-heideseen\/wp-json\/wp\/v2\/posts\/3487\/revisions"}],"predecessor-version":[{"id":3518,"href":"https:\/\/www.naturparkmagazin.de\/dahme-heideseen\/wp-json\/wp\/v2\/posts\/3487\/revisions\/3518"}],"wp:attachment":[{"href":"https:\/\/www.naturparkmagazin.de\/dahme-heideseen\/wp-json\/wp\/v2\/media?parent=3487"}],"wp:term":[{"taxonomy":"category","embeddable":true,"href":"https:\/\/www.naturparkmagazin.de\/dahme-heideseen\/wp-json\/wp\/v2\/categories?post=3487"},{"taxonomy":"post_tag","embeddable":true,"href":"https:\/\/www.naturparkmagazin.de\/dahme-heideseen\/wp-json\/wp\/v2\/tags?post=3487"}],"curies":[{"name":"wp","href":"https:\/\/api.w.org\/{rel}","templated":true}]}}