{"id":3498,"date":"2020-10-14T12:40:23","date_gmt":"2020-10-14T10:40:23","guid":{"rendered":"https:\/\/www.naturparkmagazin.de\/dahme-heideseen\/?p=3498"},"modified":"2020-10-14T12:40:23","modified_gmt":"2020-10-14T10:40:23","slug":"grundschule-prieros-als-naturpark-schule-ausgezeichnet","status":"publish","type":"post","link":"https:\/\/www.naturparkmagazin.de\/dahme-heideseen\/grundschule-prieros-als-naturpark-schule-ausgezeichnet\/","title":{"rendered":"Grundschule Prieros als Naturpark-Schule ausgezeichnet"},"content":{"rendered":"<p>Am 1. Oktober versammelten sich alle Sch\u00fclerInnen und LehrerInnen der Grundschule Prieros vor dem Haupteingang ihrer Schule. Neben der Schulleiterin, Frau G\u00f6tze, waren auch Gunnar Heyne, Naturpark-Leiter, Jana Schimke, Mitglied des Deutsches Bundestages und Naturpark-Botschafterin, Bj\u00f6rn Langner, B\u00fcrgermeister von Prieros und Susanne Rieckhof, Vize-Landr\u00e4tin des Landkreises Dahme-Spreewald gekommen, um die Grundschule offiziell als Naturpark-Schule auszuzeichnen.<\/p>\n<p>Das vom Verband Deutscher Naturparke e. V. (VDN) ins Leben gerufene Netzwerk der Naturpark-Schulen soll eine feste, dauerhafte Kooperation zwischen Naturparken und Schulen f\u00f6rdern. Die Auszeichnung erfolgt nach speziellen Kriterien. Die Schule verpflichtet sich, Themen der Bildung f\u00fcr nachhaltige Entwicklung (BNE) regelm\u00e4\u00dfig im Unterricht zu verankern.<\/p>\n<p>Die Grundschule in Prieros soll ihren Sch\u00fclern und Sch\u00fclerinnen den Naturpark und die Region als vielf\u00e4ltigen Lern- und Erfahrungsort nahebringen und f\u00fcr die Besonderheiten der Heimat sensibilisieren. Dass in den umgebenden W\u00e4ldern die gr\u00f6\u00dften K\u00e4ferarten Deutschlands, der Hirschk\u00e4fer und der Heldbock, vorkommen, wissen die meisten Sch\u00fclerInnen bereits von klein auf. Die Naturpark-Schule soll weitere direkte Erfahrungen mit Natur und Kultur im Umfeld der Schule f\u00f6rdern und einen Beitrag zur nachhaltigen Entwicklung leisten. Das Naturpark-Team unterst\u00fctzt die LehrerInnen gerne bei dieser Aufgabe und wird regelm\u00e4\u00dfige Veranstaltungen in der Schule anbieten.<\/p>\n<p>Alle f\u00fcnf Jahre \u00fcberpr\u00fcft der Naturpark, ob die vom Verband Deutscher Naturparke in Zusammenarbeit mit Naturparken und Schulen aufgestellten Kriterien f\u00fcr die Auszeichnung f\u00fcr weitere f\u00fcnf Jahre als \u201eNaturpark-Schule\u201c erf\u00fcllt sind.<\/p>\n<p>Die Grundschule Prieros ist die zweite Schule im Naturpark Dahme-Heideseen, welche die Auszeichnung Naturpark-Schule erreicht hat. Im Jahr 2018 hat die Elisabeth von Schlieben Grundschule in Halbe die Auszeichnung erworben.<\/p>\n","protected":false},"excerpt":{"rendered":"<p>Bei einer feierlichen Veranstaltung am 1. Oktober wurde die Grundschule Prieors als Naturpark-Schule ausgezeichnet.<\/p>\n","protected":false},"author":83,"featured_media":3500,"comment_status":"open","ping_status":"open","sticky":false,"template":"","format":"standard","meta":[],"categories":[7],"tags":[],"yoast_head":"<!-- This site is optimized with the Yoast SEO plugin v19.10 - https:\/\/yoast.com\/wordpress\/plugins\/seo\/ -->\n<title>Grundschule Prieros als Naturpark-Schule ausgezeichnet - Naturpark Dahme-Heideseen<\/title>\n<meta name=\"robots\" content=\"index, follow, max-snippet:-1, max-image-preview:large, max-video-preview:-1\" \/>\n<link rel=\"canonical\" href=\"https:\/\/www.naturparkmagazin.de\/dahme-heideseen\/grundschule-prieros-als-naturpark-schule-ausgezeichnet\/\" \/>\n<meta property=\"og:locale\" content=\"de_DE\" \/>\n<meta property=\"og:type\" content=\"article\" \/>\n<meta property=\"og:title\" content=\"Grundschule Prieros als Naturpark-Schule ausgezeichnet - Naturpark Dahme-Heideseen\" \/>\n<meta property=\"og:description\" content=\"Bei einer feierlichen Veranstaltung am 1. Oktober wurde die Grundschule Prieors als Naturpark-Schule ausgezeichnet.\" \/>\n<meta property=\"og:url\" content=\"https:\/\/www.naturparkmagazin.de\/dahme-heideseen\/grundschule-prieros-als-naturpark-schule-ausgezeichnet\/\" \/>\n<meta property=\"og:site_name\" content=\"Naturpark Dahme-Heideseen\" \/>\n<meta property=\"article:published_time\" content=\"2020-10-14T10:40:23+00:00\" \/>\n<meta property=\"og:image\" content=\"https:\/\/www.naturparkmagazin.de\/dahme-heideseen\/wp-content\/uploads\/sites\/37\/20201001_125646-klein.jpg\" \/>\n\t<meta property=\"og:image:width\" content=\"1383\" \/>\n\t<meta property=\"og:image:height\" content=\"778\" \/>\n\t<meta property=\"og:image:type\" content=\"image\/jpeg\" \/>\n<meta name=\"author\" content=\"Astrid Osenbr\u00fcck\" \/>\n<meta name=\"twitter:label1\" content=\"Verfasst von\" \/>\n\t<meta name=\"twitter:data1\" content=\"Astrid Osenbr\u00fcck\" \/>\n\t<meta name=\"twitter:label2\" content=\"Gesch\u00e4tzte Lesezeit\" \/>\n\t<meta name=\"twitter:data2\" content=\"1\u00a0Minute\" \/>\n<script type=\"application\/ld+json\" class=\"yoast-schema-graph\">{\"@context\":\"https:\/\/schema.org\",\"@graph\":[{\"@type\":\"WebPage\",\"@id\":\"https:\/\/www.naturparkmagazin.de\/dahme-heideseen\/grundschule-prieros-als-naturpark-schule-ausgezeichnet\/\",\"url\":\"https:\/\/www.naturparkmagazin.de\/dahme-heideseen\/grundschule-prieros-als-naturpark-schule-ausgezeichnet\/\",\"name\":\"Grundschule Prieros als Naturpark-Schule ausgezeichnet - Naturpark Dahme-Heideseen\",\"isPartOf\":{\"@id\":\"https:\/\/www.naturparkmagazin.de\/dahme-heideseen\/#website\"},\"datePublished\":\"2020-10-14T10:40:23+00:00\",\"dateModified\":\"2020-10-14T10:40:23+00:00\",\"author\":{\"@id\":\"https:\/\/www.naturparkmagazin.de\/dahme-heideseen\/#\/schema\/person\/a0510aafafdf8183c95fc98faf0c9f21\"},\"breadcrumb\":{\"@id\":\"https:\/\/www.naturparkmagazin.de\/dahme-heideseen\/grundschule-prieros-als-naturpark-schule-ausgezeichnet\/#breadcrumb\"},\"inLanguage\":\"de\",\"potentialAction\":[{\"@type\":\"ReadAction\",\"target\":[\"https:\/\/www.naturparkmagazin.de\/dahme-heideseen\/grundschule-prieros-als-naturpark-schule-ausgezeichnet\/\"]}]},{\"@type\":\"BreadcrumbList\",\"@id\":\"https:\/\/www.naturparkmagazin.de\/dahme-heideseen\/grundschule-prieros-als-naturpark-schule-ausgezeichnet\/#breadcrumb\",\"itemListElement\":[{\"@type\":\"ListItem\",\"position\":1,\"name\":\"Home\",\"item\":\"https:\/\/www.naturparkmagazin.de\/dahme-heideseen\/\"},{\"@type\":\"ListItem\",\"position\":2,\"name\":\"Grundschule Prieros als Naturpark-Schule ausgezeichnet\"}]},{\"@type\":\"WebSite\",\"@id\":\"https:\/\/www.naturparkmagazin.de\/dahme-heideseen\/#website\",\"url\":\"https:\/\/www.naturparkmagazin.de\/dahme-heideseen\/\",\"name\":\"Naturpark Dahme-Heideseen\",\"description\":\"\",\"potentialAction\":[{\"@type\":\"SearchAction\",\"target\":{\"@type\":\"EntryPoint\",\"urlTemplate\":\"https:\/\/www.naturparkmagazin.de\/dahme-heideseen\/?s={search_term_string}\"},\"query-input\":\"required name=search_term_string\"}],\"inLanguage\":\"de\"},{\"@type\":\"Person\",\"@id\":\"https:\/\/www.naturparkmagazin.de\/dahme-heideseen\/#\/schema\/person\/a0510aafafdf8183c95fc98faf0c9f21\",\"name\":\"Astrid Osenbr\u00fcck\",\"sameAs\":[\"http:\/\/www.dahme-heideseen-naturpark.de\"],\"url\":\"https:\/\/www.naturparkmagazin.de\/dahme-heideseen\/author\/astridosenbrueck\/\"}]}<\/script>\n<!-- \/ Yoast SEO plugin. -->","yoast_head_json":{"title":"Grundschule Prieros als Naturpark-Schule ausgezeichnet - Naturpark Dahme-Heideseen","robots":{"index":"index","follow":"follow","max-snippet":"max-snippet:-1","max-image-preview":"max-image-preview:large","max-video-preview":"max-video-preview:-1"},"canonical":"https:\/\/www.naturparkmagazin.de\/dahme-heideseen\/grundschule-prieros-als-naturpark-schule-ausgezeichnet\/","og_locale":"de_DE","og_type":"article","og_title":"Grundschule Prieros als Naturpark-Schule ausgezeichnet - Naturpark Dahme-Heideseen","og_description":"Bei einer feierlichen Veranstaltung am 1. Oktober wurde die Grundschule Prieors als Naturpark-Schule ausgezeichnet.","og_url":"https:\/\/www.naturparkmagazin.de\/dahme-heideseen\/grundschule-prieros-als-naturpark-schule-ausgezeichnet\/","og_site_name":"Naturpark Dahme-Heideseen","article_published_time":"2020-10-14T10:40:23+00:00","og_image":[{"width":1383,"height":778,"url":"https:\/\/www.naturparkmagazin.de\/dahme-heideseen\/wp-content\/uploads\/sites\/37\/20201001_125646-klein.jpg","type":"image\/jpeg"}],"author":"Astrid Osenbr\u00fcck","twitter_misc":{"Verfasst von":"Astrid Osenbr\u00fcck","Gesch\u00e4tzte Lesezeit":"1\u00a0Minute"},"schema":{"@context":"https:\/\/schema.org","@graph":[{"@type":"WebPage","@id":"https:\/\/www.naturparkmagazin.de\/dahme-heideseen\/grundschule-prieros-als-naturpark-schule-ausgezeichnet\/","url":"https:\/\/www.naturparkmagazin.de\/dahme-heideseen\/grundschule-prieros-als-naturpark-schule-ausgezeichnet\/","name":"Grundschule Prieros als Naturpark-Schule ausgezeichnet - Naturpark Dahme-Heideseen","isPartOf":{"@id":"https:\/\/www.naturparkmagazin.de\/dahme-heideseen\/#website"},"datePublished":"2020-10-14T10:40:23+00:00","dateModified":"2020-10-14T10:40:23+00:00","author":{"@id":"https:\/\/www.naturparkmagazin.de\/dahme-heideseen\/#\/schema\/person\/a0510aafafdf8183c95fc98faf0c9f21"},"breadcrumb":{"@id":"https:\/\/www.naturparkmagazin.de\/dahme-heideseen\/grundschule-prieros-als-naturpark-schule-ausgezeichnet\/#breadcrumb"},"inLanguage":"de","potentialAction":[{"@type":"ReadAction","target":["https:\/\/www.naturparkmagazin.de\/dahme-heideseen\/grundschule-prieros-als-naturpark-schule-ausgezeichnet\/"]}]},{"@type":"BreadcrumbList","@id":"https:\/\/www.naturparkmagazin.de\/dahme-heideseen\/grundschule-prieros-als-naturpark-schule-ausgezeichnet\/#breadcrumb","itemListElement":[{"@type":"ListItem","position":1,"name":"Home","item":"https:\/\/www.naturparkmagazin.de\/dahme-heideseen\/"},{"@type":"ListItem","position":2,"name":"Grundschule Prieros als Naturpark-Schule ausgezeichnet"}]},{"@type":"WebSite","@id":"https:\/\/www.naturparkmagazin.de\/dahme-heideseen\/#website","url":"https:\/\/www.naturparkmagazin.de\/dahme-heideseen\/","name":"Naturpark Dahme-Heideseen","description":"","potentialAction":[{"@type":"SearchAction","target":{"@type":"EntryPoint","urlTemplate":"https:\/\/www.naturparkmagazin.de\/dahme-heideseen\/?s={search_term_string}"},"query-input":"required name=search_term_string"}],"inLanguage":"de"},{"@type":"Person","@id":"https:\/\/www.naturparkmagazin.de\/dahme-heideseen\/#\/schema\/person\/a0510aafafdf8183c95fc98faf0c9f21","name":"Astrid Osenbr\u00fcck","sameAs":["http:\/\/www.dahme-heideseen-naturpark.de"],"url":"https:\/\/www.naturparkmagazin.de\/dahme-heideseen\/author\/astridosenbrueck\/"}]}},"_links":{"self":[{"href":"https:\/\/www.naturparkmagazin.de\/dahme-heideseen\/wp-json\/wp\/v2\/posts\/3498"}],"collection":[{"href":"https:\/\/www.naturparkmagazin.de\/dahme-heideseen\/wp-json\/wp\/v2\/posts"}],"about":[{"href":"https:\/\/www.naturparkmagazin.de\/dahme-heideseen\/wp-json\/wp\/v2\/types\/post"}],"author":[{"embeddable":true,"href":"https:\/\/www.naturparkmagazin.de\/dahme-heideseen\/wp-json\/wp\/v2\/users\/83"}],"replies":[{"embeddable":true,"href":"https:\/\/www.naturparkmagazin.de\/dahme-heideseen\/wp-json\/wp\/v2\/comments?post=3498"}],"version-history":[{"count":1,"href":"https:\/\/www.naturparkmagazin.de\/dahme-heideseen\/wp-json\/wp\/v2\/posts\/3498\/revisions"}],"predecessor-version":[{"id":3501,"href":"https:\/\/www.naturparkmagazin.de\/dahme-heideseen\/wp-json\/wp\/v2\/posts\/3498\/revisions\/3501"}],"wp:featuredmedia":[{"embeddable":true,"href":"https:\/\/www.naturparkmagazin.de\/dahme-heideseen\/wp-json\/wp\/v2\/media\/3500"}],"wp:attachment":[{"href":"https:\/\/www.naturparkmagazin.de\/dahme-heideseen\/wp-json\/wp\/v2\/media?parent=3498"}],"wp:term":[{"taxonomy":"category","embeddable":true,"href":"https:\/\/www.naturparkmagazin.de\/dahme-heideseen\/wp-json\/wp\/v2\/categories?post=3498"},{"taxonomy":"post_tag","embeddable":true,"href":"https:\/\/www.naturparkmagazin.de\/dahme-heideseen\/wp-json\/wp\/v2\/tags?post=3498"}],"curies":[{"name":"wp","href":"https:\/\/api.w.org\/{rel}","templated":true}]}}