{"id":3520,"date":"2020-11-13T14:54:49","date_gmt":"2020-11-13T13:54:49","guid":{"rendered":"https:\/\/www.naturparkmagazin.de\/dahme-heideseen\/?p=3520"},"modified":"2020-11-13T14:54:49","modified_gmt":"2020-11-13T13:54:49","slug":"jahrebuch-lauschen","status":"publish","type":"post","link":"https:\/\/www.naturparkmagazin.de\/dahme-heideseen\/jahrebuch-lauschen\/","title":{"rendered":"JahreBuch lauschen"},"content":{"rendered":"<p>Das JahreBuch geh\u00f6rt seit vielen Jahren fest zum Naturpark Dahme-Heideseen. Zahlreiche Autoren tragen jedes Jahr mit ihren Beitr\u00e4gen zu einem bunten, spannenden und informativen Buch bei. Tradition ist auch, bei der JahreBuch-Vorstellung das vergangene Jahr Revue passieren zu lassen und sich auf das neue Jahr einzustimmen.<\/p>\n<p>Aufgrund der momentanen Situation m\u00fcssen wir dieses Jahr von einer solchen Veranstaltung absehen. Dennoch m\u00f6chten wir auch dieses Jahr einige Beitr\u00e4ge \u00f6ffentlich pr\u00e4sentieren: Auf\u00a0<a href=\"http:\/\/www.dahme-heideseen-naturpark.de\">www.dahme-heideseen-naturpark.de<\/a>\u00a0werden regelm\u00e4\u00dfig an\u00a0den Adventssonntagen JahreBuch-Beitr\u00e4ge als H\u00f6relement freigeschaltet. Eingesprochen von den Autoren selbst.<\/p>\n<p><b>Hintergrund<\/b>: Der NABU Dahmeland e. V. gibt j\u00e4hrlich das &#8211; in enger Zusammenarbeit mit dem Naturpark Dahme-Heideseen entstandene &#8211; JahreBuch heraus. Dieses Jahr erscheint p\u00fcnktlich zum Jahresende die neue, inzwischen 22. Ausgabe. Es sind 128 Seiten Geschichten und Berichte rund um die Natur im Dahmeland mit vielen Fotos entstanden. Der Kalenderteil wird in diesem Jahr gestaltet mit Fotos und Texten von dem Naturfotografen Klaus Weber, der im Dahmeland aufgewachsen ist und dessen Bilder das \u201eWilde Dahmeland\u201c einfangen. Viele ehrenamtliche AutorInnen sorgen wie in jedem Jahr daf\u00fcr, dass das JahreBuch 2021 eine abwechslungsreiche Lekt\u00fcre f\u00fcr alle Naturliebenden wird. Ab voraussichtlich Mitte Dezember k\u00f6nnen Sie Exemplare f\u00fcr 7 \u20ac erwerben.<\/p>\n","protected":false},"excerpt":{"rendered":"<p>Advent, Advent &#8211; da eine \u00f6ffentliche Vorstellung des JahreBuches 2021 nicht m\u00f6glich ist, pr\u00e4sentieren wir einige Beitr\u00e4ge online. Jeden Adventssontag stellt einer der Autoren seinen Beitrag vor.<\/p>\n","protected":false},"author":83,"featured_media":3522,"comment_status":"open","ping_status":"open","sticky":false,"template":"","format":"standard","meta":[],"categories":[7],"tags":[],"yoast_head":"<!-- This site is optimized with the Yoast SEO plugin v19.10 - https:\/\/yoast.com\/wordpress\/plugins\/seo\/ -->\n<title>JahreBuch lauschen - Naturpark Dahme-Heideseen<\/title>\n<meta name=\"robots\" content=\"index, follow, max-snippet:-1, max-image-preview:large, max-video-preview:-1\" \/>\n<link rel=\"canonical\" href=\"https:\/\/www.naturparkmagazin.de\/dahme-heideseen\/jahrebuch-lauschen\/\" \/>\n<meta property=\"og:locale\" content=\"de_DE\" \/>\n<meta property=\"og:type\" content=\"article\" \/>\n<meta property=\"og:title\" content=\"JahreBuch lauschen - Naturpark Dahme-Heideseen\" \/>\n<meta property=\"og:description\" content=\"Advent, Advent - da eine \u00f6ffentliche Vorstellung des JahreBuches 2021 nicht m\u00f6glich ist, pr\u00e4sentieren wir einige Beitr\u00e4ge online. Jeden Adventssontag stellt einer der Autoren seinen Beitrag vor.\" \/>\n<meta property=\"og:url\" content=\"https:\/\/www.naturparkmagazin.de\/dahme-heideseen\/jahrebuch-lauschen\/\" \/>\n<meta property=\"og:site_name\" content=\"Naturpark Dahme-Heideseen\" \/>\n<meta property=\"article:published_time\" content=\"2020-11-13T13:54:49+00:00\" \/>\n<meta property=\"og:image\" content=\"https:\/\/www.naturparkmagazin.de\/dahme-heideseen\/wp-content\/uploads\/sites\/37\/Titelbild-JahreBuc.png\" \/>\n\t<meta property=\"og:image:width\" content=\"369\" \/>\n\t<meta property=\"og:image:height\" content=\"547\" \/>\n\t<meta property=\"og:image:type\" content=\"image\/png\" \/>\n<meta name=\"author\" content=\"Astrid Osenbr\u00fcck\" \/>\n<meta name=\"twitter:label1\" content=\"Verfasst von\" \/>\n\t<meta name=\"twitter:data1\" content=\"Astrid Osenbr\u00fcck\" \/>\n\t<meta name=\"twitter:label2\" content=\"Gesch\u00e4tzte Lesezeit\" \/>\n\t<meta name=\"twitter:data2\" content=\"1\u00a0Minute\" \/>\n<script type=\"application\/ld+json\" class=\"yoast-schema-graph\">{\"@context\":\"https:\/\/schema.org\",\"@graph\":[{\"@type\":\"WebPage\",\"@id\":\"https:\/\/www.naturparkmagazin.de\/dahme-heideseen\/jahrebuch-lauschen\/\",\"url\":\"https:\/\/www.naturparkmagazin.de\/dahme-heideseen\/jahrebuch-lauschen\/\",\"name\":\"JahreBuch lauschen - Naturpark Dahme-Heideseen\",\"isPartOf\":{\"@id\":\"https:\/\/www.naturparkmagazin.de\/dahme-heideseen\/#website\"},\"datePublished\":\"2020-11-13T13:54:49+00:00\",\"dateModified\":\"2020-11-13T13:54:49+00:00\",\"author\":{\"@id\":\"https:\/\/www.naturparkmagazin.de\/dahme-heideseen\/#\/schema\/person\/a0510aafafdf8183c95fc98faf0c9f21\"},\"breadcrumb\":{\"@id\":\"https:\/\/www.naturparkmagazin.de\/dahme-heideseen\/jahrebuch-lauschen\/#breadcrumb\"},\"inLanguage\":\"de\",\"potentialAction\":[{\"@type\":\"ReadAction\",\"target\":[\"https:\/\/www.naturparkmagazin.de\/dahme-heideseen\/jahrebuch-lauschen\/\"]}]},{\"@type\":\"BreadcrumbList\",\"@id\":\"https:\/\/www.naturparkmagazin.de\/dahme-heideseen\/jahrebuch-lauschen\/#breadcrumb\",\"itemListElement\":[{\"@type\":\"ListItem\",\"position\":1,\"name\":\"Home\",\"item\":\"https:\/\/www.naturparkmagazin.de\/dahme-heideseen\/\"},{\"@type\":\"ListItem\",\"position\":2,\"name\":\"JahreBuch lauschen\"}]},{\"@type\":\"WebSite\",\"@id\":\"https:\/\/www.naturparkmagazin.de\/dahme-heideseen\/#website\",\"url\":\"https:\/\/www.naturparkmagazin.de\/dahme-heideseen\/\",\"name\":\"Naturpark Dahme-Heideseen\",\"description\":\"\",\"potentialAction\":[{\"@type\":\"SearchAction\",\"target\":{\"@type\":\"EntryPoint\",\"urlTemplate\":\"https:\/\/www.naturparkmagazin.de\/dahme-heideseen\/?s={search_term_string}\"},\"query-input\":\"required name=search_term_string\"}],\"inLanguage\":\"de\"},{\"@type\":\"Person\",\"@id\":\"https:\/\/www.naturparkmagazin.de\/dahme-heideseen\/#\/schema\/person\/a0510aafafdf8183c95fc98faf0c9f21\",\"name\":\"Astrid Osenbr\u00fcck\",\"sameAs\":[\"http:\/\/www.dahme-heideseen-naturpark.de\"],\"url\":\"https:\/\/www.naturparkmagazin.de\/dahme-heideseen\/author\/astridosenbrueck\/\"}]}<\/script>\n<!-- \/ Yoast SEO plugin. -->","yoast_head_json":{"title":"JahreBuch lauschen - Naturpark Dahme-Heideseen","robots":{"index":"index","follow":"follow","max-snippet":"max-snippet:-1","max-image-preview":"max-image-preview:large","max-video-preview":"max-video-preview:-1"},"canonical":"https:\/\/www.naturparkmagazin.de\/dahme-heideseen\/jahrebuch-lauschen\/","og_locale":"de_DE","og_type":"article","og_title":"JahreBuch lauschen - Naturpark Dahme-Heideseen","og_description":"Advent, Advent - da eine \u00f6ffentliche Vorstellung des JahreBuches 2021 nicht m\u00f6glich ist, pr\u00e4sentieren wir einige Beitr\u00e4ge online. Jeden Adventssontag stellt einer der Autoren seinen Beitrag vor.","og_url":"https:\/\/www.naturparkmagazin.de\/dahme-heideseen\/jahrebuch-lauschen\/","og_site_name":"Naturpark Dahme-Heideseen","article_published_time":"2020-11-13T13:54:49+00:00","og_image":[{"width":369,"height":547,"url":"https:\/\/www.naturparkmagazin.de\/dahme-heideseen\/wp-content\/uploads\/sites\/37\/Titelbild-JahreBuc.png","type":"image\/png"}],"author":"Astrid Osenbr\u00fcck","twitter_misc":{"Verfasst von":"Astrid Osenbr\u00fcck","Gesch\u00e4tzte Lesezeit":"1\u00a0Minute"},"schema":{"@context":"https:\/\/schema.org","@graph":[{"@type":"WebPage","@id":"https:\/\/www.naturparkmagazin.de\/dahme-heideseen\/jahrebuch-lauschen\/","url":"https:\/\/www.naturparkmagazin.de\/dahme-heideseen\/jahrebuch-lauschen\/","name":"JahreBuch lauschen - Naturpark Dahme-Heideseen","isPartOf":{"@id":"https:\/\/www.naturparkmagazin.de\/dahme-heideseen\/#website"},"datePublished":"2020-11-13T13:54:49+00:00","dateModified":"2020-11-13T13:54:49+00:00","author":{"@id":"https:\/\/www.naturparkmagazin.de\/dahme-heideseen\/#\/schema\/person\/a0510aafafdf8183c95fc98faf0c9f21"},"breadcrumb":{"@id":"https:\/\/www.naturparkmagazin.de\/dahme-heideseen\/jahrebuch-lauschen\/#breadcrumb"},"inLanguage":"de","potentialAction":[{"@type":"ReadAction","target":["https:\/\/www.naturparkmagazin.de\/dahme-heideseen\/jahrebuch-lauschen\/"]}]},{"@type":"BreadcrumbList","@id":"https:\/\/www.naturparkmagazin.de\/dahme-heideseen\/jahrebuch-lauschen\/#breadcrumb","itemListElement":[{"@type":"ListItem","position":1,"name":"Home","item":"https:\/\/www.naturparkmagazin.de\/dahme-heideseen\/"},{"@type":"ListItem","position":2,"name":"JahreBuch lauschen"}]},{"@type":"WebSite","@id":"https:\/\/www.naturparkmagazin.de\/dahme-heideseen\/#website","url":"https:\/\/www.naturparkmagazin.de\/dahme-heideseen\/","name":"Naturpark Dahme-Heideseen","description":"","potentialAction":[{"@type":"SearchAction","target":{"@type":"EntryPoint","urlTemplate":"https:\/\/www.naturparkmagazin.de\/dahme-heideseen\/?s={search_term_string}"},"query-input":"required name=search_term_string"}],"inLanguage":"de"},{"@type":"Person","@id":"https:\/\/www.naturparkmagazin.de\/dahme-heideseen\/#\/schema\/person\/a0510aafafdf8183c95fc98faf0c9f21","name":"Astrid Osenbr\u00fcck","sameAs":["http:\/\/www.dahme-heideseen-naturpark.de"],"url":"https:\/\/www.naturparkmagazin.de\/dahme-heideseen\/author\/astridosenbrueck\/"}]}},"_links":{"self":[{"href":"https:\/\/www.naturparkmagazin.de\/dahme-heideseen\/wp-json\/wp\/v2\/posts\/3520"}],"collection":[{"href":"https:\/\/www.naturparkmagazin.de\/dahme-heideseen\/wp-json\/wp\/v2\/posts"}],"about":[{"href":"https:\/\/www.naturparkmagazin.de\/dahme-heideseen\/wp-json\/wp\/v2\/types\/post"}],"author":[{"embeddable":true,"href":"https:\/\/www.naturparkmagazin.de\/dahme-heideseen\/wp-json\/wp\/v2\/users\/83"}],"replies":[{"embeddable":true,"href":"https:\/\/www.naturparkmagazin.de\/dahme-heideseen\/wp-json\/wp\/v2\/comments?post=3520"}],"version-history":[{"count":2,"href":"https:\/\/www.naturparkmagazin.de\/dahme-heideseen\/wp-json\/wp\/v2\/posts\/3520\/revisions"}],"predecessor-version":[{"id":3523,"href":"https:\/\/www.naturparkmagazin.de\/dahme-heideseen\/wp-json\/wp\/v2\/posts\/3520\/revisions\/3523"}],"wp:featuredmedia":[{"embeddable":true,"href":"https:\/\/www.naturparkmagazin.de\/dahme-heideseen\/wp-json\/wp\/v2\/media\/3522"}],"wp:attachment":[{"href":"https:\/\/www.naturparkmagazin.de\/dahme-heideseen\/wp-json\/wp\/v2\/media?parent=3520"}],"wp:term":[{"taxonomy":"category","embeddable":true,"href":"https:\/\/www.naturparkmagazin.de\/dahme-heideseen\/wp-json\/wp\/v2\/categories?post=3520"},{"taxonomy":"post_tag","embeddable":true,"href":"https:\/\/www.naturparkmagazin.de\/dahme-heideseen\/wp-json\/wp\/v2\/tags?post=3520"}],"curies":[{"name":"wp","href":"https:\/\/api.w.org\/{rel}","templated":true}]}}