{"id":3524,"date":"2020-11-13T15:08:44","date_gmt":"2020-11-13T14:08:44","guid":{"rendered":"https:\/\/www.naturparkmagazin.de\/dahme-heideseen\/?p=3524"},"modified":"2020-11-24T16:31:56","modified_gmt":"2020-11-24T15:31:56","slug":"3524","status":"publish","type":"post","link":"https:\/\/www.naturparkmagazin.de\/dahme-heideseen\/3524\/","title":{"rendered":"Lieber Leser, liebe Leserin,"},"content":{"rendered":"<p>das Jahr geht mit gro\u00dfen Schritten seinem Ende entgegen. Zeit, um innezuhalten und \u00fcber die vergangenen, zugegebenerma\u00dfen recht ungew\u00f6hnlichen, Monate nachzudenken.<\/p>\n<p>Auch wenn in diesem Jahr im Naturpark\u00a0einige Ideen nicht umgesetzt werden konnten &#8211; so musste z. B. das erste geplante Naturpark-Fest abgesagt werden &#8211; gab es doch immer\u00a0wieder sch\u00f6ne Erlebnisse und erfolgreiche Veranstaltungen. Ein ganz besonderer Termin stand Ende November an: Die Naturpark-Verwaltung durfte gemeinsam mit der Naturwacht einen Weihnachtsbaum im Bundestag aufstellen! Leider im kleinsten Kreise &#8211; doch mit gro\u00dfer Unterst\u00fctzung. Die in diesem Jahr neu ausgezeichnete Naturpark-Schule Prieros hat in liebevoller Handarbeit den Weihnachtsbaum-Schmuck hergestellt und die Hatzfeldt&#8217;sche Forstverwaltung gro\u00dfz\u00fcgig den Baum spendiert.<\/p>\n<p>Wir w\u00fcnschen Ihnen eine besinnliche Adventszeit, ein sch\u00f6nes Weihnachtsfest und einen guten Rutsch in das neue Jahr<\/p>\n<p>Ihr Naturpark-Team<\/p>\n<p>&nbsp;<\/p>\n","protected":false},"excerpt":{"rendered":"<p>das Jahr geht mit gro\u00dfen Schritten seinem Ende entgegen. Zeit, um innezuhalten und \u00fcber die vergangenen, zugegebenerma\u00dfen recht ungew\u00f6hnlichen, Monate nachzudenken. Auch wenn in diesem Jahr im Naturpark\u00a0einige Ideen nicht umgesetzt werden konnten &#8211; so musste z. B. das erste geplante Naturpark-Fest abgesagt werden &#8211; gab es doch immer\u00a0wieder sch\u00f6ne Erlebnisse und erfolgreiche Veranstaltungen. Ein<\/p>\n","protected":false},"author":83,"featured_media":0,"comment_status":"open","ping_status":"open","sticky":false,"template":"","format":"standard","meta":[],"categories":[52],"tags":[],"yoast_head":"<!-- This site is optimized with the Yoast SEO plugin v19.10 - https:\/\/yoast.com\/wordpress\/plugins\/seo\/ -->\n<title>Lieber Leser, liebe Leserin, - Naturpark Dahme-Heideseen<\/title>\n<meta name=\"robots\" content=\"index, follow, max-snippet:-1, max-image-preview:large, max-video-preview:-1\" \/>\n<link rel=\"canonical\" href=\"https:\/\/www.naturparkmagazin.de\/dahme-heideseen\/3524\/\" \/>\n<meta property=\"og:locale\" content=\"de_DE\" \/>\n<meta property=\"og:type\" content=\"article\" \/>\n<meta property=\"og:title\" content=\"Lieber Leser, liebe Leserin, - Naturpark Dahme-Heideseen\" \/>\n<meta property=\"og:description\" content=\"das Jahr geht mit gro\u00dfen Schritten seinem Ende entgegen. Zeit, um innezuhalten und \u00fcber die vergangenen, zugegebenerma\u00dfen recht ungew\u00f6hnlichen, Monate nachzudenken. Auch wenn in diesem Jahr im Naturpark\u00a0einige Ideen nicht umgesetzt werden konnten &#8211; so musste z. B. das erste geplante Naturpark-Fest abgesagt werden &#8211; gab es doch immer\u00a0wieder sch\u00f6ne Erlebnisse und erfolgreiche Veranstaltungen. Ein\" \/>\n<meta property=\"og:url\" content=\"https:\/\/www.naturparkmagazin.de\/dahme-heideseen\/3524\/\" \/>\n<meta property=\"og:site_name\" content=\"Naturpark Dahme-Heideseen\" \/>\n<meta property=\"article:published_time\" content=\"2020-11-13T14:08:44+00:00\" \/>\n<meta property=\"article:modified_time\" content=\"2020-11-24T15:31:56+00:00\" \/>\n<meta name=\"author\" content=\"Astrid Osenbr\u00fcck\" \/>\n<meta name=\"twitter:label1\" content=\"Verfasst von\" \/>\n\t<meta name=\"twitter:data1\" content=\"Astrid Osenbr\u00fcck\" \/>\n\t<meta name=\"twitter:label2\" content=\"Gesch\u00e4tzte Lesezeit\" \/>\n\t<meta name=\"twitter:data2\" content=\"1\u00a0Minute\" \/>\n<script type=\"application\/ld+json\" class=\"yoast-schema-graph\">{\"@context\":\"https:\/\/schema.org\",\"@graph\":[{\"@type\":\"WebPage\",\"@id\":\"https:\/\/www.naturparkmagazin.de\/dahme-heideseen\/3524\/\",\"url\":\"https:\/\/www.naturparkmagazin.de\/dahme-heideseen\/3524\/\",\"name\":\"Lieber Leser, liebe Leserin, - Naturpark Dahme-Heideseen\",\"isPartOf\":{\"@id\":\"https:\/\/www.naturparkmagazin.de\/dahme-heideseen\/#website\"},\"datePublished\":\"2020-11-13T14:08:44+00:00\",\"dateModified\":\"2020-11-24T15:31:56+00:00\",\"author\":{\"@id\":\"https:\/\/www.naturparkmagazin.de\/dahme-heideseen\/#\/schema\/person\/a0510aafafdf8183c95fc98faf0c9f21\"},\"breadcrumb\":{\"@id\":\"https:\/\/www.naturparkmagazin.de\/dahme-heideseen\/3524\/#breadcrumb\"},\"inLanguage\":\"de\",\"potentialAction\":[{\"@type\":\"ReadAction\",\"target\":[\"https:\/\/www.naturparkmagazin.de\/dahme-heideseen\/3524\/\"]}]},{\"@type\":\"BreadcrumbList\",\"@id\":\"https:\/\/www.naturparkmagazin.de\/dahme-heideseen\/3524\/#breadcrumb\",\"itemListElement\":[{\"@type\":\"ListItem\",\"position\":1,\"name\":\"Home\",\"item\":\"https:\/\/www.naturparkmagazin.de\/dahme-heideseen\/\"},{\"@type\":\"ListItem\",\"position\":2,\"name\":\"Lieber Leser, liebe Leserin,\"}]},{\"@type\":\"WebSite\",\"@id\":\"https:\/\/www.naturparkmagazin.de\/dahme-heideseen\/#website\",\"url\":\"https:\/\/www.naturparkmagazin.de\/dahme-heideseen\/\",\"name\":\"Naturpark Dahme-Heideseen\",\"description\":\"\",\"potentialAction\":[{\"@type\":\"SearchAction\",\"target\":{\"@type\":\"EntryPoint\",\"urlTemplate\":\"https:\/\/www.naturparkmagazin.de\/dahme-heideseen\/?s={search_term_string}\"},\"query-input\":\"required name=search_term_string\"}],\"inLanguage\":\"de\"},{\"@type\":\"Person\",\"@id\":\"https:\/\/www.naturparkmagazin.de\/dahme-heideseen\/#\/schema\/person\/a0510aafafdf8183c95fc98faf0c9f21\",\"name\":\"Astrid Osenbr\u00fcck\",\"sameAs\":[\"http:\/\/www.dahme-heideseen-naturpark.de\"],\"url\":\"https:\/\/www.naturparkmagazin.de\/dahme-heideseen\/author\/astridosenbrueck\/\"}]}<\/script>\n<!-- \/ Yoast SEO plugin. -->","yoast_head_json":{"title":"Lieber Leser, liebe Leserin, - Naturpark Dahme-Heideseen","robots":{"index":"index","follow":"follow","max-snippet":"max-snippet:-1","max-image-preview":"max-image-preview:large","max-video-preview":"max-video-preview:-1"},"canonical":"https:\/\/www.naturparkmagazin.de\/dahme-heideseen\/3524\/","og_locale":"de_DE","og_type":"article","og_title":"Lieber Leser, liebe Leserin, - Naturpark Dahme-Heideseen","og_description":"das Jahr geht mit gro\u00dfen Schritten seinem Ende entgegen. Zeit, um innezuhalten und \u00fcber die vergangenen, zugegebenerma\u00dfen recht ungew\u00f6hnlichen, Monate nachzudenken. Auch wenn in diesem Jahr im Naturpark\u00a0einige Ideen nicht umgesetzt werden konnten &#8211; so musste z. B. das erste geplante Naturpark-Fest abgesagt werden &#8211; gab es doch immer\u00a0wieder sch\u00f6ne Erlebnisse und erfolgreiche Veranstaltungen. Ein","og_url":"https:\/\/www.naturparkmagazin.de\/dahme-heideseen\/3524\/","og_site_name":"Naturpark Dahme-Heideseen","article_published_time":"2020-11-13T14:08:44+00:00","article_modified_time":"2020-11-24T15:31:56+00:00","author":"Astrid Osenbr\u00fcck","twitter_misc":{"Verfasst von":"Astrid Osenbr\u00fcck","Gesch\u00e4tzte Lesezeit":"1\u00a0Minute"},"schema":{"@context":"https:\/\/schema.org","@graph":[{"@type":"WebPage","@id":"https:\/\/www.naturparkmagazin.de\/dahme-heideseen\/3524\/","url":"https:\/\/www.naturparkmagazin.de\/dahme-heideseen\/3524\/","name":"Lieber Leser, liebe Leserin, - Naturpark Dahme-Heideseen","isPartOf":{"@id":"https:\/\/www.naturparkmagazin.de\/dahme-heideseen\/#website"},"datePublished":"2020-11-13T14:08:44+00:00","dateModified":"2020-11-24T15:31:56+00:00","author":{"@id":"https:\/\/www.naturparkmagazin.de\/dahme-heideseen\/#\/schema\/person\/a0510aafafdf8183c95fc98faf0c9f21"},"breadcrumb":{"@id":"https:\/\/www.naturparkmagazin.de\/dahme-heideseen\/3524\/#breadcrumb"},"inLanguage":"de","potentialAction":[{"@type":"ReadAction","target":["https:\/\/www.naturparkmagazin.de\/dahme-heideseen\/3524\/"]}]},{"@type":"BreadcrumbList","@id":"https:\/\/www.naturparkmagazin.de\/dahme-heideseen\/3524\/#breadcrumb","itemListElement":[{"@type":"ListItem","position":1,"name":"Home","item":"https:\/\/www.naturparkmagazin.de\/dahme-heideseen\/"},{"@type":"ListItem","position":2,"name":"Lieber Leser, liebe Leserin,"}]},{"@type":"WebSite","@id":"https:\/\/www.naturparkmagazin.de\/dahme-heideseen\/#website","url":"https:\/\/www.naturparkmagazin.de\/dahme-heideseen\/","name":"Naturpark Dahme-Heideseen","description":"","potentialAction":[{"@type":"SearchAction","target":{"@type":"EntryPoint","urlTemplate":"https:\/\/www.naturparkmagazin.de\/dahme-heideseen\/?s={search_term_string}"},"query-input":"required name=search_term_string"}],"inLanguage":"de"},{"@type":"Person","@id":"https:\/\/www.naturparkmagazin.de\/dahme-heideseen\/#\/schema\/person\/a0510aafafdf8183c95fc98faf0c9f21","name":"Astrid Osenbr\u00fcck","sameAs":["http:\/\/www.dahme-heideseen-naturpark.de"],"url":"https:\/\/www.naturparkmagazin.de\/dahme-heideseen\/author\/astridosenbrueck\/"}]}},"_links":{"self":[{"href":"https:\/\/www.naturparkmagazin.de\/dahme-heideseen\/wp-json\/wp\/v2\/posts\/3524"}],"collection":[{"href":"https:\/\/www.naturparkmagazin.de\/dahme-heideseen\/wp-json\/wp\/v2\/posts"}],"about":[{"href":"https:\/\/www.naturparkmagazin.de\/dahme-heideseen\/wp-json\/wp\/v2\/types\/post"}],"author":[{"embeddable":true,"href":"https:\/\/www.naturparkmagazin.de\/dahme-heideseen\/wp-json\/wp\/v2\/users\/83"}],"replies":[{"embeddable":true,"href":"https:\/\/www.naturparkmagazin.de\/dahme-heideseen\/wp-json\/wp\/v2\/comments?post=3524"}],"version-history":[{"count":4,"href":"https:\/\/www.naturparkmagazin.de\/dahme-heideseen\/wp-json\/wp\/v2\/posts\/3524\/revisions"}],"predecessor-version":[{"id":3530,"href":"https:\/\/www.naturparkmagazin.de\/dahme-heideseen\/wp-json\/wp\/v2\/posts\/3524\/revisions\/3530"}],"wp:attachment":[{"href":"https:\/\/www.naturparkmagazin.de\/dahme-heideseen\/wp-json\/wp\/v2\/media?parent=3524"}],"wp:term":[{"taxonomy":"category","embeddable":true,"href":"https:\/\/www.naturparkmagazin.de\/dahme-heideseen\/wp-json\/wp\/v2\/categories?post=3524"},{"taxonomy":"post_tag","embeddable":true,"href":"https:\/\/www.naturparkmagazin.de\/dahme-heideseen\/wp-json\/wp\/v2\/tags?post=3524"}],"curies":[{"name":"wp","href":"https:\/\/api.w.org\/{rel}","templated":true}]}}