{"id":353,"date":"2014-01-27T17:57:22","date_gmt":"2014-01-27T16:57:22","guid":{"rendered":"http:\/\/www.naturparkmagazin.de\/dahme-heideseen\/?p=353"},"modified":"2014-04-09T12:44:12","modified_gmt":"2014-04-09T10:44:12","slug":"die-trauben-eiche-der-baum-des-jahres-2014","status":"publish","type":"post","link":"https:\/\/www.naturparkmagazin.de\/dahme-heideseen\/die-trauben-eiche-der-baum-des-jahres-2014\/","title":{"rendered":"Die Trauben-Eiche &#8211; der Baum des Jahres 2014"},"content":{"rendered":"<p>In loser Folge wollen wir Ihnen durch das Jahr die Natur des Jahres 2014 vorstellen. Den Anfang macht die Trauben-Eiche &#8211; der Baum des Jahres.<!--more--><\/p>\n<p>Neben der bekannten Stiel-Eiche geh\u00f6rt die Trauben-Eiche zu unseren heimischen Eichenarten. Die Vorkommen der Trauen-Eiche befinden sich in nicht zu n\u00e4hrstoffarmen aber oft\u00a0\u00a0trockenen Landschaften. Zusammen mit der Kiefer bilden sie den Trauben-Eichen-Kiefern-Mischwald. In den Naturschutzgebieten Dubrow, Katzenberge und\u00a0\u00a0Radeberge existieren letzte Reste dieses fr\u00fcher einmal fl\u00e4chendeckend vorhandenen Waldtyps. Alte Trauben-Eichen k\u00f6nnen urige Ausma\u00dfe annehmen. In den letzten Jahren sind aber zahlreiche der in den Schutzgebieten vorkommenden Altb\u00e4ume abgestorben. Die Ursachen sind komplex, so sind Umwelteinfl\u00fcsse, wie stark wechselnde Grundwasserst\u00e4nde zu nennen. Eine Ursache kann auch die nicht mehr betrieben fr\u00fchere historische Nutzung, die Waldweide sein. Markante, breit kronige Altb\u00e4ume, gewachsen im Freistand und ohne Konkurrenzdruck von zahlreich aufkommenden Jungpflanzen verkahlen heute Zusehens. Sp\u00e4ter sterben sie ab.<\/p>\n<div id=\"attachment_354\" style=\"width: 630px\" class=\"wp-caption aligncenter\"><a href=\"https:\/\/www.naturparkmagazin.de\/dahme-heideseen\/wp-content\/uploads\/sites\/37\/M-004-285.jpg\"><img aria-describedby=\"caption-attachment-354\" decoding=\"async\" loading=\"lazy\" class=\"size-medium wp-image-354\" alt=\"Alte Trauben-Eiche im Naturschutzgebiet Katzenberge\" src=\"https:\/\/www.naturparkmagazin.de\/dahme-heideseen\/wp-content\/uploads\/sites\/37\/M-004-285-620x465.jpg\" width=\"620\" height=\"465\" srcset=\"https:\/\/www.naturparkmagazin.de\/dahme-heideseen\/wp-content\/uploads\/sites\/37\/M-004-285-620x465.jpg 620w, https:\/\/www.naturparkmagazin.de\/dahme-heideseen\/wp-content\/uploads\/sites\/37\/M-004-285-300x225.jpg 300w, https:\/\/www.naturparkmagazin.de\/dahme-heideseen\/wp-content\/uploads\/sites\/37\/M-004-285-940x705.jpg 940w, https:\/\/www.naturparkmagazin.de\/dahme-heideseen\/wp-content\/uploads\/sites\/37\/M-004-285-580x435.jpg 580w, https:\/\/www.naturparkmagazin.de\/dahme-heideseen\/wp-content\/uploads\/sites\/37\/M-004-285-420x315.jpg 420w, https:\/\/www.naturparkmagazin.de\/dahme-heideseen\/wp-content\/uploads\/sites\/37\/M-004-285-180x135.jpg 180w, https:\/\/www.naturparkmagazin.de\/dahme-heideseen\/wp-content\/uploads\/sites\/37\/M-004-285-95x71.jpg 95w, https:\/\/www.naturparkmagazin.de\/dahme-heideseen\/wp-content\/uploads\/sites\/37\/M-004-285-670x503.jpg 670w, https:\/\/www.naturparkmagazin.de\/dahme-heideseen\/wp-content\/uploads\/sites\/37\/M-004-285-200x150.jpg 200w, https:\/\/www.naturparkmagazin.de\/dahme-heideseen\/wp-content\/uploads\/sites\/37\/M-004-285.jpg 1024w\" sizes=\"(max-width: 620px) 100vw, 620px\" \/><\/a><p id=\"caption-attachment-354\" class=\"wp-caption-text\">Alte Trauben-Eiche im Naturschutzgebiet Katzenberge<\/p><\/div>\n<p style=\"text-align: center\">Infos zum Baum des Jahres:\u00a0<a title=\"Baum des Jahres - Dr. Silvius Wodarz Stiftung \" href=\"http:\/\/baum-des-jahres.de\/index.php\" target=\"_blank\">Baum des Jahres &#8211; Dr. Silvius Wodarz Stiftung<\/a><\/p>\n<p>&nbsp;<\/p>\n","protected":false},"excerpt":{"rendered":"<p>In loser Folge wollen wir Ihnen durch das Jahr die Natur des Jahres 2014 vorstellen. Den Anfang macht die Trauben-Eiche &#8211; der Baum des Jahres.<\/p>\n","protected":false},"author":48,"featured_media":355,"comment_status":"open","ping_status":"open","sticky":false,"template":"","format":"standard","meta":[],"categories":[7],"tags":[],"yoast_head":"<!-- This site is optimized with the Yoast SEO plugin v19.10 - https:\/\/yoast.com\/wordpress\/plugins\/seo\/ -->\n<title>Die Trauben-Eiche - der Baum des Jahres 2014 - Naturpark Dahme-Heideseen<\/title>\n<meta name=\"robots\" content=\"index, follow, max-snippet:-1, max-image-preview:large, max-video-preview:-1\" \/>\n<link rel=\"canonical\" href=\"https:\/\/www.naturparkmagazin.de\/dahme-heideseen\/die-trauben-eiche-der-baum-des-jahres-2014\/\" \/>\n<meta property=\"og:locale\" content=\"de_DE\" \/>\n<meta property=\"og:type\" content=\"article\" \/>\n<meta property=\"og:title\" content=\"Die Trauben-Eiche - der Baum des Jahres 2014 - Naturpark Dahme-Heideseen\" \/>\n<meta property=\"og:description\" content=\"In loser Folge wollen wir Ihnen durch das Jahr die Natur des Jahres 2014 vorstellen. Den Anfang macht die Trauben-Eiche &#8211; der Baum des Jahres.\" \/>\n<meta property=\"og:url\" content=\"https:\/\/www.naturparkmagazin.de\/dahme-heideseen\/die-trauben-eiche-der-baum-des-jahres-2014\/\" \/>\n<meta property=\"og:site_name\" content=\"Naturpark Dahme-Heideseen\" \/>\n<meta property=\"article:published_time\" content=\"2014-01-27T16:57:22+00:00\" \/>\n<meta property=\"article:modified_time\" content=\"2014-04-09T10:44:12+00:00\" \/>\n<meta property=\"og:image\" content=\"https:\/\/www.naturparkmagazin.de\/dahme-heideseen\/wp-content\/uploads\/sites\/37\/M-004-277.jpg\" \/>\n\t<meta property=\"og:image:width\" content=\"768\" \/>\n\t<meta property=\"og:image:height\" content=\"1024\" \/>\n\t<meta property=\"og:image:type\" content=\"image\/jpeg\" \/>\n<meta name=\"author\" content=\"hanssonnenberg\" \/>\n<meta name=\"twitter:label1\" content=\"Verfasst von\" \/>\n\t<meta name=\"twitter:data1\" content=\"hanssonnenberg\" \/>\n\t<meta name=\"twitter:label2\" content=\"Gesch\u00e4tzte Lesezeit\" \/>\n\t<meta name=\"twitter:data2\" content=\"1\u00a0Minute\" \/>\n<script type=\"application\/ld+json\" class=\"yoast-schema-graph\">{\"@context\":\"https:\/\/schema.org\",\"@graph\":[{\"@type\":\"WebPage\",\"@id\":\"https:\/\/www.naturparkmagazin.de\/dahme-heideseen\/die-trauben-eiche-der-baum-des-jahres-2014\/\",\"url\":\"https:\/\/www.naturparkmagazin.de\/dahme-heideseen\/die-trauben-eiche-der-baum-des-jahres-2014\/\",\"name\":\"Die Trauben-Eiche - der Baum des Jahres 2014 - Naturpark Dahme-Heideseen\",\"isPartOf\":{\"@id\":\"https:\/\/www.naturparkmagazin.de\/dahme-heideseen\/#website\"},\"datePublished\":\"2014-01-27T16:57:22+00:00\",\"dateModified\":\"2014-04-09T10:44:12+00:00\",\"author\":{\"@id\":\"https:\/\/www.naturparkmagazin.de\/dahme-heideseen\/#\/schema\/person\/c81c96c3a1f5ee7bffff8b8022c105f0\"},\"breadcrumb\":{\"@id\":\"https:\/\/www.naturparkmagazin.de\/dahme-heideseen\/die-trauben-eiche-der-baum-des-jahres-2014\/#breadcrumb\"},\"inLanguage\":\"de\",\"potentialAction\":[{\"@type\":\"ReadAction\",\"target\":[\"https:\/\/www.naturparkmagazin.de\/dahme-heideseen\/die-trauben-eiche-der-baum-des-jahres-2014\/\"]}]},{\"@type\":\"BreadcrumbList\",\"@id\":\"https:\/\/www.naturparkmagazin.de\/dahme-heideseen\/die-trauben-eiche-der-baum-des-jahres-2014\/#breadcrumb\",\"itemListElement\":[{\"@type\":\"ListItem\",\"position\":1,\"name\":\"Home\",\"item\":\"https:\/\/www.naturparkmagazin.de\/dahme-heideseen\/\"},{\"@type\":\"ListItem\",\"position\":2,\"name\":\"Die Trauben-Eiche &#8211; der Baum des Jahres 2014\"}]},{\"@type\":\"WebSite\",\"@id\":\"https:\/\/www.naturparkmagazin.de\/dahme-heideseen\/#website\",\"url\":\"https:\/\/www.naturparkmagazin.de\/dahme-heideseen\/\",\"name\":\"Naturpark Dahme-Heideseen\",\"description\":\"\",\"potentialAction\":[{\"@type\":\"SearchAction\",\"target\":{\"@type\":\"EntryPoint\",\"urlTemplate\":\"https:\/\/www.naturparkmagazin.de\/dahme-heideseen\/?s={search_term_string}\"},\"query-input\":\"required name=search_term_string\"}],\"inLanguage\":\"de\"},{\"@type\":\"Person\",\"@id\":\"https:\/\/www.naturparkmagazin.de\/dahme-heideseen\/#\/schema\/person\/c81c96c3a1f5ee7bffff8b8022c105f0\",\"name\":\"hanssonnenberg\",\"url\":\"https:\/\/www.naturparkmagazin.de\/dahme-heideseen\/author\/hanssonnenberg\/\"}]}<\/script>\n<!-- \/ Yoast SEO plugin. -->","yoast_head_json":{"title":"Die Trauben-Eiche - der Baum des Jahres 2014 - Naturpark Dahme-Heideseen","robots":{"index":"index","follow":"follow","max-snippet":"max-snippet:-1","max-image-preview":"max-image-preview:large","max-video-preview":"max-video-preview:-1"},"canonical":"https:\/\/www.naturparkmagazin.de\/dahme-heideseen\/die-trauben-eiche-der-baum-des-jahres-2014\/","og_locale":"de_DE","og_type":"article","og_title":"Die Trauben-Eiche - der Baum des Jahres 2014 - Naturpark Dahme-Heideseen","og_description":"In loser Folge wollen wir Ihnen durch das Jahr die Natur des Jahres 2014 vorstellen. Den Anfang macht die Trauben-Eiche &#8211; der Baum des Jahres.","og_url":"https:\/\/www.naturparkmagazin.de\/dahme-heideseen\/die-trauben-eiche-der-baum-des-jahres-2014\/","og_site_name":"Naturpark Dahme-Heideseen","article_published_time":"2014-01-27T16:57:22+00:00","article_modified_time":"2014-04-09T10:44:12+00:00","og_image":[{"width":768,"height":1024,"url":"https:\/\/www.naturparkmagazin.de\/dahme-heideseen\/wp-content\/uploads\/sites\/37\/M-004-277.jpg","type":"image\/jpeg"}],"author":"hanssonnenberg","twitter_misc":{"Verfasst von":"hanssonnenberg","Gesch\u00e4tzte Lesezeit":"1\u00a0Minute"},"schema":{"@context":"https:\/\/schema.org","@graph":[{"@type":"WebPage","@id":"https:\/\/www.naturparkmagazin.de\/dahme-heideseen\/die-trauben-eiche-der-baum-des-jahres-2014\/","url":"https:\/\/www.naturparkmagazin.de\/dahme-heideseen\/die-trauben-eiche-der-baum-des-jahres-2014\/","name":"Die Trauben-Eiche - der Baum des Jahres 2014 - Naturpark Dahme-Heideseen","isPartOf":{"@id":"https:\/\/www.naturparkmagazin.de\/dahme-heideseen\/#website"},"datePublished":"2014-01-27T16:57:22+00:00","dateModified":"2014-04-09T10:44:12+00:00","author":{"@id":"https:\/\/www.naturparkmagazin.de\/dahme-heideseen\/#\/schema\/person\/c81c96c3a1f5ee7bffff8b8022c105f0"},"breadcrumb":{"@id":"https:\/\/www.naturparkmagazin.de\/dahme-heideseen\/die-trauben-eiche-der-baum-des-jahres-2014\/#breadcrumb"},"inLanguage":"de","potentialAction":[{"@type":"ReadAction","target":["https:\/\/www.naturparkmagazin.de\/dahme-heideseen\/die-trauben-eiche-der-baum-des-jahres-2014\/"]}]},{"@type":"BreadcrumbList","@id":"https:\/\/www.naturparkmagazin.de\/dahme-heideseen\/die-trauben-eiche-der-baum-des-jahres-2014\/#breadcrumb","itemListElement":[{"@type":"ListItem","position":1,"name":"Home","item":"https:\/\/www.naturparkmagazin.de\/dahme-heideseen\/"},{"@type":"ListItem","position":2,"name":"Die Trauben-Eiche &#8211; der Baum des Jahres 2014"}]},{"@type":"WebSite","@id":"https:\/\/www.naturparkmagazin.de\/dahme-heideseen\/#website","url":"https:\/\/www.naturparkmagazin.de\/dahme-heideseen\/","name":"Naturpark Dahme-Heideseen","description":"","potentialAction":[{"@type":"SearchAction","target":{"@type":"EntryPoint","urlTemplate":"https:\/\/www.naturparkmagazin.de\/dahme-heideseen\/?s={search_term_string}"},"query-input":"required name=search_term_string"}],"inLanguage":"de"},{"@type":"Person","@id":"https:\/\/www.naturparkmagazin.de\/dahme-heideseen\/#\/schema\/person\/c81c96c3a1f5ee7bffff8b8022c105f0","name":"hanssonnenberg","url":"https:\/\/www.naturparkmagazin.de\/dahme-heideseen\/author\/hanssonnenberg\/"}]}},"_links":{"self":[{"href":"https:\/\/www.naturparkmagazin.de\/dahme-heideseen\/wp-json\/wp\/v2\/posts\/353"}],"collection":[{"href":"https:\/\/www.naturparkmagazin.de\/dahme-heideseen\/wp-json\/wp\/v2\/posts"}],"about":[{"href":"https:\/\/www.naturparkmagazin.de\/dahme-heideseen\/wp-json\/wp\/v2\/types\/post"}],"author":[{"embeddable":true,"href":"https:\/\/www.naturparkmagazin.de\/dahme-heideseen\/wp-json\/wp\/v2\/users\/48"}],"replies":[{"embeddable":true,"href":"https:\/\/www.naturparkmagazin.de\/dahme-heideseen\/wp-json\/wp\/v2\/comments?post=353"}],"version-history":[{"count":2,"href":"https:\/\/www.naturparkmagazin.de\/dahme-heideseen\/wp-json\/wp\/v2\/posts\/353\/revisions"}],"predecessor-version":[{"id":357,"href":"https:\/\/www.naturparkmagazin.de\/dahme-heideseen\/wp-json\/wp\/v2\/posts\/353\/revisions\/357"}],"wp:featuredmedia":[{"embeddable":true,"href":"https:\/\/www.naturparkmagazin.de\/dahme-heideseen\/wp-json\/wp\/v2\/media\/355"}],"wp:attachment":[{"href":"https:\/\/www.naturparkmagazin.de\/dahme-heideseen\/wp-json\/wp\/v2\/media?parent=353"}],"wp:term":[{"taxonomy":"category","embeddable":true,"href":"https:\/\/www.naturparkmagazin.de\/dahme-heideseen\/wp-json\/wp\/v2\/categories?post=353"},{"taxonomy":"post_tag","embeddable":true,"href":"https:\/\/www.naturparkmagazin.de\/dahme-heideseen\/wp-json\/wp\/v2\/tags?post=353"}],"curies":[{"name":"wp","href":"https:\/\/api.w.org\/{rel}","templated":true}]}}