{"id":3533,"date":"2020-12-16T08:24:48","date_gmt":"2020-12-16T07:24:48","guid":{"rendered":"https:\/\/www.naturparkmagazin.de\/dahme-heideseen\/?p=3533"},"modified":"2020-12-17T07:06:11","modified_gmt":"2020-12-17T06:06:11","slug":"ein-abschied-nach-ueber-10-jahren","status":"publish","type":"post","link":"https:\/\/www.naturparkmagazin.de\/dahme-heideseen\/ein-abschied-nach-ueber-10-jahren\/","title":{"rendered":"Ein Abschied nach \u00fcber 10 Jahren"},"content":{"rendered":"<p><span style=\"color: #000000;font-family: Calibri\">Im vergangenen Monat ging ist nicht nur das letzte Jahr zu Ende gegangen, sondern auch die T\u00e4tigkeit von Gunnar Heyne im Naturpark. Heyne war f\u00fcr knapp 11 Jahre Teamleiter des Naturparks und hat so manches Projekt initiiert, umgesetzt und mitgestaltet, ein gro\u00dfes Netzwerk aufgebaut und den Naturpark in der Region gest\u00e4rkt. So wird der Naturpark jetzt zunehmend als Partner verstanden, werden Chancen f\u00fcr die regionale Entwicklung genutzt.<\/span><\/p>\n<p><span style=\"color: #000000;font-family: Calibri\">Heyne ist mit dem Stellenwechsel wieder in sein urspr\u00fcngliches Aufgabengebiet \u2013 der Forstverwaltung &#8211; zur\u00fcckgekehrt. Im Naturpark hat er viele neue Erfahrungen gesammelt und auch\u00a0seine Artenkenntnis erweitert, was bei seiner neuen Stelle bestimmt hilfreich ist.<\/span><\/p>\n<p><span style=\"color: #000000;font-family: Calibri\"><span style=\"color: #000000;font-family: Calibri\">Das Naturpark-Team blickt ihm mit wehm\u00fctigen Augen nach, schaut aber auch gespannt in die Zukunft. Eine Neubesetzung der Stelle steht noch aus. In der Zwischenzeit \u00fcbernimmt Astrid Osenbr\u00fcck die Funktion und freut sich, Partnerschaften weiterzuf\u00fchren, Veranstaltungen und weitere Aufgaben des Naturparks zu koordinieren und gemeinsam mit dem Team von Verwaltung und Naturwacht den Naturpark weiterhin zu st\u00e4rken.<\/span><\/span><\/p>\n<p>&nbsp;<\/p>\n","protected":false},"excerpt":{"rendered":"<p>Zum 1. Januar hat sich der langj\u00e4hrige Naturpark-Leiter Gunnar Heyne aus seinem Naturpark verabschiedet. In \u00fcber zehn Jahren hat er viel erreicht, Projekte entwickelt, Netzwerke gekn\u00fcpft und den Naturpark gestaltet. <\/p>\n","protected":false},"author":83,"featured_media":3534,"comment_status":"open","ping_status":"open","sticky":false,"template":"","format":"standard","meta":[],"categories":[7],"tags":[],"yoast_head":"<!-- This site is optimized with the Yoast SEO plugin v19.10 - https:\/\/yoast.com\/wordpress\/plugins\/seo\/ -->\n<title>Ein Abschied nach \u00fcber 10 Jahren - Naturpark Dahme-Heideseen<\/title>\n<meta name=\"robots\" content=\"index, follow, max-snippet:-1, max-image-preview:large, max-video-preview:-1\" \/>\n<link rel=\"canonical\" href=\"https:\/\/www.naturparkmagazin.de\/dahme-heideseen\/ein-abschied-nach-ueber-10-jahren\/\" \/>\n<meta property=\"og:locale\" content=\"de_DE\" \/>\n<meta property=\"og:type\" content=\"article\" \/>\n<meta property=\"og:title\" content=\"Ein Abschied nach \u00fcber 10 Jahren - Naturpark Dahme-Heideseen\" \/>\n<meta property=\"og:description\" content=\"Zum 1. Januar hat sich der langj\u00e4hrige Naturpark-Leiter Gunnar Heyne aus seinem Naturpark verabschiedet. In \u00fcber zehn Jahren hat er viel erreicht, Projekte entwickelt, Netzwerke gekn\u00fcpft und den Naturpark gestaltet.\" \/>\n<meta property=\"og:url\" content=\"https:\/\/www.naturparkmagazin.de\/dahme-heideseen\/ein-abschied-nach-ueber-10-jahren\/\" \/>\n<meta property=\"og:site_name\" content=\"Naturpark Dahme-Heideseen\" \/>\n<meta property=\"article:published_time\" content=\"2020-12-16T07:24:48+00:00\" \/>\n<meta property=\"article:modified_time\" content=\"2020-12-17T06:06:11+00:00\" \/>\n<meta property=\"og:image\" content=\"https:\/\/www.naturparkmagazin.de\/dahme-heideseen\/wp-content\/uploads\/sites\/37\/20-Jahre-Naturpark-Dahme-Heideseen_big_teaser_article.jpg\" \/>\n\t<meta property=\"og:image:width\" content=\"760\" \/>\n\t<meta property=\"og:image:height\" content=\"380\" \/>\n\t<meta property=\"og:image:type\" content=\"image\/jpeg\" \/>\n<meta name=\"author\" content=\"Astrid Osenbr\u00fcck\" \/>\n<meta name=\"twitter:label1\" content=\"Verfasst von\" \/>\n\t<meta name=\"twitter:data1\" content=\"Astrid Osenbr\u00fcck\" \/>\n\t<meta name=\"twitter:label2\" content=\"Gesch\u00e4tzte Lesezeit\" \/>\n\t<meta name=\"twitter:data2\" content=\"1\u00a0Minute\" \/>\n<script type=\"application\/ld+json\" class=\"yoast-schema-graph\">{\"@context\":\"https:\/\/schema.org\",\"@graph\":[{\"@type\":\"WebPage\",\"@id\":\"https:\/\/www.naturparkmagazin.de\/dahme-heideseen\/ein-abschied-nach-ueber-10-jahren\/\",\"url\":\"https:\/\/www.naturparkmagazin.de\/dahme-heideseen\/ein-abschied-nach-ueber-10-jahren\/\",\"name\":\"Ein Abschied nach \u00fcber 10 Jahren - Naturpark Dahme-Heideseen\",\"isPartOf\":{\"@id\":\"https:\/\/www.naturparkmagazin.de\/dahme-heideseen\/#website\"},\"datePublished\":\"2020-12-16T07:24:48+00:00\",\"dateModified\":\"2020-12-17T06:06:11+00:00\",\"author\":{\"@id\":\"https:\/\/www.naturparkmagazin.de\/dahme-heideseen\/#\/schema\/person\/a0510aafafdf8183c95fc98faf0c9f21\"},\"breadcrumb\":{\"@id\":\"https:\/\/www.naturparkmagazin.de\/dahme-heideseen\/ein-abschied-nach-ueber-10-jahren\/#breadcrumb\"},\"inLanguage\":\"de\",\"potentialAction\":[{\"@type\":\"ReadAction\",\"target\":[\"https:\/\/www.naturparkmagazin.de\/dahme-heideseen\/ein-abschied-nach-ueber-10-jahren\/\"]}]},{\"@type\":\"BreadcrumbList\",\"@id\":\"https:\/\/www.naturparkmagazin.de\/dahme-heideseen\/ein-abschied-nach-ueber-10-jahren\/#breadcrumb\",\"itemListElement\":[{\"@type\":\"ListItem\",\"position\":1,\"name\":\"Home\",\"item\":\"https:\/\/www.naturparkmagazin.de\/dahme-heideseen\/\"},{\"@type\":\"ListItem\",\"position\":2,\"name\":\"Ein Abschied nach \u00fcber 10 Jahren\"}]},{\"@type\":\"WebSite\",\"@id\":\"https:\/\/www.naturparkmagazin.de\/dahme-heideseen\/#website\",\"url\":\"https:\/\/www.naturparkmagazin.de\/dahme-heideseen\/\",\"name\":\"Naturpark Dahme-Heideseen\",\"description\":\"\",\"potentialAction\":[{\"@type\":\"SearchAction\",\"target\":{\"@type\":\"EntryPoint\",\"urlTemplate\":\"https:\/\/www.naturparkmagazin.de\/dahme-heideseen\/?s={search_term_string}\"},\"query-input\":\"required name=search_term_string\"}],\"inLanguage\":\"de\"},{\"@type\":\"Person\",\"@id\":\"https:\/\/www.naturparkmagazin.de\/dahme-heideseen\/#\/schema\/person\/a0510aafafdf8183c95fc98faf0c9f21\",\"name\":\"Astrid Osenbr\u00fcck\",\"sameAs\":[\"http:\/\/www.dahme-heideseen-naturpark.de\"],\"url\":\"https:\/\/www.naturparkmagazin.de\/dahme-heideseen\/author\/astridosenbrueck\/\"}]}<\/script>\n<!-- \/ Yoast SEO plugin. -->","yoast_head_json":{"title":"Ein Abschied nach \u00fcber 10 Jahren - Naturpark Dahme-Heideseen","robots":{"index":"index","follow":"follow","max-snippet":"max-snippet:-1","max-image-preview":"max-image-preview:large","max-video-preview":"max-video-preview:-1"},"canonical":"https:\/\/www.naturparkmagazin.de\/dahme-heideseen\/ein-abschied-nach-ueber-10-jahren\/","og_locale":"de_DE","og_type":"article","og_title":"Ein Abschied nach \u00fcber 10 Jahren - Naturpark Dahme-Heideseen","og_description":"Zum 1. Januar hat sich der langj\u00e4hrige Naturpark-Leiter Gunnar Heyne aus seinem Naturpark verabschiedet. In \u00fcber zehn Jahren hat er viel erreicht, Projekte entwickelt, Netzwerke gekn\u00fcpft und den Naturpark gestaltet.","og_url":"https:\/\/www.naturparkmagazin.de\/dahme-heideseen\/ein-abschied-nach-ueber-10-jahren\/","og_site_name":"Naturpark Dahme-Heideseen","article_published_time":"2020-12-16T07:24:48+00:00","article_modified_time":"2020-12-17T06:06:11+00:00","og_image":[{"width":760,"height":380,"url":"https:\/\/www.naturparkmagazin.de\/dahme-heideseen\/wp-content\/uploads\/sites\/37\/20-Jahre-Naturpark-Dahme-Heideseen_big_teaser_article.jpg","type":"image\/jpeg"}],"author":"Astrid Osenbr\u00fcck","twitter_misc":{"Verfasst von":"Astrid Osenbr\u00fcck","Gesch\u00e4tzte Lesezeit":"1\u00a0Minute"},"schema":{"@context":"https:\/\/schema.org","@graph":[{"@type":"WebPage","@id":"https:\/\/www.naturparkmagazin.de\/dahme-heideseen\/ein-abschied-nach-ueber-10-jahren\/","url":"https:\/\/www.naturparkmagazin.de\/dahme-heideseen\/ein-abschied-nach-ueber-10-jahren\/","name":"Ein Abschied nach \u00fcber 10 Jahren - Naturpark Dahme-Heideseen","isPartOf":{"@id":"https:\/\/www.naturparkmagazin.de\/dahme-heideseen\/#website"},"datePublished":"2020-12-16T07:24:48+00:00","dateModified":"2020-12-17T06:06:11+00:00","author":{"@id":"https:\/\/www.naturparkmagazin.de\/dahme-heideseen\/#\/schema\/person\/a0510aafafdf8183c95fc98faf0c9f21"},"breadcrumb":{"@id":"https:\/\/www.naturparkmagazin.de\/dahme-heideseen\/ein-abschied-nach-ueber-10-jahren\/#breadcrumb"},"inLanguage":"de","potentialAction":[{"@type":"ReadAction","target":["https:\/\/www.naturparkmagazin.de\/dahme-heideseen\/ein-abschied-nach-ueber-10-jahren\/"]}]},{"@type":"BreadcrumbList","@id":"https:\/\/www.naturparkmagazin.de\/dahme-heideseen\/ein-abschied-nach-ueber-10-jahren\/#breadcrumb","itemListElement":[{"@type":"ListItem","position":1,"name":"Home","item":"https:\/\/www.naturparkmagazin.de\/dahme-heideseen\/"},{"@type":"ListItem","position":2,"name":"Ein Abschied nach \u00fcber 10 Jahren"}]},{"@type":"WebSite","@id":"https:\/\/www.naturparkmagazin.de\/dahme-heideseen\/#website","url":"https:\/\/www.naturparkmagazin.de\/dahme-heideseen\/","name":"Naturpark Dahme-Heideseen","description":"","potentialAction":[{"@type":"SearchAction","target":{"@type":"EntryPoint","urlTemplate":"https:\/\/www.naturparkmagazin.de\/dahme-heideseen\/?s={search_term_string}"},"query-input":"required name=search_term_string"}],"inLanguage":"de"},{"@type":"Person","@id":"https:\/\/www.naturparkmagazin.de\/dahme-heideseen\/#\/schema\/person\/a0510aafafdf8183c95fc98faf0c9f21","name":"Astrid Osenbr\u00fcck","sameAs":["http:\/\/www.dahme-heideseen-naturpark.de"],"url":"https:\/\/www.naturparkmagazin.de\/dahme-heideseen\/author\/astridosenbrueck\/"}]}},"_links":{"self":[{"href":"https:\/\/www.naturparkmagazin.de\/dahme-heideseen\/wp-json\/wp\/v2\/posts\/3533"}],"collection":[{"href":"https:\/\/www.naturparkmagazin.de\/dahme-heideseen\/wp-json\/wp\/v2\/posts"}],"about":[{"href":"https:\/\/www.naturparkmagazin.de\/dahme-heideseen\/wp-json\/wp\/v2\/types\/post"}],"author":[{"embeddable":true,"href":"https:\/\/www.naturparkmagazin.de\/dahme-heideseen\/wp-json\/wp\/v2\/users\/83"}],"replies":[{"embeddable":true,"href":"https:\/\/www.naturparkmagazin.de\/dahme-heideseen\/wp-json\/wp\/v2\/comments?post=3533"}],"version-history":[{"count":5,"href":"https:\/\/www.naturparkmagazin.de\/dahme-heideseen\/wp-json\/wp\/v2\/posts\/3533\/revisions"}],"predecessor-version":[{"id":3542,"href":"https:\/\/www.naturparkmagazin.de\/dahme-heideseen\/wp-json\/wp\/v2\/posts\/3533\/revisions\/3542"}],"wp:featuredmedia":[{"embeddable":true,"href":"https:\/\/www.naturparkmagazin.de\/dahme-heideseen\/wp-json\/wp\/v2\/media\/3534"}],"wp:attachment":[{"href":"https:\/\/www.naturparkmagazin.de\/dahme-heideseen\/wp-json\/wp\/v2\/media?parent=3533"}],"wp:term":[{"taxonomy":"category","embeddable":true,"href":"https:\/\/www.naturparkmagazin.de\/dahme-heideseen\/wp-json\/wp\/v2\/categories?post=3533"},{"taxonomy":"post_tag","embeddable":true,"href":"https:\/\/www.naturparkmagazin.de\/dahme-heideseen\/wp-json\/wp\/v2\/tags?post=3533"}],"curies":[{"name":"wp","href":"https:\/\/api.w.org\/{rel}","templated":true}]}}