{"id":3536,"date":"2020-12-15T11:24:37","date_gmt":"2020-12-15T10:24:37","guid":{"rendered":"https:\/\/www.naturparkmagazin.de\/dahme-heideseen\/?p=3536"},"modified":"2020-12-22T10:35:23","modified_gmt":"2020-12-22T09:35:23","slug":"foto-wettbewerb-fuer-das-jahrebuch-2022-mein-lieblingsplatz-im-naturpark-dahme-heideseen","status":"publish","type":"post","link":"https:\/\/www.naturparkmagazin.de\/dahme-heideseen\/foto-wettbewerb-fuer-das-jahrebuch-2022-mein-lieblingsplatz-im-naturpark-dahme-heideseen\/","title":{"rendered":"Foto-Wettbewerb f\u00fcrs JahreBuch 2022 \u2013 Mein Lieblingsplatz im Naturpark Dahme-Heideseen"},"content":{"rendered":"<p>Ein einsamer Waldweg, die sandigen Weiten der Binnend\u00fcne Waltersberge, ein glasklarer See, der zum Baden einl\u00e4dt. Es gibt viele &#8211; teilweise fast unentdeckte, teilweise durch Menschen und Tiere belebte &#8211; Orte im Naturpark Dahme-Heideseen, die einen besonderen Charme verstr\u00f6men. Genau solche Orte sind Thema des JahreBuchs 2022. Mit einem Foto-Wettbewerb suchen NABU Dahmeland und Naturpark Dahme-Heideseen die sch\u00f6nsten Bilder rund um Ihre Lieblingspl\u00e4tze im Naturpark. Die sch\u00f6nsten Bilder werden den Kalenderteil sowie den Titel des kommenden JahreBuches schm\u00fccken. Mitmachen darf jeder!<\/p>\n<p>Aus den fristgerecht eingesandten Fotos w\u00e4hlt eine Fachjury die besten Bilder aus. Die ausgew\u00e4hlten Bilder werden \u00f6ffentlich ausgezeichnet und auf <a href=\"http:\/\/www.dahme-heideseen-naturpark.de\">www.dahme-heideseen-naturpark.de<\/a> mit namentlicher Nennung der Fotografen pr\u00e4sentiert.<\/p>\n<p>Bedingungen:<\/p>\n<ul>\n<li>Jeder Fotograf, sowohl Hobby- als auch Profi-Fotograf, darf Fotos zum Wettbewerb einsenden.<\/li>\n<li>Die Teilnahme ist geb\u00fchrenfrei.<\/li>\n<li>Die Bilder m\u00fcssen im Naturpark Dahme-Heideseen aufgenommen worden sein und Bezug zum Thema \u201eMein Lieblingsplatz im Naturpark Dahme-Heideseen\u201c nehmen.<\/li>\n<li>Pro Person d\u00fcrfen maximal 3 Bilder eingesendet werden.<\/li>\n<li>Einsendungen bitte als jpg-Dateien an <a href=\"mailto:NP-Dahme-Heideseen@LfU.Brandenburg.de\">NP-Dahme-Heideseen@LfU.Brandenburg.de<\/a><\/li>\n<li>Die Dateigr\u00f6\u00dfe soll mindestens 240 dpi betragen.<\/li>\n<li>Fotos, die in einer h\u00f6heren Aufl\u00f6sung aufgenommen wurden, k\u00f6nnen als solche gekennzeichnet werden und bei Bedarf angefordert werden.<\/li>\n<li>Die Fotos sollen im Titel jeweils mit dem Namen des Fotografen und dem Aufnahmeort benannt werden.<\/li>\n<li>Den Fotos k\u00f6nnen kurze Texte zur Geschichte des Bildes beigef\u00fcgt werden.<\/li>\n<li>Rechte abgebildeter Personen d\u00fcrfen einer Ausstellung bzw. Ver\u00f6ffentlichung nicht entgegenstehen. Alle Rechte am Bild bleiben beim Fotografen.<\/li>\n<li>Die Erlaubnis zur kostenfreien Verwendung der Bilder in Publikationen des Naturparks und des NABU Dahmelands einschlie\u00dflich digitaler Medien gilt mit der Einsendung als erteilt. Die namentliche Nennung des Fotografen bei Ver\u00f6ffentlichungen wird garantiert.<\/li>\n<li>Die besten Bilder werden durch eine Fachjury ausgew\u00e4hlt und pr\u00e4miert.<\/li>\n<li>Zu den Kriterien, die \u00fcber einen m\u00f6glichen Gewinn entscheiden, geh\u00f6ren Qualit\u00e4t, Umsetzung des Themas und Bildsch\u00e4rfe.<\/li>\n<li>Einsendeschluss ist der 31. Mai 2021.<\/li>\n<li>Mit dem Einreichen der Arbeiten erkennt der Fotograf die Bedingungen dieser Ausschreibung an.<\/li>\n<\/ul>\n","protected":false},"excerpt":{"rendered":"<p>Gesucht werden die sch\u00f6nsten Fotos zu Lieblingspl\u00e4tzen im Naturpark. Die Gewinnerbilder werden im kommenden JahreBuch pr\u00e4sentiert. Einsendeschluss: 31.Mai 2021.<\/p>\n","protected":false},"author":83,"featured_media":947,"comment_status":"open","ping_status":"open","sticky":false,"template":"","format":"standard","meta":[],"categories":[7],"tags":[],"yoast_head":"<!-- This site is optimized with the Yoast SEO plugin v19.10 - https:\/\/yoast.com\/wordpress\/plugins\/seo\/ -->\n<title>Foto-Wettbewerb f\u00fcrs JahreBuch 2022 \u2013 Mein Lieblingsplatz im Naturpark Dahme-Heideseen - Naturpark Dahme-Heideseen<\/title>\n<meta name=\"robots\" content=\"index, follow, max-snippet:-1, max-image-preview:large, max-video-preview:-1\" \/>\n<link rel=\"canonical\" href=\"https:\/\/www.naturparkmagazin.de\/dahme-heideseen\/foto-wettbewerb-fuer-das-jahrebuch-2022-mein-lieblingsplatz-im-naturpark-dahme-heideseen\/\" \/>\n<meta property=\"og:locale\" content=\"de_DE\" \/>\n<meta property=\"og:type\" content=\"article\" \/>\n<meta property=\"og:title\" content=\"Foto-Wettbewerb f\u00fcrs JahreBuch 2022 \u2013 Mein Lieblingsplatz im Naturpark Dahme-Heideseen - Naturpark Dahme-Heideseen\" \/>\n<meta property=\"og:description\" content=\"Gesucht werden die sch\u00f6nsten Fotos zu Lieblingspl\u00e4tzen im Naturpark. Die Gewinnerbilder werden im kommenden JahreBuch pr\u00e4sentiert. Einsendeschluss: 31.Mai 2021.\" \/>\n<meta property=\"og:url\" content=\"https:\/\/www.naturparkmagazin.de\/dahme-heideseen\/foto-wettbewerb-fuer-das-jahrebuch-2022-mein-lieblingsplatz-im-naturpark-dahme-heideseen\/\" \/>\n<meta property=\"og:site_name\" content=\"Naturpark Dahme-Heideseen\" \/>\n<meta property=\"article:published_time\" content=\"2020-12-15T10:24:37+00:00\" \/>\n<meta property=\"article:modified_time\" content=\"2020-12-22T09:35:23+00:00\" \/>\n<meta property=\"og:image\" content=\"https:\/\/www.naturparkmagazin.de\/dahme-heideseen\/wp-content\/uploads\/sites\/37\/dahme3.jpg\" \/>\n\t<meta property=\"og:image:width\" content=\"1259\" \/>\n\t<meta property=\"og:image:height\" content=\"768\" \/>\n\t<meta property=\"og:image:type\" content=\"image\/jpeg\" \/>\n<meta name=\"author\" content=\"Astrid Osenbr\u00fcck\" \/>\n<meta name=\"twitter:label1\" content=\"Verfasst von\" \/>\n\t<meta name=\"twitter:data1\" content=\"Astrid Osenbr\u00fcck\" \/>\n\t<meta name=\"twitter:label2\" content=\"Gesch\u00e4tzte Lesezeit\" \/>\n\t<meta name=\"twitter:data2\" content=\"2\u00a0Minuten\" \/>\n<script type=\"application\/ld+json\" class=\"yoast-schema-graph\">{\"@context\":\"https:\/\/schema.org\",\"@graph\":[{\"@type\":\"WebPage\",\"@id\":\"https:\/\/www.naturparkmagazin.de\/dahme-heideseen\/foto-wettbewerb-fuer-das-jahrebuch-2022-mein-lieblingsplatz-im-naturpark-dahme-heideseen\/\",\"url\":\"https:\/\/www.naturparkmagazin.de\/dahme-heideseen\/foto-wettbewerb-fuer-das-jahrebuch-2022-mein-lieblingsplatz-im-naturpark-dahme-heideseen\/\",\"name\":\"Foto-Wettbewerb f\u00fcrs JahreBuch 2022 \u2013 Mein Lieblingsplatz im Naturpark Dahme-Heideseen - Naturpark Dahme-Heideseen\",\"isPartOf\":{\"@id\":\"https:\/\/www.naturparkmagazin.de\/dahme-heideseen\/#website\"},\"datePublished\":\"2020-12-15T10:24:37+00:00\",\"dateModified\":\"2020-12-22T09:35:23+00:00\",\"author\":{\"@id\":\"https:\/\/www.naturparkmagazin.de\/dahme-heideseen\/#\/schema\/person\/a0510aafafdf8183c95fc98faf0c9f21\"},\"breadcrumb\":{\"@id\":\"https:\/\/www.naturparkmagazin.de\/dahme-heideseen\/foto-wettbewerb-fuer-das-jahrebuch-2022-mein-lieblingsplatz-im-naturpark-dahme-heideseen\/#breadcrumb\"},\"inLanguage\":\"de\",\"potentialAction\":[{\"@type\":\"ReadAction\",\"target\":[\"https:\/\/www.naturparkmagazin.de\/dahme-heideseen\/foto-wettbewerb-fuer-das-jahrebuch-2022-mein-lieblingsplatz-im-naturpark-dahme-heideseen\/\"]}]},{\"@type\":\"BreadcrumbList\",\"@id\":\"https:\/\/www.naturparkmagazin.de\/dahme-heideseen\/foto-wettbewerb-fuer-das-jahrebuch-2022-mein-lieblingsplatz-im-naturpark-dahme-heideseen\/#breadcrumb\",\"itemListElement\":[{\"@type\":\"ListItem\",\"position\":1,\"name\":\"Home\",\"item\":\"https:\/\/www.naturparkmagazin.de\/dahme-heideseen\/\"},{\"@type\":\"ListItem\",\"position\":2,\"name\":\"Foto-Wettbewerb f\u00fcrs JahreBuch 2022 \u2013 Mein Lieblingsplatz im Naturpark Dahme-Heideseen\"}]},{\"@type\":\"WebSite\",\"@id\":\"https:\/\/www.naturparkmagazin.de\/dahme-heideseen\/#website\",\"url\":\"https:\/\/www.naturparkmagazin.de\/dahme-heideseen\/\",\"name\":\"Naturpark Dahme-Heideseen\",\"description\":\"\",\"potentialAction\":[{\"@type\":\"SearchAction\",\"target\":{\"@type\":\"EntryPoint\",\"urlTemplate\":\"https:\/\/www.naturparkmagazin.de\/dahme-heideseen\/?s={search_term_string}\"},\"query-input\":\"required name=search_term_string\"}],\"inLanguage\":\"de\"},{\"@type\":\"Person\",\"@id\":\"https:\/\/www.naturparkmagazin.de\/dahme-heideseen\/#\/schema\/person\/a0510aafafdf8183c95fc98faf0c9f21\",\"name\":\"Astrid Osenbr\u00fcck\",\"sameAs\":[\"http:\/\/www.dahme-heideseen-naturpark.de\"],\"url\":\"https:\/\/www.naturparkmagazin.de\/dahme-heideseen\/author\/astridosenbrueck\/\"}]}<\/script>\n<!-- \/ Yoast SEO plugin. -->","yoast_head_json":{"title":"Foto-Wettbewerb f\u00fcrs JahreBuch 2022 \u2013 Mein Lieblingsplatz im Naturpark Dahme-Heideseen - Naturpark Dahme-Heideseen","robots":{"index":"index","follow":"follow","max-snippet":"max-snippet:-1","max-image-preview":"max-image-preview:large","max-video-preview":"max-video-preview:-1"},"canonical":"https:\/\/www.naturparkmagazin.de\/dahme-heideseen\/foto-wettbewerb-fuer-das-jahrebuch-2022-mein-lieblingsplatz-im-naturpark-dahme-heideseen\/","og_locale":"de_DE","og_type":"article","og_title":"Foto-Wettbewerb f\u00fcrs JahreBuch 2022 \u2013 Mein Lieblingsplatz im Naturpark Dahme-Heideseen - Naturpark Dahme-Heideseen","og_description":"Gesucht werden die sch\u00f6nsten Fotos zu Lieblingspl\u00e4tzen im Naturpark. Die Gewinnerbilder werden im kommenden JahreBuch pr\u00e4sentiert. Einsendeschluss: 31.Mai 2021.","og_url":"https:\/\/www.naturparkmagazin.de\/dahme-heideseen\/foto-wettbewerb-fuer-das-jahrebuch-2022-mein-lieblingsplatz-im-naturpark-dahme-heideseen\/","og_site_name":"Naturpark Dahme-Heideseen","article_published_time":"2020-12-15T10:24:37+00:00","article_modified_time":"2020-12-22T09:35:23+00:00","og_image":[{"width":1259,"height":768,"url":"https:\/\/www.naturparkmagazin.de\/dahme-heideseen\/wp-content\/uploads\/sites\/37\/dahme3.jpg","type":"image\/jpeg"}],"author":"Astrid Osenbr\u00fcck","twitter_misc":{"Verfasst von":"Astrid Osenbr\u00fcck","Gesch\u00e4tzte Lesezeit":"2\u00a0Minuten"},"schema":{"@context":"https:\/\/schema.org","@graph":[{"@type":"WebPage","@id":"https:\/\/www.naturparkmagazin.de\/dahme-heideseen\/foto-wettbewerb-fuer-das-jahrebuch-2022-mein-lieblingsplatz-im-naturpark-dahme-heideseen\/","url":"https:\/\/www.naturparkmagazin.de\/dahme-heideseen\/foto-wettbewerb-fuer-das-jahrebuch-2022-mein-lieblingsplatz-im-naturpark-dahme-heideseen\/","name":"Foto-Wettbewerb f\u00fcrs JahreBuch 2022 \u2013 Mein Lieblingsplatz im Naturpark Dahme-Heideseen - Naturpark Dahme-Heideseen","isPartOf":{"@id":"https:\/\/www.naturparkmagazin.de\/dahme-heideseen\/#website"},"datePublished":"2020-12-15T10:24:37+00:00","dateModified":"2020-12-22T09:35:23+00:00","author":{"@id":"https:\/\/www.naturparkmagazin.de\/dahme-heideseen\/#\/schema\/person\/a0510aafafdf8183c95fc98faf0c9f21"},"breadcrumb":{"@id":"https:\/\/www.naturparkmagazin.de\/dahme-heideseen\/foto-wettbewerb-fuer-das-jahrebuch-2022-mein-lieblingsplatz-im-naturpark-dahme-heideseen\/#breadcrumb"},"inLanguage":"de","potentialAction":[{"@type":"ReadAction","target":["https:\/\/www.naturparkmagazin.de\/dahme-heideseen\/foto-wettbewerb-fuer-das-jahrebuch-2022-mein-lieblingsplatz-im-naturpark-dahme-heideseen\/"]}]},{"@type":"BreadcrumbList","@id":"https:\/\/www.naturparkmagazin.de\/dahme-heideseen\/foto-wettbewerb-fuer-das-jahrebuch-2022-mein-lieblingsplatz-im-naturpark-dahme-heideseen\/#breadcrumb","itemListElement":[{"@type":"ListItem","position":1,"name":"Home","item":"https:\/\/www.naturparkmagazin.de\/dahme-heideseen\/"},{"@type":"ListItem","position":2,"name":"Foto-Wettbewerb f\u00fcrs JahreBuch 2022 \u2013 Mein Lieblingsplatz im Naturpark Dahme-Heideseen"}]},{"@type":"WebSite","@id":"https:\/\/www.naturparkmagazin.de\/dahme-heideseen\/#website","url":"https:\/\/www.naturparkmagazin.de\/dahme-heideseen\/","name":"Naturpark Dahme-Heideseen","description":"","potentialAction":[{"@type":"SearchAction","target":{"@type":"EntryPoint","urlTemplate":"https:\/\/www.naturparkmagazin.de\/dahme-heideseen\/?s={search_term_string}"},"query-input":"required name=search_term_string"}],"inLanguage":"de"},{"@type":"Person","@id":"https:\/\/www.naturparkmagazin.de\/dahme-heideseen\/#\/schema\/person\/a0510aafafdf8183c95fc98faf0c9f21","name":"Astrid Osenbr\u00fcck","sameAs":["http:\/\/www.dahme-heideseen-naturpark.de"],"url":"https:\/\/www.naturparkmagazin.de\/dahme-heideseen\/author\/astridosenbrueck\/"}]}},"_links":{"self":[{"href":"https:\/\/www.naturparkmagazin.de\/dahme-heideseen\/wp-json\/wp\/v2\/posts\/3536"}],"collection":[{"href":"https:\/\/www.naturparkmagazin.de\/dahme-heideseen\/wp-json\/wp\/v2\/posts"}],"about":[{"href":"https:\/\/www.naturparkmagazin.de\/dahme-heideseen\/wp-json\/wp\/v2\/types\/post"}],"author":[{"embeddable":true,"href":"https:\/\/www.naturparkmagazin.de\/dahme-heideseen\/wp-json\/wp\/v2\/users\/83"}],"replies":[{"embeddable":true,"href":"https:\/\/www.naturparkmagazin.de\/dahme-heideseen\/wp-json\/wp\/v2\/comments?post=3536"}],"version-history":[{"count":3,"href":"https:\/\/www.naturparkmagazin.de\/dahme-heideseen\/wp-json\/wp\/v2\/posts\/3536\/revisions"}],"predecessor-version":[{"id":3543,"href":"https:\/\/www.naturparkmagazin.de\/dahme-heideseen\/wp-json\/wp\/v2\/posts\/3536\/revisions\/3543"}],"wp:featuredmedia":[{"embeddable":true,"href":"https:\/\/www.naturparkmagazin.de\/dahme-heideseen\/wp-json\/wp\/v2\/media\/947"}],"wp:attachment":[{"href":"https:\/\/www.naturparkmagazin.de\/dahme-heideseen\/wp-json\/wp\/v2\/media?parent=3536"}],"wp:term":[{"taxonomy":"category","embeddable":true,"href":"https:\/\/www.naturparkmagazin.de\/dahme-heideseen\/wp-json\/wp\/v2\/categories?post=3536"},{"taxonomy":"post_tag","embeddable":true,"href":"https:\/\/www.naturparkmagazin.de\/dahme-heideseen\/wp-json\/wp\/v2\/tags?post=3536"}],"curies":[{"name":"wp","href":"https:\/\/api.w.org\/{rel}","templated":true}]}}