{"id":3553,"date":"2021-01-06T13:52:21","date_gmt":"2021-01-06T12:52:21","guid":{"rendered":"https:\/\/www.naturparkmagazin.de\/dahme-heideseen\/?p=3553"},"modified":"2021-01-19T08:58:18","modified_gmt":"2021-01-19T07:58:18","slug":"ein-weihnachtsbaum-fuer-den-deutschen-bundestag","status":"publish","type":"post","link":"https:\/\/www.naturparkmagazin.de\/dahme-heideseen\/ein-weihnachtsbaum-fuer-den-deutschen-bundestag\/","title":{"rendered":"Ein Weihnachtsbaum f\u00fcr den Deutschen Bundestag"},"content":{"rendered":"<p>Corona-Weihnachtsbaumschmuck im Deutschen Bundestag \u2013 ein R\u00fcckblick:<\/p>\n<p>Seit dem Jahr 2002 stellt in jedem Jahr ein Naturpark gemeinsam mit dem Verband Deutscher Naturparke einen Weihnachtsbaum f\u00fcr die Mitglieder und Mitarbeitenden des Deutschen Bundestags auf Der Baum steht symbolisch f\u00fcr die Leistungen der deutschen Naturparke f\u00fcr Mensch und Natur. Im Jahre 2020 kam dieser aus dem Naturpark Dahme-Heideseen und hatte ein ganz besonderes buntes Kleid. Der Auftrag der Sch\u00fclerinnen und Sch\u00fcler der Naturpark-Grundschule Prieros war es, \u201eWeihnachtsbaumgestaltung f\u00fcr den Bundestag 2020\u201c zu fertigen. Neben vielen bemalten weihnachtlichen Holz-Schneeflocken, Nikolausstiefeln, Sternen und Engeln haben sie auch bunte Virus-Kugeln gebastelt und damit viel Aufsehen, zum Teil auch Emp\u00f6rung erregt. Die Kinder haben gezeigt, was sie gerade besch\u00e4ftigt bzw. belastet und wie sehr dieses Thema ihren Alltag bestimmt. Sie sind stolz darauf, etwas Eigenst\u00e4ndiges erschafft zu haben, welches sie an dieses ungew\u00f6hnliche Jahr erinnert.<\/p>\n<p>Am Mittwoch, 6. Januar 2021 ging diese kleine, viel Aufsehen erregende Geschichte zu Ende: der ber\u00fchmt gewordene Weihnachtsbaum wurde abgeschm\u00fcckt und zur\u00fcck nach Hause gebracht: in den Naturpark Dahme-Heideseen.<\/p>\n<div id=\"attachment_3554\" style=\"width: 510px\" class=\"wp-caption alignleft\"><a href=\"https:\/\/www.naturparkmagazin.de\/dahme-heideseen\/wp-content\/uploads\/sites\/37\/csm_Grundschule_Poster_c8df6d0b5f.jpg\"><img aria-describedby=\"caption-attachment-3554\" decoding=\"async\" loading=\"lazy\" class=\"size-full wp-image-3554\" src=\"https:\/\/www.naturparkmagazin.de\/dahme-heideseen\/wp-content\/uploads\/sites\/37\/csm_Grundschule_Poster_c8df6d0b5f.jpg\" alt=\"\u00a9 Naturpark-Grundschule Prieros\" width=\"500\" height=\"705\" srcset=\"https:\/\/www.naturparkmagazin.de\/dahme-heideseen\/wp-content\/uploads\/sites\/37\/csm_Grundschule_Poster_c8df6d0b5f.jpg 500w, https:\/\/www.naturparkmagazin.de\/dahme-heideseen\/wp-content\/uploads\/sites\/37\/csm_Grundschule_Poster_c8df6d0b5f-300x423.jpg 300w, https:\/\/www.naturparkmagazin.de\/dahme-heideseen\/wp-content\/uploads\/sites\/37\/csm_Grundschule_Poster_c8df6d0b5f-200x282.jpg 200w\" sizes=\"(max-width: 500px) 100vw, 500px\" \/><\/a><p id=\"caption-attachment-3554\" class=\"wp-caption-text\">\u00a9 Naturpark-Grundschule Prieros<\/p><\/div>\n<p>&nbsp;<\/p>\n<p>Der Weihnachtsbaumschmuck der Kinder der Naturpark-Schule Prieros hat positive Erinnerungen hinterlassen: Sch\u00fcler und Sch\u00fclerinnen, die mit Kreativit\u00e4t und Mut ihre derzeitige Lebenswirklichkeit gespiegelt haben und Erwachsene, die die Welt mit Kinderaugen sehen durften. Das haben einige Mitarbeiterinnen des Deutschen Bundestags in Form einer Spende f\u00fcr den F\u00f6rderverein der Naturpark-Grundschule Prieros gew\u00fcrdigt und durften daf\u00fcr ein paar Virus-Kugeln behalten.<\/p>\n","protected":false},"excerpt":{"rendered":"<p>Corona-Weihnachtsbaumschmuck im Deutschen Bundestag \u2013 ein R\u00fcckblick: Seit dem Jahr 2002 stellt in jedem Jahr ein Naturpark gemeinsam mit dem Verband Deutscher Naturparke einen Weihnachtsbaum f\u00fcr die Mitglieder und Mitarbeitenden des Deutschen Bundestags auf Der Baum steht symbolisch f\u00fcr die Leistungen der deutschen Naturparke f\u00fcr Mensch und Natur. Im Jahre 2020 kam dieser aus dem<\/p>\n","protected":false},"author":83,"featured_media":3550,"comment_status":"open","ping_status":"open","sticky":false,"template":"","format":"standard","meta":[],"categories":[7],"tags":[],"yoast_head":"<!-- This site is optimized with the Yoast SEO plugin v19.10 - https:\/\/yoast.com\/wordpress\/plugins\/seo\/ -->\n<title>Ein Weihnachtsbaum f\u00fcr den Deutschen Bundestag - Naturpark Dahme-Heideseen<\/title>\n<meta name=\"robots\" content=\"index, follow, max-snippet:-1, max-image-preview:large, max-video-preview:-1\" \/>\n<link rel=\"canonical\" href=\"https:\/\/www.naturparkmagazin.de\/dahme-heideseen\/ein-weihnachtsbaum-fuer-den-deutschen-bundestag\/\" \/>\n<meta property=\"og:locale\" content=\"de_DE\" \/>\n<meta property=\"og:type\" content=\"article\" \/>\n<meta property=\"og:title\" content=\"Ein Weihnachtsbaum f\u00fcr den Deutschen Bundestag - Naturpark Dahme-Heideseen\" \/>\n<meta property=\"og:description\" content=\"Corona-Weihnachtsbaumschmuck im Deutschen Bundestag \u2013 ein R\u00fcckblick: Seit dem Jahr 2002 stellt in jedem Jahr ein Naturpark gemeinsam mit dem Verband Deutscher Naturparke einen Weihnachtsbaum f\u00fcr die Mitglieder und Mitarbeitenden des Deutschen Bundestags auf Der Baum steht symbolisch f\u00fcr die Leistungen der deutschen Naturparke f\u00fcr Mensch und Natur. Im Jahre 2020 kam dieser aus dem\" \/>\n<meta property=\"og:url\" content=\"https:\/\/www.naturparkmagazin.de\/dahme-heideseen\/ein-weihnachtsbaum-fuer-den-deutschen-bundestag\/\" \/>\n<meta property=\"og:site_name\" content=\"Naturpark Dahme-Heideseen\" \/>\n<meta property=\"article:published_time\" content=\"2021-01-06T12:52:21+00:00\" \/>\n<meta property=\"article:modified_time\" content=\"2021-01-19T07:58:18+00:00\" \/>\n<meta property=\"og:image\" content=\"https:\/\/www.naturparkmagazin.de\/dahme-heideseen\/wp-content\/uploads\/sites\/37\/Coronabaumschmuck2021.jpg\" \/>\n\t<meta property=\"og:image:width\" content=\"333\" \/>\n\t<meta property=\"og:image:height\" content=\"250\" \/>\n\t<meta property=\"og:image:type\" content=\"image\/jpeg\" \/>\n<meta name=\"author\" content=\"Astrid Osenbr\u00fcck\" \/>\n<meta name=\"twitter:label1\" content=\"Verfasst von\" \/>\n\t<meta name=\"twitter:data1\" content=\"Astrid Osenbr\u00fcck\" \/>\n\t<meta name=\"twitter:label2\" content=\"Gesch\u00e4tzte Lesezeit\" \/>\n\t<meta name=\"twitter:data2\" content=\"1\u00a0Minute\" \/>\n<script type=\"application\/ld+json\" class=\"yoast-schema-graph\">{\"@context\":\"https:\/\/schema.org\",\"@graph\":[{\"@type\":\"WebPage\",\"@id\":\"https:\/\/www.naturparkmagazin.de\/dahme-heideseen\/ein-weihnachtsbaum-fuer-den-deutschen-bundestag\/\",\"url\":\"https:\/\/www.naturparkmagazin.de\/dahme-heideseen\/ein-weihnachtsbaum-fuer-den-deutschen-bundestag\/\",\"name\":\"Ein Weihnachtsbaum f\u00fcr den Deutschen Bundestag - Naturpark Dahme-Heideseen\",\"isPartOf\":{\"@id\":\"https:\/\/www.naturparkmagazin.de\/dahme-heideseen\/#website\"},\"datePublished\":\"2021-01-06T12:52:21+00:00\",\"dateModified\":\"2021-01-19T07:58:18+00:00\",\"author\":{\"@id\":\"https:\/\/www.naturparkmagazin.de\/dahme-heideseen\/#\/schema\/person\/a0510aafafdf8183c95fc98faf0c9f21\"},\"breadcrumb\":{\"@id\":\"https:\/\/www.naturparkmagazin.de\/dahme-heideseen\/ein-weihnachtsbaum-fuer-den-deutschen-bundestag\/#breadcrumb\"},\"inLanguage\":\"de\",\"potentialAction\":[{\"@type\":\"ReadAction\",\"target\":[\"https:\/\/www.naturparkmagazin.de\/dahme-heideseen\/ein-weihnachtsbaum-fuer-den-deutschen-bundestag\/\"]}]},{\"@type\":\"BreadcrumbList\",\"@id\":\"https:\/\/www.naturparkmagazin.de\/dahme-heideseen\/ein-weihnachtsbaum-fuer-den-deutschen-bundestag\/#breadcrumb\",\"itemListElement\":[{\"@type\":\"ListItem\",\"position\":1,\"name\":\"Home\",\"item\":\"https:\/\/www.naturparkmagazin.de\/dahme-heideseen\/\"},{\"@type\":\"ListItem\",\"position\":2,\"name\":\"Ein Weihnachtsbaum f\u00fcr den Deutschen Bundestag\"}]},{\"@type\":\"WebSite\",\"@id\":\"https:\/\/www.naturparkmagazin.de\/dahme-heideseen\/#website\",\"url\":\"https:\/\/www.naturparkmagazin.de\/dahme-heideseen\/\",\"name\":\"Naturpark Dahme-Heideseen\",\"description\":\"\",\"potentialAction\":[{\"@type\":\"SearchAction\",\"target\":{\"@type\":\"EntryPoint\",\"urlTemplate\":\"https:\/\/www.naturparkmagazin.de\/dahme-heideseen\/?s={search_term_string}\"},\"query-input\":\"required name=search_term_string\"}],\"inLanguage\":\"de\"},{\"@type\":\"Person\",\"@id\":\"https:\/\/www.naturparkmagazin.de\/dahme-heideseen\/#\/schema\/person\/a0510aafafdf8183c95fc98faf0c9f21\",\"name\":\"Astrid Osenbr\u00fcck\",\"sameAs\":[\"http:\/\/www.dahme-heideseen-naturpark.de\"],\"url\":\"https:\/\/www.naturparkmagazin.de\/dahme-heideseen\/author\/astridosenbrueck\/\"}]}<\/script>\n<!-- \/ Yoast SEO plugin. -->","yoast_head_json":{"title":"Ein Weihnachtsbaum f\u00fcr den Deutschen Bundestag - Naturpark Dahme-Heideseen","robots":{"index":"index","follow":"follow","max-snippet":"max-snippet:-1","max-image-preview":"max-image-preview:large","max-video-preview":"max-video-preview:-1"},"canonical":"https:\/\/www.naturparkmagazin.de\/dahme-heideseen\/ein-weihnachtsbaum-fuer-den-deutschen-bundestag\/","og_locale":"de_DE","og_type":"article","og_title":"Ein Weihnachtsbaum f\u00fcr den Deutschen Bundestag - Naturpark Dahme-Heideseen","og_description":"Corona-Weihnachtsbaumschmuck im Deutschen Bundestag \u2013 ein R\u00fcckblick: Seit dem Jahr 2002 stellt in jedem Jahr ein Naturpark gemeinsam mit dem Verband Deutscher Naturparke einen Weihnachtsbaum f\u00fcr die Mitglieder und Mitarbeitenden des Deutschen Bundestags auf Der Baum steht symbolisch f\u00fcr die Leistungen der deutschen Naturparke f\u00fcr Mensch und Natur. Im Jahre 2020 kam dieser aus dem","og_url":"https:\/\/www.naturparkmagazin.de\/dahme-heideseen\/ein-weihnachtsbaum-fuer-den-deutschen-bundestag\/","og_site_name":"Naturpark Dahme-Heideseen","article_published_time":"2021-01-06T12:52:21+00:00","article_modified_time":"2021-01-19T07:58:18+00:00","og_image":[{"width":333,"height":250,"url":"https:\/\/www.naturparkmagazin.de\/dahme-heideseen\/wp-content\/uploads\/sites\/37\/Coronabaumschmuck2021.jpg","type":"image\/jpeg"}],"author":"Astrid Osenbr\u00fcck","twitter_misc":{"Verfasst von":"Astrid Osenbr\u00fcck","Gesch\u00e4tzte Lesezeit":"1\u00a0Minute"},"schema":{"@context":"https:\/\/schema.org","@graph":[{"@type":"WebPage","@id":"https:\/\/www.naturparkmagazin.de\/dahme-heideseen\/ein-weihnachtsbaum-fuer-den-deutschen-bundestag\/","url":"https:\/\/www.naturparkmagazin.de\/dahme-heideseen\/ein-weihnachtsbaum-fuer-den-deutschen-bundestag\/","name":"Ein Weihnachtsbaum f\u00fcr den Deutschen Bundestag - Naturpark Dahme-Heideseen","isPartOf":{"@id":"https:\/\/www.naturparkmagazin.de\/dahme-heideseen\/#website"},"datePublished":"2021-01-06T12:52:21+00:00","dateModified":"2021-01-19T07:58:18+00:00","author":{"@id":"https:\/\/www.naturparkmagazin.de\/dahme-heideseen\/#\/schema\/person\/a0510aafafdf8183c95fc98faf0c9f21"},"breadcrumb":{"@id":"https:\/\/www.naturparkmagazin.de\/dahme-heideseen\/ein-weihnachtsbaum-fuer-den-deutschen-bundestag\/#breadcrumb"},"inLanguage":"de","potentialAction":[{"@type":"ReadAction","target":["https:\/\/www.naturparkmagazin.de\/dahme-heideseen\/ein-weihnachtsbaum-fuer-den-deutschen-bundestag\/"]}]},{"@type":"BreadcrumbList","@id":"https:\/\/www.naturparkmagazin.de\/dahme-heideseen\/ein-weihnachtsbaum-fuer-den-deutschen-bundestag\/#breadcrumb","itemListElement":[{"@type":"ListItem","position":1,"name":"Home","item":"https:\/\/www.naturparkmagazin.de\/dahme-heideseen\/"},{"@type":"ListItem","position":2,"name":"Ein Weihnachtsbaum f\u00fcr den Deutschen Bundestag"}]},{"@type":"WebSite","@id":"https:\/\/www.naturparkmagazin.de\/dahme-heideseen\/#website","url":"https:\/\/www.naturparkmagazin.de\/dahme-heideseen\/","name":"Naturpark Dahme-Heideseen","description":"","potentialAction":[{"@type":"SearchAction","target":{"@type":"EntryPoint","urlTemplate":"https:\/\/www.naturparkmagazin.de\/dahme-heideseen\/?s={search_term_string}"},"query-input":"required name=search_term_string"}],"inLanguage":"de"},{"@type":"Person","@id":"https:\/\/www.naturparkmagazin.de\/dahme-heideseen\/#\/schema\/person\/a0510aafafdf8183c95fc98faf0c9f21","name":"Astrid Osenbr\u00fcck","sameAs":["http:\/\/www.dahme-heideseen-naturpark.de"],"url":"https:\/\/www.naturparkmagazin.de\/dahme-heideseen\/author\/astridosenbrueck\/"}]}},"_links":{"self":[{"href":"https:\/\/www.naturparkmagazin.de\/dahme-heideseen\/wp-json\/wp\/v2\/posts\/3553"}],"collection":[{"href":"https:\/\/www.naturparkmagazin.de\/dahme-heideseen\/wp-json\/wp\/v2\/posts"}],"about":[{"href":"https:\/\/www.naturparkmagazin.de\/dahme-heideseen\/wp-json\/wp\/v2\/types\/post"}],"author":[{"embeddable":true,"href":"https:\/\/www.naturparkmagazin.de\/dahme-heideseen\/wp-json\/wp\/v2\/users\/83"}],"replies":[{"embeddable":true,"href":"https:\/\/www.naturparkmagazin.de\/dahme-heideseen\/wp-json\/wp\/v2\/comments?post=3553"}],"version-history":[{"count":3,"href":"https:\/\/www.naturparkmagazin.de\/dahme-heideseen\/wp-json\/wp\/v2\/posts\/3553\/revisions"}],"predecessor-version":[{"id":3563,"href":"https:\/\/www.naturparkmagazin.de\/dahme-heideseen\/wp-json\/wp\/v2\/posts\/3553\/revisions\/3563"}],"wp:featuredmedia":[{"embeddable":true,"href":"https:\/\/www.naturparkmagazin.de\/dahme-heideseen\/wp-json\/wp\/v2\/media\/3550"}],"wp:attachment":[{"href":"https:\/\/www.naturparkmagazin.de\/dahme-heideseen\/wp-json\/wp\/v2\/media?parent=3553"}],"wp:term":[{"taxonomy":"category","embeddable":true,"href":"https:\/\/www.naturparkmagazin.de\/dahme-heideseen\/wp-json\/wp\/v2\/categories?post=3553"},{"taxonomy":"post_tag","embeddable":true,"href":"https:\/\/www.naturparkmagazin.de\/dahme-heideseen\/wp-json\/wp\/v2\/tags?post=3553"}],"curies":[{"name":"wp","href":"https:\/\/api.w.org\/{rel}","templated":true}]}}