{"id":3556,"date":"2021-01-14T13:55:30","date_gmt":"2021-01-14T12:55:30","guid":{"rendered":"https:\/\/www.naturparkmagazin.de\/dahme-heideseen\/?p=3556"},"modified":"2021-01-26T12:57:59","modified_gmt":"2021-01-26T11:57:59","slug":"foto-wettbewerb-fuers-jahrebuch-2022-gestartet","status":"publish","type":"post","link":"https:\/\/www.naturparkmagazin.de\/dahme-heideseen\/foto-wettbewerb-fuers-jahrebuch-2022-gestartet\/","title":{"rendered":"Foto-Wettbewerb f\u00fcrs JahreBuch 2022 gestartet"},"content":{"rendered":"<p>Seit mehr als 22 Jahren ist der JahreBuch-Kalender aus dem Naturpark Dahme-Heideseen ein H\u00f6hepunkt in jedem Jahr. Zahlreiche Autorinnen und Autoren aus der Region schreiben \u00fcber Natur, Kultur und die Artenvielfalt des Dahmelands, ausgew\u00e4hlte Naturfotografen oder regionale K\u00fcnstler pr\u00e4sentieren ihre Werke im Kalenderteil.<\/p>\n<p><strong>F\u00fcr das JahreBuch 2022 wurde ein Foto-Wettbewerb gestartet<\/strong>, bei dem die sch\u00f6nsten Bilder rund um Lieblingspl\u00e4tze im Naturpark gesucht werden. Initiatoren des Wettbewerbs sind der Nabu Dahmeland und der Naturpark Dahme-Heideseen.<\/p>\n<p>Ein schneebedeckter Waldweg, die sandigen Weiten der Binnend\u00fcne Waltersberge, ein glasklarer See, der zum Baden einl\u00e4dt &#8211; es gibt viele, teilweise fast unentdeckte, teilweise durch Menschen und Tiere belebte Orte im Naturpark Dahme-Heideseen, die einen besonderen Charme verstr\u00f6men. Genau solche Orte sind Thema des JahreBuchs 2022. Die Bilder werden den Kalenderteil und den Titel des kommenden JahreBuches schm\u00fccken. Ziel des Wettbewerbes ist es, die Vielfalt der Region durch verschiedene Augen darzustellen.<\/p>\n<p><strong>Mitmachen darf jeder!<\/strong> Aus den <strong>fristgerecht\u00a0bis zum 31. Mai 2021<\/strong> eingesandten Fotos\u00a0w\u00e4hlt eine Fachjury die besten Bilder aus. Die ausgew\u00e4hlten Bilder werden \u00f6ffentlich ausgezeichnet und auf\u00a0www.dahme-heideseen-naturpark.de\u00a0mit namentlicher Nennung der Fotografen pr\u00e4sentiert.<\/p>\n<p>Teilnahme-Bedingungen:<\/p>\n<ul>\n<li>Jeder Fotograf, sowohl Hobby- als auch Profi-Fotograf, darf Fotos zum Wettbewerb einsenden.<\/li>\n<li>Die Teilnahme ist geb\u00fchrenfrei.<\/li>\n<li>Die Bilder m\u00fcssen im Naturpark Dahme-Heideseen aufgenommen worden sein und Bezug zum Thema \u201eMein Lieblingsplatz im Naturpark Dahme-Heideseen\u201c nehmen.<\/li>\n<li>Pro Person d\u00fcrfen maximal 3 Bilder eingesendet werden.<\/li>\n<li>Einsendungen bitte als jpg-Dateien an\u00a0NP-Dahme-Heideseen(at)lfu.brandenburg(dot)de\u00a0senden.<\/li>\n<li>Die Dateigr\u00f6\u00dfe soll mindestens 240 dpi betragen.<\/li>\n<li>Fotos, die in einer h\u00f6heren Aufl\u00f6sung aufgenommen wurden, k\u00f6nnen als solche gekennzeichnet werden und bei Bedarf angefordert werden.<\/li>\n<li>Die Fotos sollen im Titel jeweils mit dem Namen des Fotografen und dem Aufnahmeort benannt werden.<\/li>\n<li>Den Fotos k\u00f6nnen kurze Texte zur Geschichte des Bildes beigef\u00fcgt werden.<\/li>\n<li>Rechte abgebildeter Personen d\u00fcrfen einer Ausstellung bzw. Ver\u00f6ffentlichung nicht entgegenstehen. Alle Rechte am Bild bleiben beim Fotografen.<\/li>\n<li>Die Erlaubnis zur kostenfreien Verwendung der Bilder in Publikationen des Naturparks und des NABU Dahmeland e. V. einschlie\u00dflich digitaler Medien gilt mit der Einsendung als erteilt. Die namentliche Nennung des Fotografen bei Ver\u00f6ffentlichungen wird garantiert.<\/li>\n<li>Die besten Bilder werden durch eine Fachjury ausgew\u00e4hlt und pr\u00e4miert.<\/li>\n<li>Zu den Kriterien, die \u00fcber einen m\u00f6glichen Gewinn entscheiden, geh\u00f6ren Qualit\u00e4t, Umsetzung des Themas und Bildsch\u00e4rfe.<\/li>\n<li><strong>Einsendeschluss ist der 31. Mai 2021<\/strong>.<\/li>\n<li>Mit dem Einreichen der Arbeiten erkennt der Fotograf die Bedingungen dieser Ausschreibung an.<\/li>\n<\/ul>\n<div id=\"attachment_3548\" style=\"width: 510px\" class=\"wp-caption alignleft\"><a href=\"https:\/\/www.naturparkmagazin.de\/dahme-heideseen\/wp-content\/uploads\/sites\/37\/csm_photographer-3772889_640_a94586e7c1.jpg\"><img aria-describedby=\"caption-attachment-3548\" decoding=\"async\" loading=\"lazy\" class=\"size-full wp-image-3548\" src=\"https:\/\/www.naturparkmagazin.de\/dahme-heideseen\/wp-content\/uploads\/sites\/37\/csm_photographer-3772889_640_a94586e7c1.jpg\" alt=\"\u00a9 Pixabay \/ Heiko Stein\" width=\"500\" height=\"333\" srcset=\"https:\/\/www.naturparkmagazin.de\/dahme-heideseen\/wp-content\/uploads\/sites\/37\/csm_photographer-3772889_640_a94586e7c1.jpg 500w, https:\/\/www.naturparkmagazin.de\/dahme-heideseen\/wp-content\/uploads\/sites\/37\/csm_photographer-3772889_640_a94586e7c1-300x200.jpg 300w, https:\/\/www.naturparkmagazin.de\/dahme-heideseen\/wp-content\/uploads\/sites\/37\/csm_photographer-3772889_640_a94586e7c1-200x133.jpg 200w\" sizes=\"(max-width: 500px) 100vw, 500px\" \/><\/a><p id=\"caption-attachment-3548\" class=\"wp-caption-text\">\u00a9 Pixabay \/ Heiko Stein<\/p><\/div>\n","protected":false},"excerpt":{"rendered":"<p>F\u00fcr das JahreBuch 2022 wurde ein Foto-Wettbewerb gestartet, bei dem die sch\u00f6nsten Bilder rund um Lieblingspl\u00e4tze im Naturpark gesucht werden. <\/p>\n","protected":false},"author":83,"featured_media":3549,"comment_status":"open","ping_status":"open","sticky":false,"template":"","format":"standard","meta":[],"categories":[7],"tags":[],"yoast_head":"<!-- This site is optimized with the Yoast SEO plugin v19.10 - https:\/\/yoast.com\/wordpress\/plugins\/seo\/ -->\n<title>Foto-Wettbewerb f\u00fcrs JahreBuch 2022 gestartet - Naturpark Dahme-Heideseen<\/title>\n<meta name=\"robots\" content=\"index, follow, max-snippet:-1, max-image-preview:large, max-video-preview:-1\" \/>\n<link rel=\"canonical\" href=\"https:\/\/www.naturparkmagazin.de\/dahme-heideseen\/foto-wettbewerb-fuers-jahrebuch-2022-gestartet\/\" \/>\n<meta property=\"og:locale\" content=\"de_DE\" \/>\n<meta property=\"og:type\" content=\"article\" \/>\n<meta property=\"og:title\" content=\"Foto-Wettbewerb f\u00fcrs JahreBuch 2022 gestartet - Naturpark Dahme-Heideseen\" \/>\n<meta property=\"og:description\" content=\"F\u00fcr das JahreBuch 2022 wurde ein Foto-Wettbewerb gestartet, bei dem die sch\u00f6nsten Bilder rund um Lieblingspl\u00e4tze im Naturpark gesucht werden.\" \/>\n<meta property=\"og:url\" content=\"https:\/\/www.naturparkmagazin.de\/dahme-heideseen\/foto-wettbewerb-fuers-jahrebuch-2022-gestartet\/\" \/>\n<meta property=\"og:site_name\" content=\"Naturpark Dahme-Heideseen\" \/>\n<meta property=\"article:published_time\" content=\"2021-01-14T12:55:30+00:00\" \/>\n<meta property=\"article:modified_time\" content=\"2021-01-26T11:57:59+00:00\" \/>\n<meta property=\"og:image\" content=\"https:\/\/www.naturparkmagazin.de\/dahme-heideseen\/wp-content\/uploads\/sites\/37\/csm_pexels-element-digital-1051076_27bbb21fbe.jpg\" \/>\n\t<meta property=\"og:image:width\" content=\"333\" \/>\n\t<meta property=\"og:image:height\" content=\"223\" \/>\n\t<meta property=\"og:image:type\" content=\"image\/jpeg\" \/>\n<meta name=\"author\" content=\"Astrid Osenbr\u00fcck\" \/>\n<meta name=\"twitter:label1\" content=\"Verfasst von\" \/>\n\t<meta name=\"twitter:data1\" content=\"Astrid Osenbr\u00fcck\" \/>\n\t<meta name=\"twitter:label2\" content=\"Gesch\u00e4tzte Lesezeit\" \/>\n\t<meta name=\"twitter:data2\" content=\"2\u00a0Minuten\" \/>\n<script type=\"application\/ld+json\" class=\"yoast-schema-graph\">{\"@context\":\"https:\/\/schema.org\",\"@graph\":[{\"@type\":\"WebPage\",\"@id\":\"https:\/\/www.naturparkmagazin.de\/dahme-heideseen\/foto-wettbewerb-fuers-jahrebuch-2022-gestartet\/\",\"url\":\"https:\/\/www.naturparkmagazin.de\/dahme-heideseen\/foto-wettbewerb-fuers-jahrebuch-2022-gestartet\/\",\"name\":\"Foto-Wettbewerb f\u00fcrs JahreBuch 2022 gestartet - Naturpark Dahme-Heideseen\",\"isPartOf\":{\"@id\":\"https:\/\/www.naturparkmagazin.de\/dahme-heideseen\/#website\"},\"datePublished\":\"2021-01-14T12:55:30+00:00\",\"dateModified\":\"2021-01-26T11:57:59+00:00\",\"author\":{\"@id\":\"https:\/\/www.naturparkmagazin.de\/dahme-heideseen\/#\/schema\/person\/a0510aafafdf8183c95fc98faf0c9f21\"},\"breadcrumb\":{\"@id\":\"https:\/\/www.naturparkmagazin.de\/dahme-heideseen\/foto-wettbewerb-fuers-jahrebuch-2022-gestartet\/#breadcrumb\"},\"inLanguage\":\"de\",\"potentialAction\":[{\"@type\":\"ReadAction\",\"target\":[\"https:\/\/www.naturparkmagazin.de\/dahme-heideseen\/foto-wettbewerb-fuers-jahrebuch-2022-gestartet\/\"]}]},{\"@type\":\"BreadcrumbList\",\"@id\":\"https:\/\/www.naturparkmagazin.de\/dahme-heideseen\/foto-wettbewerb-fuers-jahrebuch-2022-gestartet\/#breadcrumb\",\"itemListElement\":[{\"@type\":\"ListItem\",\"position\":1,\"name\":\"Home\",\"item\":\"https:\/\/www.naturparkmagazin.de\/dahme-heideseen\/\"},{\"@type\":\"ListItem\",\"position\":2,\"name\":\"Foto-Wettbewerb f\u00fcrs JahreBuch 2022 gestartet\"}]},{\"@type\":\"WebSite\",\"@id\":\"https:\/\/www.naturparkmagazin.de\/dahme-heideseen\/#website\",\"url\":\"https:\/\/www.naturparkmagazin.de\/dahme-heideseen\/\",\"name\":\"Naturpark Dahme-Heideseen\",\"description\":\"\",\"potentialAction\":[{\"@type\":\"SearchAction\",\"target\":{\"@type\":\"EntryPoint\",\"urlTemplate\":\"https:\/\/www.naturparkmagazin.de\/dahme-heideseen\/?s={search_term_string}\"},\"query-input\":\"required name=search_term_string\"}],\"inLanguage\":\"de\"},{\"@type\":\"Person\",\"@id\":\"https:\/\/www.naturparkmagazin.de\/dahme-heideseen\/#\/schema\/person\/a0510aafafdf8183c95fc98faf0c9f21\",\"name\":\"Astrid Osenbr\u00fcck\",\"sameAs\":[\"http:\/\/www.dahme-heideseen-naturpark.de\"],\"url\":\"https:\/\/www.naturparkmagazin.de\/dahme-heideseen\/author\/astridosenbrueck\/\"}]}<\/script>\n<!-- \/ Yoast SEO plugin. -->","yoast_head_json":{"title":"Foto-Wettbewerb f\u00fcrs JahreBuch 2022 gestartet - Naturpark Dahme-Heideseen","robots":{"index":"index","follow":"follow","max-snippet":"max-snippet:-1","max-image-preview":"max-image-preview:large","max-video-preview":"max-video-preview:-1"},"canonical":"https:\/\/www.naturparkmagazin.de\/dahme-heideseen\/foto-wettbewerb-fuers-jahrebuch-2022-gestartet\/","og_locale":"de_DE","og_type":"article","og_title":"Foto-Wettbewerb f\u00fcrs JahreBuch 2022 gestartet - Naturpark Dahme-Heideseen","og_description":"F\u00fcr das JahreBuch 2022 wurde ein Foto-Wettbewerb gestartet, bei dem die sch\u00f6nsten Bilder rund um Lieblingspl\u00e4tze im Naturpark gesucht werden.","og_url":"https:\/\/www.naturparkmagazin.de\/dahme-heideseen\/foto-wettbewerb-fuers-jahrebuch-2022-gestartet\/","og_site_name":"Naturpark Dahme-Heideseen","article_published_time":"2021-01-14T12:55:30+00:00","article_modified_time":"2021-01-26T11:57:59+00:00","og_image":[{"width":333,"height":223,"url":"https:\/\/www.naturparkmagazin.de\/dahme-heideseen\/wp-content\/uploads\/sites\/37\/csm_pexels-element-digital-1051076_27bbb21fbe.jpg","type":"image\/jpeg"}],"author":"Astrid Osenbr\u00fcck","twitter_misc":{"Verfasst von":"Astrid Osenbr\u00fcck","Gesch\u00e4tzte Lesezeit":"2\u00a0Minuten"},"schema":{"@context":"https:\/\/schema.org","@graph":[{"@type":"WebPage","@id":"https:\/\/www.naturparkmagazin.de\/dahme-heideseen\/foto-wettbewerb-fuers-jahrebuch-2022-gestartet\/","url":"https:\/\/www.naturparkmagazin.de\/dahme-heideseen\/foto-wettbewerb-fuers-jahrebuch-2022-gestartet\/","name":"Foto-Wettbewerb f\u00fcrs JahreBuch 2022 gestartet - Naturpark Dahme-Heideseen","isPartOf":{"@id":"https:\/\/www.naturparkmagazin.de\/dahme-heideseen\/#website"},"datePublished":"2021-01-14T12:55:30+00:00","dateModified":"2021-01-26T11:57:59+00:00","author":{"@id":"https:\/\/www.naturparkmagazin.de\/dahme-heideseen\/#\/schema\/person\/a0510aafafdf8183c95fc98faf0c9f21"},"breadcrumb":{"@id":"https:\/\/www.naturparkmagazin.de\/dahme-heideseen\/foto-wettbewerb-fuers-jahrebuch-2022-gestartet\/#breadcrumb"},"inLanguage":"de","potentialAction":[{"@type":"ReadAction","target":["https:\/\/www.naturparkmagazin.de\/dahme-heideseen\/foto-wettbewerb-fuers-jahrebuch-2022-gestartet\/"]}]},{"@type":"BreadcrumbList","@id":"https:\/\/www.naturparkmagazin.de\/dahme-heideseen\/foto-wettbewerb-fuers-jahrebuch-2022-gestartet\/#breadcrumb","itemListElement":[{"@type":"ListItem","position":1,"name":"Home","item":"https:\/\/www.naturparkmagazin.de\/dahme-heideseen\/"},{"@type":"ListItem","position":2,"name":"Foto-Wettbewerb f\u00fcrs JahreBuch 2022 gestartet"}]},{"@type":"WebSite","@id":"https:\/\/www.naturparkmagazin.de\/dahme-heideseen\/#website","url":"https:\/\/www.naturparkmagazin.de\/dahme-heideseen\/","name":"Naturpark Dahme-Heideseen","description":"","potentialAction":[{"@type":"SearchAction","target":{"@type":"EntryPoint","urlTemplate":"https:\/\/www.naturparkmagazin.de\/dahme-heideseen\/?s={search_term_string}"},"query-input":"required name=search_term_string"}],"inLanguage":"de"},{"@type":"Person","@id":"https:\/\/www.naturparkmagazin.de\/dahme-heideseen\/#\/schema\/person\/a0510aafafdf8183c95fc98faf0c9f21","name":"Astrid Osenbr\u00fcck","sameAs":["http:\/\/www.dahme-heideseen-naturpark.de"],"url":"https:\/\/www.naturparkmagazin.de\/dahme-heideseen\/author\/astridosenbrueck\/"}]}},"_links":{"self":[{"href":"https:\/\/www.naturparkmagazin.de\/dahme-heideseen\/wp-json\/wp\/v2\/posts\/3556"}],"collection":[{"href":"https:\/\/www.naturparkmagazin.de\/dahme-heideseen\/wp-json\/wp\/v2\/posts"}],"about":[{"href":"https:\/\/www.naturparkmagazin.de\/dahme-heideseen\/wp-json\/wp\/v2\/types\/post"}],"author":[{"embeddable":true,"href":"https:\/\/www.naturparkmagazin.de\/dahme-heideseen\/wp-json\/wp\/v2\/users\/83"}],"replies":[{"embeddable":true,"href":"https:\/\/www.naturparkmagazin.de\/dahme-heideseen\/wp-json\/wp\/v2\/comments?post=3556"}],"version-history":[{"count":5,"href":"https:\/\/www.naturparkmagazin.de\/dahme-heideseen\/wp-json\/wp\/v2\/posts\/3556\/revisions"}],"predecessor-version":[{"id":3584,"href":"https:\/\/www.naturparkmagazin.de\/dahme-heideseen\/wp-json\/wp\/v2\/posts\/3556\/revisions\/3584"}],"wp:featuredmedia":[{"embeddable":true,"href":"https:\/\/www.naturparkmagazin.de\/dahme-heideseen\/wp-json\/wp\/v2\/media\/3549"}],"wp:attachment":[{"href":"https:\/\/www.naturparkmagazin.de\/dahme-heideseen\/wp-json\/wp\/v2\/media?parent=3556"}],"wp:term":[{"taxonomy":"category","embeddable":true,"href":"https:\/\/www.naturparkmagazin.de\/dahme-heideseen\/wp-json\/wp\/v2\/categories?post=3556"},{"taxonomy":"post_tag","embeddable":true,"href":"https:\/\/www.naturparkmagazin.de\/dahme-heideseen\/wp-json\/wp\/v2\/tags?post=3556"}],"curies":[{"name":"wp","href":"https:\/\/api.w.org\/{rel}","templated":true}]}}