{"id":3594,"date":"2021-02-14T08:02:03","date_gmt":"2021-02-14T07:02:03","guid":{"rendered":"https:\/\/www.naturparkmagazin.de\/dahme-heideseen\/?p=3594"},"modified":"2021-02-25T13:41:14","modified_gmt":"2021-02-25T12:41:14","slug":"durch-die-linse-der-ranger-digitale-ausstellung-ueber-die-vogelwelt-im-naturpark-dahme-heideseen","status":"publish","type":"post","link":"https:\/\/www.naturparkmagazin.de\/dahme-heideseen\/durch-die-linse-der-ranger-digitale-ausstellung-ueber-die-vogelwelt-im-naturpark-dahme-heideseen\/","title":{"rendered":"Durch die Linse der Ranger \u2013 Digitale Ausstellung \u00fcber die Vogelwelt im Naturpark Dahme-Heideseen"},"content":{"rendered":"<p>Besondere Zeiten erfordern besondere Ma\u00dfnahmen und kreative L\u00f6sungen. Die urspr\u00fcnglich f\u00fcr die VHS Dahme-Spreewald geplante Ausstellung \u201eDurch die Linse der Ranger\u201c ist nun digital auf der Internetseite des Naturparks Dahme-Heideseen zu finden. Sie informiert mit zahlreichen Fotos \u00fcber die Vogelwelt des Naturparks, die Arbeit der Ranger und gibt Hinweise zu Beobachtungsm\u00f6glichkeiten.<\/p>\n<div id=\"attachment_3595\" style=\"width: 630px\" class=\"wp-caption alignnone\"><a href=\"https:\/\/www.dahme-heideseen-naturpark.de\/erleben-lernen\/info-ausstellung\/durch-die-linse-der-ranger-eine-digitale-ausstellung-zum-thema-voegel\/\"><img aria-describedby=\"caption-attachment-3595\" decoding=\"async\" loading=\"lazy\" class=\"size-medium wp-image-3595\" src=\"https:\/\/www.naturparkmagazin.de\/dahme-heideseen\/wp-content\/uploads\/sites\/37\/\u201cDurch-die-Linse-der-Ranger\u201d-620x473.jpg\" alt=\"\u00a9 Naturpark Dahme-Heideseen\" width=\"620\" height=\"473\" srcset=\"https:\/\/www.naturparkmagazin.de\/dahme-heideseen\/wp-content\/uploads\/sites\/37\/\u201cDurch-die-Linse-der-Ranger\u201d-620x473.jpg 620w, https:\/\/www.naturparkmagazin.de\/dahme-heideseen\/wp-content\/uploads\/sites\/37\/\u201cDurch-die-Linse-der-Ranger\u201d-300x229.jpg 300w, https:\/\/www.naturparkmagazin.de\/dahme-heideseen\/wp-content\/uploads\/sites\/37\/\u201cDurch-die-Linse-der-Ranger\u201d-95x71.jpg 95w, https:\/\/www.naturparkmagazin.de\/dahme-heideseen\/wp-content\/uploads\/sites\/37\/\u201cDurch-die-Linse-der-Ranger\u201d-670x511.jpg 670w, https:\/\/www.naturparkmagazin.de\/dahme-heideseen\/wp-content\/uploads\/sites\/37\/\u201cDurch-die-Linse-der-Ranger\u201d-200x153.jpg 200w, https:\/\/www.naturparkmagazin.de\/dahme-heideseen\/wp-content\/uploads\/sites\/37\/\u201cDurch-die-Linse-der-Ranger\u201d.jpg 939w\" sizes=\"(max-width: 620px) 100vw, 620px\" \/><\/a><p id=\"caption-attachment-3595\" class=\"wp-caption-text\">\u00a9 Naturpark Dahme-Heideseen<\/p><\/div>\n<p>Anfang Februar findet in der VHS Dahme-Spreewald j\u00e4hrlich der Tag der offenen T\u00fcr statt. Da dieser 2021 aufgrund der Eind\u00e4mmungsverordnung nicht stattfinden kann, wird vorerst die geplante Er\u00f6ffnung der Ausstellung \u201eDurch die Linse der Ranger\u201c verschoben. Nun k\u00f6nnen Sie auf digitalem Wege in den Genuss dieser tollen Ausstellung kommen und ab dem 14. Februar 2021 die digitale Version unter <a href=\"https:\/\/www.dahme-heideseen-naturpark.de\/erleben-lernen\/info-ausstellung\/durch-die-linse-der-ranger-eine-digitale-ausstellung-zum-thema-voegel\/http:\/\/www.dahme-heideseen-naturpark.de\">www.dahme-heideseen-naturpark.de<\/a> abrufen.<\/p>\n<p>Freuen Sie sich auf zahlreiche interessante Informationen zu Neunt\u00f6ter, Heidelerche, Eisvogel und Co.! Beim Vogel-Monitoring, das zu den Aufgaben der Naturwacht geh\u00f6rt, entdecken die Ranger zahlreiche Vogelarten und dokumentieren sie u.a. mit der Kamera. In der digitalen Foto-Ausstellung erz\u00e4hlen sie von ihren Erlebnissen, informieren \u00fcber die jeweiligen Vogel-Gattungen und geben Besuchern und Besucherinnen Beobachtungstipps sowie Hinweise, bei welcher Wanderung oder von welchem Beobachtungsturm bestimmte V\u00f6gel besonders gut zu beobachten sind.<\/p>\n","protected":false},"excerpt":{"rendered":"<p>Die urspr\u00fcnglich f\u00fcr die VHS Dahme-Spreewald geplante Ausstellung \u201eDurch die Linse der Ranger\u201c ist nun digital auf der Internetseite des Naturparks Dahme-Heideseen zu finden.<\/p>\n","protected":false},"author":83,"featured_media":3595,"comment_status":"open","ping_status":"open","sticky":false,"template":"","format":"standard","meta":[],"categories":[11],"tags":[],"yoast_head":"<!-- This site is optimized with the Yoast SEO plugin v19.10 - https:\/\/yoast.com\/wordpress\/plugins\/seo\/ -->\n<title>Durch die Linse der Ranger \u2013 Digitale Ausstellung \u00fcber die Vogelwelt im Naturpark Dahme-Heideseen - Naturpark Dahme-Heideseen<\/title>\n<meta name=\"robots\" content=\"index, follow, max-snippet:-1, max-image-preview:large, max-video-preview:-1\" \/>\n<link rel=\"canonical\" href=\"https:\/\/www.naturparkmagazin.de\/dahme-heideseen\/durch-die-linse-der-ranger-digitale-ausstellung-ueber-die-vogelwelt-im-naturpark-dahme-heideseen\/\" \/>\n<meta property=\"og:locale\" content=\"de_DE\" \/>\n<meta property=\"og:type\" content=\"article\" \/>\n<meta property=\"og:title\" content=\"Durch die Linse der Ranger \u2013 Digitale Ausstellung \u00fcber die Vogelwelt im Naturpark Dahme-Heideseen - Naturpark Dahme-Heideseen\" \/>\n<meta property=\"og:description\" content=\"Die urspr\u00fcnglich f\u00fcr die VHS Dahme-Spreewald geplante Ausstellung \u201eDurch die Linse der Ranger\u201c ist nun digital auf der Internetseite des Naturparks Dahme-Heideseen zu finden.\" \/>\n<meta property=\"og:url\" content=\"https:\/\/www.naturparkmagazin.de\/dahme-heideseen\/durch-die-linse-der-ranger-digitale-ausstellung-ueber-die-vogelwelt-im-naturpark-dahme-heideseen\/\" \/>\n<meta property=\"og:site_name\" content=\"Naturpark Dahme-Heideseen\" \/>\n<meta property=\"article:published_time\" content=\"2021-02-14T07:02:03+00:00\" \/>\n<meta property=\"article:modified_time\" content=\"2021-02-25T12:41:14+00:00\" \/>\n<meta property=\"og:image\" content=\"https:\/\/www.naturparkmagazin.de\/dahme-heideseen\/wp-content\/uploads\/sites\/37\/\u201cDurch-die-Linse-der-Ranger\u201d.jpg\" \/>\n\t<meta property=\"og:image:width\" content=\"939\" \/>\n\t<meta property=\"og:image:height\" content=\"716\" \/>\n\t<meta property=\"og:image:type\" content=\"image\/jpeg\" \/>\n<meta name=\"author\" content=\"Astrid Osenbr\u00fcck\" \/>\n<meta name=\"twitter:label1\" content=\"Verfasst von\" \/>\n\t<meta name=\"twitter:data1\" content=\"Astrid Osenbr\u00fcck\" \/>\n\t<meta name=\"twitter:label2\" content=\"Gesch\u00e4tzte Lesezeit\" \/>\n\t<meta name=\"twitter:data2\" content=\"1\u00a0Minute\" \/>\n<script type=\"application\/ld+json\" class=\"yoast-schema-graph\">{\"@context\":\"https:\/\/schema.org\",\"@graph\":[{\"@type\":\"WebPage\",\"@id\":\"https:\/\/www.naturparkmagazin.de\/dahme-heideseen\/durch-die-linse-der-ranger-digitale-ausstellung-ueber-die-vogelwelt-im-naturpark-dahme-heideseen\/\",\"url\":\"https:\/\/www.naturparkmagazin.de\/dahme-heideseen\/durch-die-linse-der-ranger-digitale-ausstellung-ueber-die-vogelwelt-im-naturpark-dahme-heideseen\/\",\"name\":\"Durch die Linse der Ranger \u2013 Digitale Ausstellung \u00fcber die Vogelwelt im Naturpark Dahme-Heideseen - Naturpark Dahme-Heideseen\",\"isPartOf\":{\"@id\":\"https:\/\/www.naturparkmagazin.de\/dahme-heideseen\/#website\"},\"datePublished\":\"2021-02-14T07:02:03+00:00\",\"dateModified\":\"2021-02-25T12:41:14+00:00\",\"author\":{\"@id\":\"https:\/\/www.naturparkmagazin.de\/dahme-heideseen\/#\/schema\/person\/a0510aafafdf8183c95fc98faf0c9f21\"},\"breadcrumb\":{\"@id\":\"https:\/\/www.naturparkmagazin.de\/dahme-heideseen\/durch-die-linse-der-ranger-digitale-ausstellung-ueber-die-vogelwelt-im-naturpark-dahme-heideseen\/#breadcrumb\"},\"inLanguage\":\"de\",\"potentialAction\":[{\"@type\":\"ReadAction\",\"target\":[\"https:\/\/www.naturparkmagazin.de\/dahme-heideseen\/durch-die-linse-der-ranger-digitale-ausstellung-ueber-die-vogelwelt-im-naturpark-dahme-heideseen\/\"]}]},{\"@type\":\"BreadcrumbList\",\"@id\":\"https:\/\/www.naturparkmagazin.de\/dahme-heideseen\/durch-die-linse-der-ranger-digitale-ausstellung-ueber-die-vogelwelt-im-naturpark-dahme-heideseen\/#breadcrumb\",\"itemListElement\":[{\"@type\":\"ListItem\",\"position\":1,\"name\":\"Home\",\"item\":\"https:\/\/www.naturparkmagazin.de\/dahme-heideseen\/\"},{\"@type\":\"ListItem\",\"position\":2,\"name\":\"Durch die Linse der Ranger \u2013 Digitale Ausstellung \u00fcber die Vogelwelt im Naturpark Dahme-Heideseen\"}]},{\"@type\":\"WebSite\",\"@id\":\"https:\/\/www.naturparkmagazin.de\/dahme-heideseen\/#website\",\"url\":\"https:\/\/www.naturparkmagazin.de\/dahme-heideseen\/\",\"name\":\"Naturpark Dahme-Heideseen\",\"description\":\"\",\"potentialAction\":[{\"@type\":\"SearchAction\",\"target\":{\"@type\":\"EntryPoint\",\"urlTemplate\":\"https:\/\/www.naturparkmagazin.de\/dahme-heideseen\/?s={search_term_string}\"},\"query-input\":\"required name=search_term_string\"}],\"inLanguage\":\"de\"},{\"@type\":\"Person\",\"@id\":\"https:\/\/www.naturparkmagazin.de\/dahme-heideseen\/#\/schema\/person\/a0510aafafdf8183c95fc98faf0c9f21\",\"name\":\"Astrid Osenbr\u00fcck\",\"sameAs\":[\"http:\/\/www.dahme-heideseen-naturpark.de\"],\"url\":\"https:\/\/www.naturparkmagazin.de\/dahme-heideseen\/author\/astridosenbrueck\/\"}]}<\/script>\n<!-- \/ Yoast SEO plugin. -->","yoast_head_json":{"title":"Durch die Linse der Ranger \u2013 Digitale Ausstellung \u00fcber die Vogelwelt im Naturpark Dahme-Heideseen - Naturpark Dahme-Heideseen","robots":{"index":"index","follow":"follow","max-snippet":"max-snippet:-1","max-image-preview":"max-image-preview:large","max-video-preview":"max-video-preview:-1"},"canonical":"https:\/\/www.naturparkmagazin.de\/dahme-heideseen\/durch-die-linse-der-ranger-digitale-ausstellung-ueber-die-vogelwelt-im-naturpark-dahme-heideseen\/","og_locale":"de_DE","og_type":"article","og_title":"Durch die Linse der Ranger \u2013 Digitale Ausstellung \u00fcber die Vogelwelt im Naturpark Dahme-Heideseen - Naturpark Dahme-Heideseen","og_description":"Die urspr\u00fcnglich f\u00fcr die VHS Dahme-Spreewald geplante Ausstellung \u201eDurch die Linse der Ranger\u201c ist nun digital auf der Internetseite des Naturparks Dahme-Heideseen zu finden.","og_url":"https:\/\/www.naturparkmagazin.de\/dahme-heideseen\/durch-die-linse-der-ranger-digitale-ausstellung-ueber-die-vogelwelt-im-naturpark-dahme-heideseen\/","og_site_name":"Naturpark Dahme-Heideseen","article_published_time":"2021-02-14T07:02:03+00:00","article_modified_time":"2021-02-25T12:41:14+00:00","og_image":[{"width":939,"height":716,"url":"https:\/\/www.naturparkmagazin.de\/dahme-heideseen\/wp-content\/uploads\/sites\/37\/\u201cDurch-die-Linse-der-Ranger\u201d.jpg","type":"image\/jpeg"}],"author":"Astrid Osenbr\u00fcck","twitter_misc":{"Verfasst von":"Astrid Osenbr\u00fcck","Gesch\u00e4tzte Lesezeit":"1\u00a0Minute"},"schema":{"@context":"https:\/\/schema.org","@graph":[{"@type":"WebPage","@id":"https:\/\/www.naturparkmagazin.de\/dahme-heideseen\/durch-die-linse-der-ranger-digitale-ausstellung-ueber-die-vogelwelt-im-naturpark-dahme-heideseen\/","url":"https:\/\/www.naturparkmagazin.de\/dahme-heideseen\/durch-die-linse-der-ranger-digitale-ausstellung-ueber-die-vogelwelt-im-naturpark-dahme-heideseen\/","name":"Durch die Linse der Ranger \u2013 Digitale Ausstellung \u00fcber die Vogelwelt im Naturpark Dahme-Heideseen - Naturpark Dahme-Heideseen","isPartOf":{"@id":"https:\/\/www.naturparkmagazin.de\/dahme-heideseen\/#website"},"datePublished":"2021-02-14T07:02:03+00:00","dateModified":"2021-02-25T12:41:14+00:00","author":{"@id":"https:\/\/www.naturparkmagazin.de\/dahme-heideseen\/#\/schema\/person\/a0510aafafdf8183c95fc98faf0c9f21"},"breadcrumb":{"@id":"https:\/\/www.naturparkmagazin.de\/dahme-heideseen\/durch-die-linse-der-ranger-digitale-ausstellung-ueber-die-vogelwelt-im-naturpark-dahme-heideseen\/#breadcrumb"},"inLanguage":"de","potentialAction":[{"@type":"ReadAction","target":["https:\/\/www.naturparkmagazin.de\/dahme-heideseen\/durch-die-linse-der-ranger-digitale-ausstellung-ueber-die-vogelwelt-im-naturpark-dahme-heideseen\/"]}]},{"@type":"BreadcrumbList","@id":"https:\/\/www.naturparkmagazin.de\/dahme-heideseen\/durch-die-linse-der-ranger-digitale-ausstellung-ueber-die-vogelwelt-im-naturpark-dahme-heideseen\/#breadcrumb","itemListElement":[{"@type":"ListItem","position":1,"name":"Home","item":"https:\/\/www.naturparkmagazin.de\/dahme-heideseen\/"},{"@type":"ListItem","position":2,"name":"Durch die Linse der Ranger \u2013 Digitale Ausstellung \u00fcber die Vogelwelt im Naturpark Dahme-Heideseen"}]},{"@type":"WebSite","@id":"https:\/\/www.naturparkmagazin.de\/dahme-heideseen\/#website","url":"https:\/\/www.naturparkmagazin.de\/dahme-heideseen\/","name":"Naturpark Dahme-Heideseen","description":"","potentialAction":[{"@type":"SearchAction","target":{"@type":"EntryPoint","urlTemplate":"https:\/\/www.naturparkmagazin.de\/dahme-heideseen\/?s={search_term_string}"},"query-input":"required name=search_term_string"}],"inLanguage":"de"},{"@type":"Person","@id":"https:\/\/www.naturparkmagazin.de\/dahme-heideseen\/#\/schema\/person\/a0510aafafdf8183c95fc98faf0c9f21","name":"Astrid Osenbr\u00fcck","sameAs":["http:\/\/www.dahme-heideseen-naturpark.de"],"url":"https:\/\/www.naturparkmagazin.de\/dahme-heideseen\/author\/astridosenbrueck\/"}]}},"_links":{"self":[{"href":"https:\/\/www.naturparkmagazin.de\/dahme-heideseen\/wp-json\/wp\/v2\/posts\/3594"}],"collection":[{"href":"https:\/\/www.naturparkmagazin.de\/dahme-heideseen\/wp-json\/wp\/v2\/posts"}],"about":[{"href":"https:\/\/www.naturparkmagazin.de\/dahme-heideseen\/wp-json\/wp\/v2\/types\/post"}],"author":[{"embeddable":true,"href":"https:\/\/www.naturparkmagazin.de\/dahme-heideseen\/wp-json\/wp\/v2\/users\/83"}],"replies":[{"embeddable":true,"href":"https:\/\/www.naturparkmagazin.de\/dahme-heideseen\/wp-json\/wp\/v2\/comments?post=3594"}],"version-history":[{"count":3,"href":"https:\/\/www.naturparkmagazin.de\/dahme-heideseen\/wp-json\/wp\/v2\/posts\/3594\/revisions"}],"predecessor-version":[{"id":3615,"href":"https:\/\/www.naturparkmagazin.de\/dahme-heideseen\/wp-json\/wp\/v2\/posts\/3594\/revisions\/3615"}],"wp:featuredmedia":[{"embeddable":true,"href":"https:\/\/www.naturparkmagazin.de\/dahme-heideseen\/wp-json\/wp\/v2\/media\/3595"}],"wp:attachment":[{"href":"https:\/\/www.naturparkmagazin.de\/dahme-heideseen\/wp-json\/wp\/v2\/media?parent=3594"}],"wp:term":[{"taxonomy":"category","embeddable":true,"href":"https:\/\/www.naturparkmagazin.de\/dahme-heideseen\/wp-json\/wp\/v2\/categories?post=3594"},{"taxonomy":"post_tag","embeddable":true,"href":"https:\/\/www.naturparkmagazin.de\/dahme-heideseen\/wp-json\/wp\/v2\/tags?post=3594"}],"curies":[{"name":"wp","href":"https:\/\/api.w.org\/{rel}","templated":true}]}}