{"id":3598,"date":"2021-02-15T14:08:57","date_gmt":"2021-02-15T13:08:57","guid":{"rendered":"https:\/\/www.naturparkmagazin.de\/dahme-heideseen\/?p=3598"},"modified":"2021-02-25T13:29:42","modified_gmt":"2021-02-25T12:29:42","slug":"studie-bodenkundliche-fachbegleitung-fuer-das-biz-des-naturparks-dahme-heideseen","status":"publish","type":"post","link":"https:\/\/www.naturparkmagazin.de\/dahme-heideseen\/studie-bodenkundliche-fachbegleitung-fuer-das-biz-des-naturparks-dahme-heideseen\/","title":{"rendered":"Studie \u201eBodenkundliche Fachbegleitung f\u00fcr das BIZ des Naturparks Dahme-Heideseen\u201c"},"content":{"rendered":"<p>\u201e<strong>Lieblingsecken im Naturpark Dahnme-Heideseen<\/strong>\u201c sind ein Thema einer neuen Ausstellung auf der Burg Storkow, die voraussichtlich Ende April 2021 er\u00f6ffnet wird. Die Hochschule f\u00fcr Nachhaltige Entwicklung Eberswalde hat daf\u00fcr im Zeitraum von Oktober 2020 bis Februar 2021 eine <strong>Studie zu Bodenprofilen in den verschiedenen f\u00fcr den Naturpark charakteristischen Biotopen<\/strong> erstellt. Damit sollten exemplarisch die B\u00f6den des Naturparks in einem Spektrum von \u201eganz trocken bis ganz nass\u201c wissenschaftlich angesprochen und anschaulich dargestellt werden. Die meisten Bodenprofile befinden sich in der N\u00e4he f\u00fcr Besucher des Naturparks begehbarer Wanderwege. Diese werden im Rahmen verschiedener Touren, wie beispielsweise der Ton-Tour oder der Humus-Tour derzeit vom Besucher-Informations-Zentrum (BIZ) der Burg Storkow bearbeitet.<\/p>\n<p>Anhand einer ausf\u00fchrlichen Gebietsbegehung, unterst\u00fctzt durch den ehemaligen Naturpark-Leiter Herrn Heyne und Herrn Mertke, Leiter der Naturwacht Dahme-Heideseen, sowie der Konsultation verschiedenster Kartenwerke und dem Verlauf der Substrat-Touren des BIZ wurden f\u00fcr <strong>f\u00fcnf Lebensraumtypen<\/strong> folgende <strong>Grabungsort<\/strong>e festgelegt:<\/p>\n<ul>\n<li>Binnend\u00fcne Walterberge f\u00fcr Binnend\u00fcne\/Sandtrockenrasen<\/li>\n<li>Bugker Sahara f\u00fcr Flechten-Kiefernwald, Dubrow f\u00fcr Eichenmischwald<\/li>\n<li>Salzweg bei Philadelphia f\u00fcr Salzwiese\/(Feuchtwiese)<\/li>\n<li>und Woppusch Halbinsel bei den Gro\u00df Schauener Seen f\u00fcr Erlenbruch\/(Moor).<\/li>\n<\/ul>\n<p>Die Profile wurden anhand einer methodischen Vorgehensweise als Sch\u00fcrfgruben angelegt, im Gel\u00e4nde angesprochen und beprobt. Die mitgenommenen Proben wurden anschlie\u00dfend im Labor der Hochschule zu verschiedenen Kriterien, wie beispielsweise Korngr\u00f6\u00dfe oder Carbonatgehalt, methodisch beprobt, um genauere Kenntnisse \u00fcber die Beschaffenheit der B\u00f6den zu gewinnen.<\/p>\n<div id=\"attachment_3599\" style=\"width: 630px\" class=\"wp-caption alignnone\"><a href=\"https:\/\/www.naturparkmagazin.de\/dahme-heideseen\/wp-content\/uploads\/sites\/37\/Bodenprofile_1.jpg\"><img aria-describedby=\"caption-attachment-3599\" decoding=\"async\" loading=\"lazy\" class=\"wp-image-3599 size-medium\" src=\"https:\/\/www.naturparkmagazin.de\/dahme-heideseen\/wp-content\/uploads\/sites\/37\/Bodenprofile_1-620x414.jpg\" alt=\"\u00a9 Smilla Todt, HNEE\" width=\"620\" height=\"414\" srcset=\"https:\/\/www.naturparkmagazin.de\/dahme-heideseen\/wp-content\/uploads\/sites\/37\/Bodenprofile_1-620x414.jpg 620w, https:\/\/www.naturparkmagazin.de\/dahme-heideseen\/wp-content\/uploads\/sites\/37\/Bodenprofile_1-300x200.jpg 300w, https:\/\/www.naturparkmagazin.de\/dahme-heideseen\/wp-content\/uploads\/sites\/37\/Bodenprofile_1-940x627.jpg 940w, https:\/\/www.naturparkmagazin.de\/dahme-heideseen\/wp-content\/uploads\/sites\/37\/Bodenprofile_1-670x447.jpg 670w, https:\/\/www.naturparkmagazin.de\/dahme-heideseen\/wp-content\/uploads\/sites\/37\/Bodenprofile_1-200x133.jpg 200w, https:\/\/www.naturparkmagazin.de\/dahme-heideseen\/wp-content\/uploads\/sites\/37\/Bodenprofile_1.jpg 1452w\" sizes=\"(max-width: 620px) 100vw, 620px\" \/><\/a><p id=\"caption-attachment-3599\" class=\"wp-caption-text\">\u00a9 Smilla Todt, HNEE<\/p><\/div>\n<p>&nbsp;<\/p>\n<div id=\"attachment_3600\" style=\"width: 293px\" class=\"wp-caption alignnone\"><a href=\"https:\/\/www.naturparkmagazin.de\/dahme-heideseen\/wp-content\/uploads\/sites\/37\/Bodenprofile_2.jpg\"><img aria-describedby=\"caption-attachment-3600\" decoding=\"async\" loading=\"lazy\" class=\" wp-image-3600\" src=\"https:\/\/www.naturparkmagazin.de\/dahme-heideseen\/wp-content\/uploads\/sites\/37\/Bodenprofile_2-620x930.jpg\" alt=\"\u00a9 Smilla Todt, HNEE\" width=\"283\" height=\"425\" srcset=\"https:\/\/www.naturparkmagazin.de\/dahme-heideseen\/wp-content\/uploads\/sites\/37\/Bodenprofile_2-620x930.jpg 620w, https:\/\/www.naturparkmagazin.de\/dahme-heideseen\/wp-content\/uploads\/sites\/37\/Bodenprofile_2-300x450.jpg 300w, https:\/\/www.naturparkmagazin.de\/dahme-heideseen\/wp-content\/uploads\/sites\/37\/Bodenprofile_2-940x1410.jpg 940w, https:\/\/www.naturparkmagazin.de\/dahme-heideseen\/wp-content\/uploads\/sites\/37\/Bodenprofile_2-670x1005.jpg 670w, https:\/\/www.naturparkmagazin.de\/dahme-heideseen\/wp-content\/uploads\/sites\/37\/Bodenprofile_2-200x300.jpg 200w, https:\/\/www.naturparkmagazin.de\/dahme-heideseen\/wp-content\/uploads\/sites\/37\/Bodenprofile_2.jpg 1037w\" sizes=\"(max-width: 283px) 100vw, 283px\" \/><\/a><p id=\"caption-attachment-3600\" class=\"wp-caption-text\">\u00a9 Smilla Todt, HNEE<\/p><\/div>\n<div id=\"attachment_3603\" style=\"width: 293px\" class=\"wp-caption alignnone\"><a href=\"https:\/\/www.naturparkmagazin.de\/dahme-heideseen\/wp-content\/uploads\/sites\/37\/Ma\u00dfstab_Salzwiese.jpg\"><img aria-describedby=\"caption-attachment-3603\" decoding=\"async\" loading=\"lazy\" class=\" wp-image-3603\" src=\"https:\/\/www.naturparkmagazin.de\/dahme-heideseen\/wp-content\/uploads\/sites\/37\/Ma\u00dfstab_Salzwiese-620x854.jpg\" alt=\"\u00a9 Smilla Todt, HNEE\" width=\"283\" height=\"389\" srcset=\"https:\/\/www.naturparkmagazin.de\/dahme-heideseen\/wp-content\/uploads\/sites\/37\/Ma\u00dfstab_Salzwiese-620x854.jpg 620w, https:\/\/www.naturparkmagazin.de\/dahme-heideseen\/wp-content\/uploads\/sites\/37\/Ma\u00dfstab_Salzwiese-300x413.jpg 300w, https:\/\/www.naturparkmagazin.de\/dahme-heideseen\/wp-content\/uploads\/sites\/37\/Ma\u00dfstab_Salzwiese-670x923.jpg 670w, https:\/\/www.naturparkmagazin.de\/dahme-heideseen\/wp-content\/uploads\/sites\/37\/Ma\u00dfstab_Salzwiese-200x275.jpg 200w, https:\/\/www.naturparkmagazin.de\/dahme-heideseen\/wp-content\/uploads\/sites\/37\/Ma\u00dfstab_Salzwiese.jpg 732w\" sizes=\"(max-width: 283px) 100vw, 283px\" \/><\/a><p id=\"caption-attachment-3603\" class=\"wp-caption-text\">\u00a9 Smilla Todt, HNEE<\/p><\/div>\n<p>Im Ergebnis konnten folgende Bodentypen auf folgenden <strong>Bodensubstrattypen<\/strong> festgestellt werden:<\/p>\n<ul>\n<li>Binnend\u00fcne Waltersberge, Syrosem \u00fcber Regosol \u00fcber tiefer Braunerde auf D\u00fcnensanden;<\/li>\n<li>Flechten- Kiefernwald bei Bugker Sahara, Braunerde auf periglazialen Sanden \u00fcber glazifluvialen Sanden;<\/li>\n<li>Eichenmischwald Dubrow, Fahlerde-Braunerde auf Geschiebedecksand \u00fcber Geschiebelehm;<\/li>\n<li>Salzwiese bei Philadelphia, Erdniedermoor auf Torf \u00fcber Seekreide<\/li>\n<li>und Erlenbruch Woppusch Halbinsel, Moorgley auf Torf \u00fcber Seesand.<\/li>\n<\/ul>\n<div id=\"attachment_3601\" style=\"width: 462px\" class=\"wp-caption alignnone\"><a href=\"https:\/\/www.naturparkmagazin.de\/dahme-heideseen\/wp-content\/uploads\/sites\/37\/Bodenprofile_3.jpg\"><img aria-describedby=\"caption-attachment-3601\" decoding=\"async\" loading=\"lazy\" class=\" wp-image-3601\" src=\"https:\/\/www.naturparkmagazin.de\/dahme-heideseen\/wp-content\/uploads\/sites\/37\/Bodenprofile_3-620x465.jpg\" alt=\"\u00a9 Smilla Todt, HNEE\" width=\"452\" height=\"339\" srcset=\"https:\/\/www.naturparkmagazin.de\/dahme-heideseen\/wp-content\/uploads\/sites\/37\/Bodenprofile_3-620x465.jpg 620w, https:\/\/www.naturparkmagazin.de\/dahme-heideseen\/wp-content\/uploads\/sites\/37\/Bodenprofile_3-300x225.jpg 300w, https:\/\/www.naturparkmagazin.de\/dahme-heideseen\/wp-content\/uploads\/sites\/37\/Bodenprofile_3-940x705.jpg 940w, https:\/\/www.naturparkmagazin.de\/dahme-heideseen\/wp-content\/uploads\/sites\/37\/Bodenprofile_3-580x435.jpg 580w, https:\/\/www.naturparkmagazin.de\/dahme-heideseen\/wp-content\/uploads\/sites\/37\/Bodenprofile_3-420x315.jpg 420w, https:\/\/www.naturparkmagazin.de\/dahme-heideseen\/wp-content\/uploads\/sites\/37\/Bodenprofile_3-180x135.jpg 180w, https:\/\/www.naturparkmagazin.de\/dahme-heideseen\/wp-content\/uploads\/sites\/37\/Bodenprofile_3-95x71.jpg 95w, https:\/\/www.naturparkmagazin.de\/dahme-heideseen\/wp-content\/uploads\/sites\/37\/Bodenprofile_3-670x503.jpg 670w, https:\/\/www.naturparkmagazin.de\/dahme-heideseen\/wp-content\/uploads\/sites\/37\/Bodenprofile_3-200x150.jpg 200w, https:\/\/www.naturparkmagazin.de\/dahme-heideseen\/wp-content\/uploads\/sites\/37\/Bodenprofile_3.jpg 1280w\" sizes=\"(max-width: 452px) 100vw, 452px\" \/><\/a><p id=\"caption-attachment-3601\" class=\"wp-caption-text\">\u00a9 Smilla Todt, HNEE<\/p><\/div>\n<div id=\"attachment_3602\" style=\"width: 264px\" class=\"wp-caption alignnone\"><a href=\"https:\/\/www.naturparkmagazin.de\/dahme-heideseen\/wp-content\/uploads\/sites\/37\/Bodenprofile_4.jpg\"><img aria-describedby=\"caption-attachment-3602\" decoding=\"async\" loading=\"lazy\" class=\" wp-image-3602\" src=\"https:\/\/www.naturparkmagazin.de\/dahme-heideseen\/wp-content\/uploads\/sites\/37\/Bodenprofile_4-620x827.jpg\" alt=\"\u00a9 Smilla Todt, HNEE\" width=\"254\" height=\"339\" srcset=\"https:\/\/www.naturparkmagazin.de\/dahme-heideseen\/wp-content\/uploads\/sites\/37\/Bodenprofile_4-620x827.jpg 620w, https:\/\/www.naturparkmagazin.de\/dahme-heideseen\/wp-content\/uploads\/sites\/37\/Bodenprofile_4-300x400.jpg 300w, https:\/\/www.naturparkmagazin.de\/dahme-heideseen\/wp-content\/uploads\/sites\/37\/Bodenprofile_4-940x1253.jpg 940w, https:\/\/www.naturparkmagazin.de\/dahme-heideseen\/wp-content\/uploads\/sites\/37\/Bodenprofile_4-500x667.jpg 500w, https:\/\/www.naturparkmagazin.de\/dahme-heideseen\/wp-content\/uploads\/sites\/37\/Bodenprofile_4-420x560.jpg 420w, https:\/\/www.naturparkmagazin.de\/dahme-heideseen\/wp-content\/uploads\/sites\/37\/Bodenprofile_4-135x180.jpg 135w, https:\/\/www.naturparkmagazin.de\/dahme-heideseen\/wp-content\/uploads\/sites\/37\/Bodenprofile_4-53x71.jpg 53w, https:\/\/www.naturparkmagazin.de\/dahme-heideseen\/wp-content\/uploads\/sites\/37\/Bodenprofile_4-670x893.jpg 670w, https:\/\/www.naturparkmagazin.de\/dahme-heideseen\/wp-content\/uploads\/sites\/37\/Bodenprofile_4-200x267.jpg 200w, https:\/\/www.naturparkmagazin.de\/dahme-heideseen\/wp-content\/uploads\/sites\/37\/Bodenprofile_4.jpg 960w\" sizes=\"(max-width: 254px) 100vw, 254px\" \/><\/a><p id=\"caption-attachment-3602\" class=\"wp-caption-text\">\u00a9 Smilla Todt, HNEE<\/p><\/div>\n<p>Die ausgearbeiteten Ergebnisanalysen werden momentan, zusammen mit erarbeiteten Informationen zur eiszeitlichen Entwicklung im Naturpark, in einem Projektbericht dargestellt. Sobald die Bodenprofile der Lieblingsecken im Naturpark Dahme-Heideseen in der neuen Ausstellung auf der Burg Storkow entdeckt werden k\u00f6nnen, erfahren Sie es in unserem Newsletter.<\/p>\n","protected":false},"excerpt":{"rendered":"<p>\u201eLieblingsecken im Naturpark Dahnme-Heideseen\u201c sind ein Thema einer neuen Ausstellung auf der Burg Storkow, die voraussichtlich Ende April 2021 er\u00f6ffnet wird.<\/p>\n","protected":false},"author":83,"featured_media":3603,"comment_status":"open","ping_status":"open","sticky":false,"template":"","format":"standard","meta":[],"categories":[7],"tags":[],"yoast_head":"<!-- This site is optimized with the Yoast SEO plugin v19.10 - https:\/\/yoast.com\/wordpress\/plugins\/seo\/ -->\n<title>Studie \u201eBodenkundliche Fachbegleitung f\u00fcr das BIZ des Naturparks Dahme-Heideseen\u201c - Naturpark Dahme-Heideseen<\/title>\n<meta name=\"robots\" content=\"index, follow, max-snippet:-1, max-image-preview:large, max-video-preview:-1\" \/>\n<link rel=\"canonical\" href=\"https:\/\/www.naturparkmagazin.de\/dahme-heideseen\/studie-bodenkundliche-fachbegleitung-fuer-das-biz-des-naturparks-dahme-heideseen\/\" \/>\n<meta property=\"og:locale\" content=\"de_DE\" \/>\n<meta property=\"og:type\" content=\"article\" \/>\n<meta property=\"og:title\" content=\"Studie \u201eBodenkundliche Fachbegleitung f\u00fcr das BIZ des Naturparks Dahme-Heideseen\u201c - Naturpark Dahme-Heideseen\" \/>\n<meta property=\"og:description\" content=\"\u201eLieblingsecken im Naturpark Dahnme-Heideseen\u201c sind ein Thema einer neuen Ausstellung auf der Burg Storkow, die voraussichtlich Ende April 2021 er\u00f6ffnet wird.\" \/>\n<meta property=\"og:url\" content=\"https:\/\/www.naturparkmagazin.de\/dahme-heideseen\/studie-bodenkundliche-fachbegleitung-fuer-das-biz-des-naturparks-dahme-heideseen\/\" \/>\n<meta property=\"og:site_name\" content=\"Naturpark Dahme-Heideseen\" \/>\n<meta property=\"article:published_time\" content=\"2021-02-15T13:08:57+00:00\" \/>\n<meta property=\"article:modified_time\" content=\"2021-02-25T12:29:42+00:00\" \/>\n<meta property=\"og:image\" content=\"https:\/\/www.naturparkmagazin.de\/dahme-heideseen\/wp-content\/uploads\/sites\/37\/Ma\u00dfstab_Salzwiese.jpg\" \/>\n\t<meta property=\"og:image:width\" content=\"732\" \/>\n\t<meta property=\"og:image:height\" content=\"1008\" \/>\n\t<meta property=\"og:image:type\" content=\"image\/jpeg\" \/>\n<meta name=\"author\" content=\"Astrid Osenbr\u00fcck\" \/>\n<meta name=\"twitter:label1\" content=\"Verfasst von\" \/>\n\t<meta name=\"twitter:data1\" content=\"Astrid Osenbr\u00fcck\" \/>\n\t<meta name=\"twitter:label2\" content=\"Gesch\u00e4tzte Lesezeit\" \/>\n\t<meta name=\"twitter:data2\" content=\"2\u00a0Minuten\" \/>\n<script type=\"application\/ld+json\" class=\"yoast-schema-graph\">{\"@context\":\"https:\/\/schema.org\",\"@graph\":[{\"@type\":\"WebPage\",\"@id\":\"https:\/\/www.naturparkmagazin.de\/dahme-heideseen\/studie-bodenkundliche-fachbegleitung-fuer-das-biz-des-naturparks-dahme-heideseen\/\",\"url\":\"https:\/\/www.naturparkmagazin.de\/dahme-heideseen\/studie-bodenkundliche-fachbegleitung-fuer-das-biz-des-naturparks-dahme-heideseen\/\",\"name\":\"Studie \u201eBodenkundliche Fachbegleitung f\u00fcr das BIZ des Naturparks Dahme-Heideseen\u201c - Naturpark Dahme-Heideseen\",\"isPartOf\":{\"@id\":\"https:\/\/www.naturparkmagazin.de\/dahme-heideseen\/#website\"},\"datePublished\":\"2021-02-15T13:08:57+00:00\",\"dateModified\":\"2021-02-25T12:29:42+00:00\",\"author\":{\"@id\":\"https:\/\/www.naturparkmagazin.de\/dahme-heideseen\/#\/schema\/person\/a0510aafafdf8183c95fc98faf0c9f21\"},\"breadcrumb\":{\"@id\":\"https:\/\/www.naturparkmagazin.de\/dahme-heideseen\/studie-bodenkundliche-fachbegleitung-fuer-das-biz-des-naturparks-dahme-heideseen\/#breadcrumb\"},\"inLanguage\":\"de\",\"potentialAction\":[{\"@type\":\"ReadAction\",\"target\":[\"https:\/\/www.naturparkmagazin.de\/dahme-heideseen\/studie-bodenkundliche-fachbegleitung-fuer-das-biz-des-naturparks-dahme-heideseen\/\"]}]},{\"@type\":\"BreadcrumbList\",\"@id\":\"https:\/\/www.naturparkmagazin.de\/dahme-heideseen\/studie-bodenkundliche-fachbegleitung-fuer-das-biz-des-naturparks-dahme-heideseen\/#breadcrumb\",\"itemListElement\":[{\"@type\":\"ListItem\",\"position\":1,\"name\":\"Home\",\"item\":\"https:\/\/www.naturparkmagazin.de\/dahme-heideseen\/\"},{\"@type\":\"ListItem\",\"position\":2,\"name\":\"Studie \u201eBodenkundliche Fachbegleitung f\u00fcr das BIZ des Naturparks Dahme-Heideseen\u201c\"}]},{\"@type\":\"WebSite\",\"@id\":\"https:\/\/www.naturparkmagazin.de\/dahme-heideseen\/#website\",\"url\":\"https:\/\/www.naturparkmagazin.de\/dahme-heideseen\/\",\"name\":\"Naturpark Dahme-Heideseen\",\"description\":\"\",\"potentialAction\":[{\"@type\":\"SearchAction\",\"target\":{\"@type\":\"EntryPoint\",\"urlTemplate\":\"https:\/\/www.naturparkmagazin.de\/dahme-heideseen\/?s={search_term_string}\"},\"query-input\":\"required name=search_term_string\"}],\"inLanguage\":\"de\"},{\"@type\":\"Person\",\"@id\":\"https:\/\/www.naturparkmagazin.de\/dahme-heideseen\/#\/schema\/person\/a0510aafafdf8183c95fc98faf0c9f21\",\"name\":\"Astrid Osenbr\u00fcck\",\"sameAs\":[\"http:\/\/www.dahme-heideseen-naturpark.de\"],\"url\":\"https:\/\/www.naturparkmagazin.de\/dahme-heideseen\/author\/astridosenbrueck\/\"}]}<\/script>\n<!-- \/ Yoast SEO plugin. -->","yoast_head_json":{"title":"Studie \u201eBodenkundliche Fachbegleitung f\u00fcr das BIZ des Naturparks Dahme-Heideseen\u201c - Naturpark Dahme-Heideseen","robots":{"index":"index","follow":"follow","max-snippet":"max-snippet:-1","max-image-preview":"max-image-preview:large","max-video-preview":"max-video-preview:-1"},"canonical":"https:\/\/www.naturparkmagazin.de\/dahme-heideseen\/studie-bodenkundliche-fachbegleitung-fuer-das-biz-des-naturparks-dahme-heideseen\/","og_locale":"de_DE","og_type":"article","og_title":"Studie \u201eBodenkundliche Fachbegleitung f\u00fcr das BIZ des Naturparks Dahme-Heideseen\u201c - Naturpark Dahme-Heideseen","og_description":"\u201eLieblingsecken im Naturpark Dahnme-Heideseen\u201c sind ein Thema einer neuen Ausstellung auf der Burg Storkow, die voraussichtlich Ende April 2021 er\u00f6ffnet wird.","og_url":"https:\/\/www.naturparkmagazin.de\/dahme-heideseen\/studie-bodenkundliche-fachbegleitung-fuer-das-biz-des-naturparks-dahme-heideseen\/","og_site_name":"Naturpark Dahme-Heideseen","article_published_time":"2021-02-15T13:08:57+00:00","article_modified_time":"2021-02-25T12:29:42+00:00","og_image":[{"width":732,"height":1008,"url":"https:\/\/www.naturparkmagazin.de\/dahme-heideseen\/wp-content\/uploads\/sites\/37\/Ma\u00dfstab_Salzwiese.jpg","type":"image\/jpeg"}],"author":"Astrid Osenbr\u00fcck","twitter_misc":{"Verfasst von":"Astrid Osenbr\u00fcck","Gesch\u00e4tzte Lesezeit":"2\u00a0Minuten"},"schema":{"@context":"https:\/\/schema.org","@graph":[{"@type":"WebPage","@id":"https:\/\/www.naturparkmagazin.de\/dahme-heideseen\/studie-bodenkundliche-fachbegleitung-fuer-das-biz-des-naturparks-dahme-heideseen\/","url":"https:\/\/www.naturparkmagazin.de\/dahme-heideseen\/studie-bodenkundliche-fachbegleitung-fuer-das-biz-des-naturparks-dahme-heideseen\/","name":"Studie \u201eBodenkundliche Fachbegleitung f\u00fcr das BIZ des Naturparks Dahme-Heideseen\u201c - Naturpark Dahme-Heideseen","isPartOf":{"@id":"https:\/\/www.naturparkmagazin.de\/dahme-heideseen\/#website"},"datePublished":"2021-02-15T13:08:57+00:00","dateModified":"2021-02-25T12:29:42+00:00","author":{"@id":"https:\/\/www.naturparkmagazin.de\/dahme-heideseen\/#\/schema\/person\/a0510aafafdf8183c95fc98faf0c9f21"},"breadcrumb":{"@id":"https:\/\/www.naturparkmagazin.de\/dahme-heideseen\/studie-bodenkundliche-fachbegleitung-fuer-das-biz-des-naturparks-dahme-heideseen\/#breadcrumb"},"inLanguage":"de","potentialAction":[{"@type":"ReadAction","target":["https:\/\/www.naturparkmagazin.de\/dahme-heideseen\/studie-bodenkundliche-fachbegleitung-fuer-das-biz-des-naturparks-dahme-heideseen\/"]}]},{"@type":"BreadcrumbList","@id":"https:\/\/www.naturparkmagazin.de\/dahme-heideseen\/studie-bodenkundliche-fachbegleitung-fuer-das-biz-des-naturparks-dahme-heideseen\/#breadcrumb","itemListElement":[{"@type":"ListItem","position":1,"name":"Home","item":"https:\/\/www.naturparkmagazin.de\/dahme-heideseen\/"},{"@type":"ListItem","position":2,"name":"Studie \u201eBodenkundliche Fachbegleitung f\u00fcr das BIZ des Naturparks Dahme-Heideseen\u201c"}]},{"@type":"WebSite","@id":"https:\/\/www.naturparkmagazin.de\/dahme-heideseen\/#website","url":"https:\/\/www.naturparkmagazin.de\/dahme-heideseen\/","name":"Naturpark Dahme-Heideseen","description":"","potentialAction":[{"@type":"SearchAction","target":{"@type":"EntryPoint","urlTemplate":"https:\/\/www.naturparkmagazin.de\/dahme-heideseen\/?s={search_term_string}"},"query-input":"required name=search_term_string"}],"inLanguage":"de"},{"@type":"Person","@id":"https:\/\/www.naturparkmagazin.de\/dahme-heideseen\/#\/schema\/person\/a0510aafafdf8183c95fc98faf0c9f21","name":"Astrid Osenbr\u00fcck","sameAs":["http:\/\/www.dahme-heideseen-naturpark.de"],"url":"https:\/\/www.naturparkmagazin.de\/dahme-heideseen\/author\/astridosenbrueck\/"}]}},"_links":{"self":[{"href":"https:\/\/www.naturparkmagazin.de\/dahme-heideseen\/wp-json\/wp\/v2\/posts\/3598"}],"collection":[{"href":"https:\/\/www.naturparkmagazin.de\/dahme-heideseen\/wp-json\/wp\/v2\/posts"}],"about":[{"href":"https:\/\/www.naturparkmagazin.de\/dahme-heideseen\/wp-json\/wp\/v2\/types\/post"}],"author":[{"embeddable":true,"href":"https:\/\/www.naturparkmagazin.de\/dahme-heideseen\/wp-json\/wp\/v2\/users\/83"}],"replies":[{"embeddable":true,"href":"https:\/\/www.naturparkmagazin.de\/dahme-heideseen\/wp-json\/wp\/v2\/comments?post=3598"}],"version-history":[{"count":4,"href":"https:\/\/www.naturparkmagazin.de\/dahme-heideseen\/wp-json\/wp\/v2\/posts\/3598\/revisions"}],"predecessor-version":[{"id":3614,"href":"https:\/\/www.naturparkmagazin.de\/dahme-heideseen\/wp-json\/wp\/v2\/posts\/3598\/revisions\/3614"}],"wp:featuredmedia":[{"embeddable":true,"href":"https:\/\/www.naturparkmagazin.de\/dahme-heideseen\/wp-json\/wp\/v2\/media\/3603"}],"wp:attachment":[{"href":"https:\/\/www.naturparkmagazin.de\/dahme-heideseen\/wp-json\/wp\/v2\/media?parent=3598"}],"wp:term":[{"taxonomy":"category","embeddable":true,"href":"https:\/\/www.naturparkmagazin.de\/dahme-heideseen\/wp-json\/wp\/v2\/categories?post=3598"},{"taxonomy":"post_tag","embeddable":true,"href":"https:\/\/www.naturparkmagazin.de\/dahme-heideseen\/wp-json\/wp\/v2\/tags?post=3598"}],"curies":[{"name":"wp","href":"https:\/\/api.w.org\/{rel}","templated":true}]}}