{"id":3633,"date":"2021-03-16T11:14:28","date_gmt":"2021-03-16T10:14:28","guid":{"rendered":"https:\/\/www.naturparkmagazin.de\/dahme-heideseen\/?p=3633"},"modified":"2021-03-22T08:10:04","modified_gmt":"2021-03-22T07:10:04","slug":"promi-des-monats-thomas-mertke","status":"publish","type":"post","link":"https:\/\/www.naturparkmagazin.de\/dahme-heideseen\/promi-des-monats-thomas-mertke\/","title":{"rendered":"Promi des Monats: Thomas Mertke"},"content":{"rendered":"<p>In der Rubrik \u201ePromi des Monats\u201c stellen wir jeden Monat eine\/n Akteur\/in aus dem Naturpark Dahme-Heideseen vor, um die Entwicklung des Naturparks und die Vielfalt der Arbeitsbereiche darzustellen. Diesmal beantwortet <strong>Thomas Mertke, Gebietsleiter der Naturwacht Dahme-Heideseen,<\/strong> unsere Fragen und gibt einen interessanten Einblick in den Arbeitsalltag eines Rangers.<\/p>\n<ol>\n<li>Guten Tag Herr Mertke, vielen Dank, dass Sie sich f\u00fcr ein kurzes Interview Zeit nehmen. Im Dezember 2020 feierten Sie Ihr 30j\u00e4hriges Berufs-Jubil\u00e4um? W\u00fcrden Sie uns verraten, wie Sie zu diesem Berufsbild gekommen sind?<\/li>\n<\/ol>\n<p style=\"padding-left: 30px\">\u00a0\u201eJa, das ist eine lange Zeit. Wo fange ich an? Zu DDR-Zeiten habe ich als Stahlbauschlosser unter anderem Kr\u00e4ne am Laufen gehalten. Dann kam die Wende und neuere Maschinen, somit war mein Berufsbild nicht mehr so gefragt. Es wurde Zeit f\u00fcr eine Umorientierung. Den Bezug zur Natur hatte ich bereits durch meinen Vater, der im Spreewald Orts-Naturschutzbeauftragter und Biologie-Lehrer war. Als die Landesanstalt f\u00fcr Gro\u00dfschutzgebiete im Jahre 1991 50 Ranger f\u00fcr das Biosph\u00e4renreservat Spreewald gesucht hat, habe ich mich einfach beworben. Am 1. Dezember 1991 begann mein Weg als Ranger bei der Naturwacht in Schlepzig. Seit dem 1. Oktober 1997 arbeite ich bei der Naturwacht im Naturpark Dahme-Heideseen in Prieros und leite diese seit 2004.\u201c<\/p>\n<ol start=\"2\">\n<li>Welche Voraussetzungen ben\u00f6tigt man als Ranger?<\/li>\n<\/ol>\n<p style=\"padding-left: 30px\">\u201eDie Anforderungen an dieses Berufsbild haben sich \u00fcber die Jahre stark ver\u00e4ndert. Heute ben\u00f6tigt man daf\u00fcr einen Abschluss als gepr\u00fcfter Natur- und Landschaftspfleger, bestenfalls jedoch ein abgeschlossenes Studium im Bereich Landschaftsnutzung und Naturschutz, Vertiefung Schutzgebietsbetreuung. Die Hochschule f\u00fcr nachhaltige Entwicklung Eberswalde bietet diesen Studiengang seit ein paar Jahren an.<\/p>\n<p style=\"padding-left: 30px\">Ansonsten ist das T\u00e4tigkeitsgebiet eines Rangers sehr vielf\u00e4ltig, was den Beruf ja auch so reizvoll macht. Die weichen Faktoren sind daher zahlreich: ein\/e Bewerber\/in sollte neben den fachlichen Kenntnissen, auch p\u00e4dagogisches Geschick, Kontaktfreude, Neugierde, den Willen stets den Horizont zu erweitern und einen starken Praxisbezug haben.\u201c<\/p>\n<ol start=\"3\">\n<li>Was ist eins Ihrer sch\u00f6nsten Erlebnisse als Ranger?<\/li>\n<\/ol>\n<p style=\"padding-left: 30px\">\u201e<em>(lacht)<\/em> Es gibt so viele sch\u00f6ne Erlebnisse. Zu 90% gehe ich einfach gern zur Arbeit. Ich liebe die Vielseitigkeit meines Berufes. Somit ist das Sch\u00f6nste, das Berufsbild selbst.\u201c<\/p>\n<div id=\"attachment_3649\" style=\"width: 310px\" class=\"wp-caption alignnone\"><a href=\"https:\/\/www.naturparkmagazin.de\/dahme-heideseen\/wp-content\/uploads\/sites\/37\/Thomas.jpg\"><img aria-describedby=\"caption-attachment-3649\" decoding=\"async\" loading=\"lazy\" class=\"wp-image-3649 size-thumbnail\" src=\"https:\/\/www.naturparkmagazin.de\/dahme-heideseen\/wp-content\/uploads\/sites\/37\/Thomas-300x225.jpg\" alt=\"\" width=\"300\" height=\"225\" srcset=\"https:\/\/www.naturparkmagazin.de\/dahme-heideseen\/wp-content\/uploads\/sites\/37\/Thomas-300x225.jpg 300w, https:\/\/www.naturparkmagazin.de\/dahme-heideseen\/wp-content\/uploads\/sites\/37\/Thomas-620x465.jpg 620w, https:\/\/www.naturparkmagazin.de\/dahme-heideseen\/wp-content\/uploads\/sites\/37\/Thomas-940x705.jpg 940w, https:\/\/www.naturparkmagazin.de\/dahme-heideseen\/wp-content\/uploads\/sites\/37\/Thomas-580x435.jpg 580w, https:\/\/www.naturparkmagazin.de\/dahme-heideseen\/wp-content\/uploads\/sites\/37\/Thomas-420x315.jpg 420w, https:\/\/www.naturparkmagazin.de\/dahme-heideseen\/wp-content\/uploads\/sites\/37\/Thomas-180x135.jpg 180w, https:\/\/www.naturparkmagazin.de\/dahme-heideseen\/wp-content\/uploads\/sites\/37\/Thomas-95x71.jpg 95w, https:\/\/www.naturparkmagazin.de\/dahme-heideseen\/wp-content\/uploads\/sites\/37\/Thomas-670x503.jpg 670w, https:\/\/www.naturparkmagazin.de\/dahme-heideseen\/wp-content\/uploads\/sites\/37\/Thomas-200x150.jpg 200w, https:\/\/www.naturparkmagazin.de\/dahme-heideseen\/wp-content\/uploads\/sites\/37\/Thomas.jpg 1200w\" sizes=\"(max-width: 300px) 100vw, 300px\" \/><\/a><p id=\"caption-attachment-3649\" class=\"wp-caption-text\">Ranger Thomas Mertke misst den Salzgehalt in den Luchwiesen Philadelphia (\u00a9 Naturwacht Dahme-Heideseen)<\/p><\/div>\n<ol start=\"4\">\n<li>An welche skurrilen Erlebnisse erinnern Sie sich als Ranger?<\/li>\n<\/ol>\n<p style=\"padding-left: 30px\">\u201eGerade zu Anfangszeiten gab es wenig Akzeptanz \/ Ansehen f\u00fcr unseren Beruf.<\/p>\n<p style=\"padding-left: 30px\">Ich erinnere mich zum Beispiel an Naturschutzgebiet-Schilder, die einen Tag, nachdem ich sie aufgestellt hatte, alle wieder abges\u00e4gt wurden. Oder einen Landwirt, der bei einem ersten Treffen aus Angst vor Ver\u00e4nderungen durch neue Naturschutz-Vorschriften, w\u00fctend die Mistgabel einen Meter neben mir in den Acker gerammt hat. Das war manchmal schon skurril und es hat viel Fingerspitzengef\u00fchl und Kommunikation gebraucht, um die Zusammenarbeit produktiv zu gestalten.<\/p>\n<p style=\"padding-left: 30px\">Erst im Laufe der Jahre haben wir das Ansehen der Gro\u00dfschutzgebiete durch Umweltbildungsangebote, Freiwilligen-Arbeit und Zusammenarbeit mit Partnern aufgebaut bzw. gest\u00e4rkt.\u201c<\/p>\n<ol start=\"5\">\n<li>Wie halten Sie ihr Wissen auf dem neuesten Stand?<\/li>\n<\/ol>\n<p style=\"padding-left: 30px\">\u201eIch lese sehr viel, schaue wissenschaftliche Sendungen, f\u00fchre viele Gespr\u00e4che mit Akteuren aus dem Naturpark und besuche regelm\u00e4\u00dfig Weiterbildungs-Veranstaltungen. Die Erfahrungen, die ich in meiner t\u00e4glichen Praxis mache, verarbeite ich dann in der \u00d6ffentlichkeitsarbeit. Ja, ich denke, viel Eigen-Interesse und Selbst-Studium sind bei den rasanten Ver\u00e4nderungen unserer Umwelt sehr wichtig.\u201c<\/p>\n<ol start=\"6\">\n<li>Wenn Sie als Ranger unseren Kindern eine Sache mitgeben k\u00f6nnten, was w\u00e4re dies?<\/li>\n<\/ol>\n<p style=\"padding-left: 30px\">\u201e<em>(schmunzelt)<\/em> Ich w\u00fcrde ihnen eher etwas wegnehmen, n\u00e4mlich die zahlreichen elektronischen Spiele. Daf\u00fcr w\u00fcrde ich die Kinder lieber rausschicken, damit sie bei jedem Wetter (!) die Natur mit allen Sinnen erleben. Meine schlimmste Kindheitsstrafe war damals Stubenarrest. Manchmal habe ich den Eindruck, dass es heute das Gegenteil ist.\u201c<\/p>\n<ol start=\"7\">\n<li>Was macht den NATURPARK ihrer Meinung nach so besonders?<\/li>\n<\/ol>\n<p style=\"padding-left: 30px\">\u201eDer Slogan \u201eStreusandb\u00fcchse voller Edelsteine\u201c sagt es eigentlich schon aus. Ich sch\u00e4tze die Artenvielfalt und das gro\u00dfe Spektrum an Lebensr\u00e4umen. Demn\u00e4chst gibt es ja auf der Burg Storkow eine Ausstellung zum Thema \u201eLieblingsecken\u201c und deren B\u00f6den. Der Naturpark Dahme-Heideseen ist nicht so zersiedelt und hat eine gute Angebotsvielfalt (<em>zum Beispiel das BIZ der Burg Storkow, KiEZe und deren Umweltbildungsangebote<\/em>). Nachdem ich damals vom Biosph\u00e4renreservat Spreewald zum Naturpark Dahme-Heideseen gewechselt bin, habe ich zu den ehemaligen Kollegen gesagt \u201eIch komme nicht zur\u00fcck, gegen die Vielfalt im Naturpark ist bei euch nur eine monotone Feuchtlandschaft!\u201c (<em>lacht<\/em>)\u201c<\/p>\n<ol start=\"8\">\n<li>Welche Entwicklung w\u00fcrden Sie sich f\u00fcr den Naturpark w\u00fcnschen?<\/li>\n<\/ol>\n<p style=\"padding-left: 30px\">\u201eIch w\u00fcnsche dem Naturpark, dass es eine Woche lang richtig regnet, damit Wasser in die Landschaft kommt. (<em>lacht<\/em>)<\/p>\n<p style=\"padding-left: 30px\">Es w\u00e4re sch\u00f6n, wenn wir die Natur noch erlebbarer machen. Die Menschen sollen verstehen, welchen Schatz sie vor der Haust\u00fcr haben. Die Natur, mit ihrer Vielfalt, soll erhalten und gefestigt werden, die Region touristisch und wirtschaftlich weiterentwickelt werden. W\u00fcnschenswert w\u00e4re zum Beispiel ein F\u00f6rderverein, der den Naturpark in seiner Arbeit unterst\u00fctzt.\u201c<\/p>\n<ol start=\"9\">\n<li>Was ist ihre Lieblingsecke im NATURPARK?<\/li>\n<\/ol>\n<p style=\"padding-left: 30px\">\u201eLandschaftlich mag ich am liebsten das Gebiet der alten Dahme. Man kann dort wunderbar den Lebensraum des Bibers und an den Prallw\u00e4nden der M\u00e4ander die Abbruchkanten f\u00fcr Eisv\u00f6gel entdecken.\u201c<\/p>\n<ol start=\"10\">\n<li>Empfehlung: n\u00e4chster Promi des Monats<\/li>\n<\/ol>\n<p style=\"padding-left: 30px\">\u201eAls dienst-\u00e4ltester der Naturwacht Dahme-Heideseen nominiere ich den dienst-\u00e4ltesten Mitarbeiter der Naturpark-Verwaltung: Klaus Haubold.\u201c<\/p>\n<p>Herr Mertke, vielen Dank f\u00fcr das nette und sehr informative Gespr\u00e4ch.<\/p>\n","protected":false},"excerpt":{"rendered":"<p>In der Rubrik \u201ePromi des Monats\u201c stellen wir jeden Monat eine\/n Akteur\/in aus dem Naturpark Dahme-Heideseen vor, um die Entwicklung des Naturparks und die Vielfalt der Arbeitsbereiche darzustellen. Diesmal beantwortet Thomas Mertke, Gebietsleiter der Naturwacht Dahme-Heideseen, unsere Fragen und gibt einen interessanten Einblick in den Arbeitsalltag eines Rangers.<\/p>\n","protected":false},"author":83,"featured_media":3649,"comment_status":"open","ping_status":"open","sticky":false,"template":"","format":"standard","meta":[],"categories":[8],"tags":[],"yoast_head":"<!-- This site is optimized with the Yoast SEO plugin v19.10 - https:\/\/yoast.com\/wordpress\/plugins\/seo\/ -->\n<title>Promi des Monats: Thomas Mertke - Naturpark Dahme-Heideseen<\/title>\n<meta name=\"robots\" content=\"index, follow, max-snippet:-1, max-image-preview:large, max-video-preview:-1\" \/>\n<link rel=\"canonical\" href=\"https:\/\/www.naturparkmagazin.de\/dahme-heideseen\/promi-des-monats-thomas-mertke\/\" \/>\n<meta property=\"og:locale\" content=\"de_DE\" \/>\n<meta property=\"og:type\" content=\"article\" \/>\n<meta property=\"og:title\" content=\"Promi des Monats: Thomas Mertke - Naturpark Dahme-Heideseen\" \/>\n<meta property=\"og:description\" content=\"In der Rubrik \u201ePromi des Monats\u201c stellen wir jeden Monat eine\/n Akteur\/in aus dem Naturpark Dahme-Heideseen vor, um die Entwicklung des Naturparks und die Vielfalt der Arbeitsbereiche darzustellen. Diesmal beantwortet Thomas Mertke, Gebietsleiter der Naturwacht Dahme-Heideseen, unsere Fragen und gibt einen interessanten Einblick in den Arbeitsalltag eines Rangers.\" \/>\n<meta property=\"og:url\" content=\"https:\/\/www.naturparkmagazin.de\/dahme-heideseen\/promi-des-monats-thomas-mertke\/\" \/>\n<meta property=\"og:site_name\" content=\"Naturpark Dahme-Heideseen\" \/>\n<meta property=\"article:published_time\" content=\"2021-03-16T10:14:28+00:00\" \/>\n<meta property=\"article:modified_time\" content=\"2021-03-22T07:10:04+00:00\" \/>\n<meta property=\"og:image\" content=\"https:\/\/www.naturparkmagazin.de\/dahme-heideseen\/wp-content\/uploads\/sites\/37\/Thomas.jpg\" \/>\n\t<meta property=\"og:image:width\" content=\"1200\" \/>\n\t<meta property=\"og:image:height\" content=\"900\" \/>\n\t<meta property=\"og:image:type\" content=\"image\/jpeg\" \/>\n<meta name=\"author\" content=\"Astrid Osenbr\u00fcck\" \/>\n<meta name=\"twitter:label1\" content=\"Verfasst von\" \/>\n\t<meta name=\"twitter:data1\" content=\"Astrid Osenbr\u00fcck\" \/>\n\t<meta name=\"twitter:label2\" content=\"Gesch\u00e4tzte Lesezeit\" \/>\n\t<meta name=\"twitter:data2\" content=\"4\u00a0Minuten\" \/>\n<script type=\"application\/ld+json\" class=\"yoast-schema-graph\">{\"@context\":\"https:\/\/schema.org\",\"@graph\":[{\"@type\":\"WebPage\",\"@id\":\"https:\/\/www.naturparkmagazin.de\/dahme-heideseen\/promi-des-monats-thomas-mertke\/\",\"url\":\"https:\/\/www.naturparkmagazin.de\/dahme-heideseen\/promi-des-monats-thomas-mertke\/\",\"name\":\"Promi des Monats: Thomas Mertke - Naturpark Dahme-Heideseen\",\"isPartOf\":{\"@id\":\"https:\/\/www.naturparkmagazin.de\/dahme-heideseen\/#website\"},\"datePublished\":\"2021-03-16T10:14:28+00:00\",\"dateModified\":\"2021-03-22T07:10:04+00:00\",\"author\":{\"@id\":\"https:\/\/www.naturparkmagazin.de\/dahme-heideseen\/#\/schema\/person\/a0510aafafdf8183c95fc98faf0c9f21\"},\"breadcrumb\":{\"@id\":\"https:\/\/www.naturparkmagazin.de\/dahme-heideseen\/promi-des-monats-thomas-mertke\/#breadcrumb\"},\"inLanguage\":\"de\",\"potentialAction\":[{\"@type\":\"ReadAction\",\"target\":[\"https:\/\/www.naturparkmagazin.de\/dahme-heideseen\/promi-des-monats-thomas-mertke\/\"]}]},{\"@type\":\"BreadcrumbList\",\"@id\":\"https:\/\/www.naturparkmagazin.de\/dahme-heideseen\/promi-des-monats-thomas-mertke\/#breadcrumb\",\"itemListElement\":[{\"@type\":\"ListItem\",\"position\":1,\"name\":\"Home\",\"item\":\"https:\/\/www.naturparkmagazin.de\/dahme-heideseen\/\"},{\"@type\":\"ListItem\",\"position\":2,\"name\":\"Promi des Monats: Thomas Mertke\"}]},{\"@type\":\"WebSite\",\"@id\":\"https:\/\/www.naturparkmagazin.de\/dahme-heideseen\/#website\",\"url\":\"https:\/\/www.naturparkmagazin.de\/dahme-heideseen\/\",\"name\":\"Naturpark Dahme-Heideseen\",\"description\":\"\",\"potentialAction\":[{\"@type\":\"SearchAction\",\"target\":{\"@type\":\"EntryPoint\",\"urlTemplate\":\"https:\/\/www.naturparkmagazin.de\/dahme-heideseen\/?s={search_term_string}\"},\"query-input\":\"required name=search_term_string\"}],\"inLanguage\":\"de\"},{\"@type\":\"Person\",\"@id\":\"https:\/\/www.naturparkmagazin.de\/dahme-heideseen\/#\/schema\/person\/a0510aafafdf8183c95fc98faf0c9f21\",\"name\":\"Astrid Osenbr\u00fcck\",\"sameAs\":[\"http:\/\/www.dahme-heideseen-naturpark.de\"],\"url\":\"https:\/\/www.naturparkmagazin.de\/dahme-heideseen\/author\/astridosenbrueck\/\"}]}<\/script>\n<!-- \/ Yoast SEO plugin. -->","yoast_head_json":{"title":"Promi des Monats: Thomas Mertke - Naturpark Dahme-Heideseen","robots":{"index":"index","follow":"follow","max-snippet":"max-snippet:-1","max-image-preview":"max-image-preview:large","max-video-preview":"max-video-preview:-1"},"canonical":"https:\/\/www.naturparkmagazin.de\/dahme-heideseen\/promi-des-monats-thomas-mertke\/","og_locale":"de_DE","og_type":"article","og_title":"Promi des Monats: Thomas Mertke - Naturpark Dahme-Heideseen","og_description":"In der Rubrik \u201ePromi des Monats\u201c stellen wir jeden Monat eine\/n Akteur\/in aus dem Naturpark Dahme-Heideseen vor, um die Entwicklung des Naturparks und die Vielfalt der Arbeitsbereiche darzustellen. Diesmal beantwortet Thomas Mertke, Gebietsleiter der Naturwacht Dahme-Heideseen, unsere Fragen und gibt einen interessanten Einblick in den Arbeitsalltag eines Rangers.","og_url":"https:\/\/www.naturparkmagazin.de\/dahme-heideseen\/promi-des-monats-thomas-mertke\/","og_site_name":"Naturpark Dahme-Heideseen","article_published_time":"2021-03-16T10:14:28+00:00","article_modified_time":"2021-03-22T07:10:04+00:00","og_image":[{"width":1200,"height":900,"url":"https:\/\/www.naturparkmagazin.de\/dahme-heideseen\/wp-content\/uploads\/sites\/37\/Thomas.jpg","type":"image\/jpeg"}],"author":"Astrid Osenbr\u00fcck","twitter_misc":{"Verfasst von":"Astrid Osenbr\u00fcck","Gesch\u00e4tzte Lesezeit":"4\u00a0Minuten"},"schema":{"@context":"https:\/\/schema.org","@graph":[{"@type":"WebPage","@id":"https:\/\/www.naturparkmagazin.de\/dahme-heideseen\/promi-des-monats-thomas-mertke\/","url":"https:\/\/www.naturparkmagazin.de\/dahme-heideseen\/promi-des-monats-thomas-mertke\/","name":"Promi des Monats: Thomas Mertke - Naturpark Dahme-Heideseen","isPartOf":{"@id":"https:\/\/www.naturparkmagazin.de\/dahme-heideseen\/#website"},"datePublished":"2021-03-16T10:14:28+00:00","dateModified":"2021-03-22T07:10:04+00:00","author":{"@id":"https:\/\/www.naturparkmagazin.de\/dahme-heideseen\/#\/schema\/person\/a0510aafafdf8183c95fc98faf0c9f21"},"breadcrumb":{"@id":"https:\/\/www.naturparkmagazin.de\/dahme-heideseen\/promi-des-monats-thomas-mertke\/#breadcrumb"},"inLanguage":"de","potentialAction":[{"@type":"ReadAction","target":["https:\/\/www.naturparkmagazin.de\/dahme-heideseen\/promi-des-monats-thomas-mertke\/"]}]},{"@type":"BreadcrumbList","@id":"https:\/\/www.naturparkmagazin.de\/dahme-heideseen\/promi-des-monats-thomas-mertke\/#breadcrumb","itemListElement":[{"@type":"ListItem","position":1,"name":"Home","item":"https:\/\/www.naturparkmagazin.de\/dahme-heideseen\/"},{"@type":"ListItem","position":2,"name":"Promi des Monats: Thomas Mertke"}]},{"@type":"WebSite","@id":"https:\/\/www.naturparkmagazin.de\/dahme-heideseen\/#website","url":"https:\/\/www.naturparkmagazin.de\/dahme-heideseen\/","name":"Naturpark Dahme-Heideseen","description":"","potentialAction":[{"@type":"SearchAction","target":{"@type":"EntryPoint","urlTemplate":"https:\/\/www.naturparkmagazin.de\/dahme-heideseen\/?s={search_term_string}"},"query-input":"required name=search_term_string"}],"inLanguage":"de"},{"@type":"Person","@id":"https:\/\/www.naturparkmagazin.de\/dahme-heideseen\/#\/schema\/person\/a0510aafafdf8183c95fc98faf0c9f21","name":"Astrid Osenbr\u00fcck","sameAs":["http:\/\/www.dahme-heideseen-naturpark.de"],"url":"https:\/\/www.naturparkmagazin.de\/dahme-heideseen\/author\/astridosenbrueck\/"}]}},"_links":{"self":[{"href":"https:\/\/www.naturparkmagazin.de\/dahme-heideseen\/wp-json\/wp\/v2\/posts\/3633"}],"collection":[{"href":"https:\/\/www.naturparkmagazin.de\/dahme-heideseen\/wp-json\/wp\/v2\/posts"}],"about":[{"href":"https:\/\/www.naturparkmagazin.de\/dahme-heideseen\/wp-json\/wp\/v2\/types\/post"}],"author":[{"embeddable":true,"href":"https:\/\/www.naturparkmagazin.de\/dahme-heideseen\/wp-json\/wp\/v2\/users\/83"}],"replies":[{"embeddable":true,"href":"https:\/\/www.naturparkmagazin.de\/dahme-heideseen\/wp-json\/wp\/v2\/comments?post=3633"}],"version-history":[{"count":4,"href":"https:\/\/www.naturparkmagazin.de\/dahme-heideseen\/wp-json\/wp\/v2\/posts\/3633\/revisions"}],"predecessor-version":[{"id":3650,"href":"https:\/\/www.naturparkmagazin.de\/dahme-heideseen\/wp-json\/wp\/v2\/posts\/3633\/revisions\/3650"}],"wp:featuredmedia":[{"embeddable":true,"href":"https:\/\/www.naturparkmagazin.de\/dahme-heideseen\/wp-json\/wp\/v2\/media\/3649"}],"wp:attachment":[{"href":"https:\/\/www.naturparkmagazin.de\/dahme-heideseen\/wp-json\/wp\/v2\/media?parent=3633"}],"wp:term":[{"taxonomy":"category","embeddable":true,"href":"https:\/\/www.naturparkmagazin.de\/dahme-heideseen\/wp-json\/wp\/v2\/categories?post=3633"},{"taxonomy":"post_tag","embeddable":true,"href":"https:\/\/www.naturparkmagazin.de\/dahme-heideseen\/wp-json\/wp\/v2\/tags?post=3633"}],"curies":[{"name":"wp","href":"https:\/\/api.w.org\/{rel}","templated":true}]}}