{"id":3653,"date":"2021-03-22T14:06:04","date_gmt":"2021-03-22T13:06:04","guid":{"rendered":"https:\/\/www.naturparkmagazin.de\/dahme-heideseen\/?p=3653"},"modified":"2021-03-22T14:06:04","modified_gmt":"2021-03-22T13:06:04","slug":"erinnerung-foto-wettbewerb-fuer-das-jahrebuch-2022-mein-lieblingsplatz-im-naturpark-dahme-heideseen","status":"publish","type":"post","link":"https:\/\/www.naturparkmagazin.de\/dahme-heideseen\/erinnerung-foto-wettbewerb-fuer-das-jahrebuch-2022-mein-lieblingsplatz-im-naturpark-dahme-heideseen\/","title":{"rendered":"Erinnerung: Foto-Wettbewerb f\u00fcr das JahreBuch 2022 \u2013 Mein Lieblingsplatz im Naturpark Dahme-Heideseen"},"content":{"rendered":"<p>Seit Anfang des Jahres sucht der Naturpark Dahme-Heideseen gemeinsam mit dem NABU Dahmeland e. V. nach den sch\u00f6nsten Fotos zu Lieblingspl\u00e4tzen im Naturpark. Jeder \u2013 egal, ob Hobby- oder Profi-Fotograf &#8211; darf bis zu drei Fotos einsenden. <strong>Einsendeschluss ist der 31. Mai 2021.<\/strong> Die sch\u00f6nsten Fotos schm\u00fccken im folgenden Jahr den Kalenderteil des JahreBuches. Eine Fach-Jury stimmt \u00fcber die eingesandten Bilder ab.<\/p>\n<div id=\"attachment_3654\" style=\"width: 310px\" class=\"wp-caption alignnone\"><a href=\"https:\/\/www.naturparkmagazin.de\/dahme-heideseen\/wp-content\/uploads\/sites\/37\/Dahme.jpg\"><img aria-describedby=\"caption-attachment-3654\" decoding=\"async\" loading=\"lazy\" class=\"wp-image-3654 size-thumbnail\" src=\"https:\/\/www.naturparkmagazin.de\/dahme-heideseen\/wp-content\/uploads\/sites\/37\/Dahme-300x213.jpg\" alt=\"\" width=\"300\" height=\"213\" srcset=\"https:\/\/www.naturparkmagazin.de\/dahme-heideseen\/wp-content\/uploads\/sites\/37\/Dahme-300x213.jpg 300w, https:\/\/www.naturparkmagazin.de\/dahme-heideseen\/wp-content\/uploads\/sites\/37\/Dahme-620x440.jpg 620w, https:\/\/www.naturparkmagazin.de\/dahme-heideseen\/wp-content\/uploads\/sites\/37\/Dahme-940x667.jpg 940w, https:\/\/www.naturparkmagazin.de\/dahme-heideseen\/wp-content\/uploads\/sites\/37\/Dahme-670x475.jpg 670w, https:\/\/www.naturparkmagazin.de\/dahme-heideseen\/wp-content\/uploads\/sites\/37\/Dahme-200x142.jpg 200w, https:\/\/www.naturparkmagazin.de\/dahme-heideseen\/wp-content\/uploads\/sites\/37\/Dahme.jpg 1083w\" sizes=\"(max-width: 300px) 100vw, 300px\" \/><\/a><p id=\"caption-attachment-3654\" class=\"wp-caption-text\">Blick auf die Dahme \u00a9 Hans Sonnenberg<\/p><\/div>\n<p>Silvia Schiebert, Gesch\u00e4ftsf\u00fchrerin des NABU Dahmelands, e. V., hat sich \u2013 inspiriert durch den Foto-Wettbewerb \u2013 ebenfalls Gedanken zu ihrem Lieblingsplatz im Naturpark gemacht. Ihr gef\u00e4llt vor allem der wilde Verlauf der Dahme, die von S\u00fcden nach Norden den Naturpark durchquert. Hier kann man einen Hauch Wildnis erleben. Auch f\u00fcr Fotografien bietet der wilde Flussverlauf zahlreiche Motive. Sei es ein sich wild schl\u00e4ngelnder M\u00e4ander, das heimliche Treiben der wasser- und landlebenden Tiere oder die bl\u00fchende Vielfalt am Flussufer&#8230;<\/p>\n<p>Auch weitere Orte im Naturpark haben es Silvia Schiebert angetan. Bei ihren t\u00e4glichen Spazierg\u00e4ngen mit ihrer H\u00fcndin entdeckt sie regelm\u00e4\u00dfig neue spannende Ecken des Naturparks. So auch bei einem Spaziergang am L\u00f6ptener Dreieck. Das Gebiet ist ihr so gut bekannt, dass sie der Landschaft oft keine besondere Aufmerksamkeit schenkt. Bei einer ihrer Wanderungen entdeckte sie eine kleine Lichtung, die an diesem Tag wie verzaubert wirkte. \u201eEin moosbewachsener Baumstamm, die Kraniche riefen im Hintergrund und die Sonne warf einen vertr\u00e4umten Blick auf das traumhafte Fleckchen\u201c, erinnert sich Silvia Schiebert. \u201eIch genoss eine ganze Weile diesen Ort, seine Ausstrahlung und Ruhe, die auch auf mich \u00fcberging.\u201c<\/p>\n<p>So sind die Dahme und das L\u00f6ptener Dreieck ganz besondere Orte f\u00fcr die Naturbegeisterte, die sie immer wieder gerne aufsucht.<\/p>\n<div id=\"attachment_3655\" style=\"width: 310px\" class=\"wp-caption alignnone\"><a href=\"https:\/\/www.naturparkmagazin.de\/dahme-heideseen\/wp-content\/uploads\/sites\/37\/Dahme2.jpg\"><img aria-describedby=\"caption-attachment-3655\" decoding=\"async\" loading=\"lazy\" class=\"wp-image-3655 size-thumbnail\" src=\"https:\/\/www.naturparkmagazin.de\/dahme-heideseen\/wp-content\/uploads\/sites\/37\/Dahme2-300x225.jpg\" alt=\"\" width=\"300\" height=\"225\" srcset=\"https:\/\/www.naturparkmagazin.de\/dahme-heideseen\/wp-content\/uploads\/sites\/37\/Dahme2-300x225.jpg 300w, https:\/\/www.naturparkmagazin.de\/dahme-heideseen\/wp-content\/uploads\/sites\/37\/Dahme2-620x465.jpg 620w, https:\/\/www.naturparkmagazin.de\/dahme-heideseen\/wp-content\/uploads\/sites\/37\/Dahme2-940x705.jpg 940w, https:\/\/www.naturparkmagazin.de\/dahme-heideseen\/wp-content\/uploads\/sites\/37\/Dahme2-580x435.jpg 580w, https:\/\/www.naturparkmagazin.de\/dahme-heideseen\/wp-content\/uploads\/sites\/37\/Dahme2-420x315.jpg 420w, https:\/\/www.naturparkmagazin.de\/dahme-heideseen\/wp-content\/uploads\/sites\/37\/Dahme2-180x135.jpg 180w, https:\/\/www.naturparkmagazin.de\/dahme-heideseen\/wp-content\/uploads\/sites\/37\/Dahme2-95x71.jpg 95w, https:\/\/www.naturparkmagazin.de\/dahme-heideseen\/wp-content\/uploads\/sites\/37\/Dahme2-670x503.jpg 670w, https:\/\/www.naturparkmagazin.de\/dahme-heideseen\/wp-content\/uploads\/sites\/37\/Dahme2-200x150.jpg 200w, https:\/\/www.naturparkmagazin.de\/dahme-heideseen\/wp-content\/uploads\/sites\/37\/Dahme2.jpg 1024w\" sizes=\"(max-width: 300px) 100vw, 300px\" \/><\/a><p id=\"caption-attachment-3655\" class=\"wp-caption-text\">D\u00fcnenhang an der Dahme s\u00fcdlich der Hermsdorfer M\u00fchle\u00a9 Hans Sonnenberg<\/p><\/div>\n<p>&nbsp;<\/p>\n<p>Haben Sie auch einen <strong>ganz besonderen Lieblingsplatz im Naturpark<\/strong>? Ein Foto, das einen besonderen Moment eingefangen hat oder eine Geschichte, die eine Stelle des Naturparks f\u00fcr sie zu etwas ganz Besonderem macht?<\/p>\n<p>&nbsp;<\/p>\n<p><strong>Dann senden Sie ihre sch\u00f6nsten Fotos an<\/strong> <a href=\"mailto:np-dahme-heideseen@lfu.brandenburg.de\">np-dahme-heideseen@lfu.brandenburg.de<\/a>.<\/p>\n<p>&nbsp;<\/p>\n<p>Die <strong>Bedingungen zum Foto-Wettbewerb<\/strong> finden Sie auf <a href=\"http:\/\/www.dahme-heideseen-naturpark.de\">www.dahme-heideseen-naturpark.de<\/a> Hier stellen Mitarbeiter und Mitarbeiterinnen des Naturparks, der Naturwacht und des NABU Dahmelandes ebenfalls ihre Lieblingspl\u00e4tze vor. Lassen Sie sich inspirieren!<\/p>\n","protected":false},"excerpt":{"rendered":"<p>Seit Anfang des Jahres sucht der Naturpark Dahme-Heideseen gemeinsam mit dem NABU Dahmeland e. V. nach den sch\u00f6nsten Fotos zu Lieblingspl\u00e4tzen im Naturpark. Jeder \u2013 egal, ob Hobby- oder Profi-Fotograf &#8211; darf bis zu drei Fotos einsenden. Einsendeschluss ist der 31. Mai 2021. Die sch\u00f6nsten Fotos schm\u00fccken im folgenden Jahr den Kalenderteil des JahreBuches. Eine Fach-Jury stimmt \u00fcber die eingesandten Bilder ab.<\/p>\n","protected":false},"author":83,"featured_media":3549,"comment_status":"open","ping_status":"open","sticky":false,"template":"","format":"standard","meta":[],"categories":[7],"tags":[],"yoast_head":"<!-- This site is optimized with the Yoast SEO plugin v19.10 - https:\/\/yoast.com\/wordpress\/plugins\/seo\/ -->\n<title>Erinnerung: Foto-Wettbewerb f\u00fcr das JahreBuch 2022 \u2013 Mein Lieblingsplatz im Naturpark Dahme-Heideseen - Naturpark Dahme-Heideseen<\/title>\n<meta name=\"robots\" content=\"index, follow, max-snippet:-1, max-image-preview:large, max-video-preview:-1\" \/>\n<link rel=\"canonical\" href=\"https:\/\/www.naturparkmagazin.de\/dahme-heideseen\/erinnerung-foto-wettbewerb-fuer-das-jahrebuch-2022-mein-lieblingsplatz-im-naturpark-dahme-heideseen\/\" \/>\n<meta property=\"og:locale\" content=\"de_DE\" \/>\n<meta property=\"og:type\" content=\"article\" \/>\n<meta property=\"og:title\" content=\"Erinnerung: Foto-Wettbewerb f\u00fcr das JahreBuch 2022 \u2013 Mein Lieblingsplatz im Naturpark Dahme-Heideseen - Naturpark Dahme-Heideseen\" \/>\n<meta property=\"og:description\" content=\"Seit Anfang des Jahres sucht der Naturpark Dahme-Heideseen gemeinsam mit dem NABU Dahmeland e. V. nach den sch\u00f6nsten Fotos zu Lieblingspl\u00e4tzen im Naturpark. Jeder \u2013 egal, ob Hobby- oder Profi-Fotograf - darf bis zu drei Fotos einsenden. Einsendeschluss ist der 31. Mai 2021. Die sch\u00f6nsten Fotos schm\u00fccken im folgenden Jahr den Kalenderteil des JahreBuches. Eine Fach-Jury stimmt \u00fcber die eingesandten Bilder ab.\" \/>\n<meta property=\"og:url\" content=\"https:\/\/www.naturparkmagazin.de\/dahme-heideseen\/erinnerung-foto-wettbewerb-fuer-das-jahrebuch-2022-mein-lieblingsplatz-im-naturpark-dahme-heideseen\/\" \/>\n<meta property=\"og:site_name\" content=\"Naturpark Dahme-Heideseen\" \/>\n<meta property=\"article:published_time\" content=\"2021-03-22T13:06:04+00:00\" \/>\n<meta property=\"og:image\" content=\"https:\/\/www.naturparkmagazin.de\/dahme-heideseen\/wp-content\/uploads\/sites\/37\/csm_pexels-element-digital-1051076_27bbb21fbe.jpg\" \/>\n\t<meta property=\"og:image:width\" content=\"333\" \/>\n\t<meta property=\"og:image:height\" content=\"223\" \/>\n\t<meta property=\"og:image:type\" content=\"image\/jpeg\" \/>\n<meta name=\"author\" content=\"Astrid Osenbr\u00fcck\" \/>\n<meta name=\"twitter:label1\" content=\"Verfasst von\" \/>\n\t<meta name=\"twitter:data1\" content=\"Astrid Osenbr\u00fcck\" \/>\n\t<meta name=\"twitter:label2\" content=\"Gesch\u00e4tzte Lesezeit\" \/>\n\t<meta name=\"twitter:data2\" content=\"2\u00a0Minuten\" \/>\n<script type=\"application\/ld+json\" class=\"yoast-schema-graph\">{\"@context\":\"https:\/\/schema.org\",\"@graph\":[{\"@type\":\"WebPage\",\"@id\":\"https:\/\/www.naturparkmagazin.de\/dahme-heideseen\/erinnerung-foto-wettbewerb-fuer-das-jahrebuch-2022-mein-lieblingsplatz-im-naturpark-dahme-heideseen\/\",\"url\":\"https:\/\/www.naturparkmagazin.de\/dahme-heideseen\/erinnerung-foto-wettbewerb-fuer-das-jahrebuch-2022-mein-lieblingsplatz-im-naturpark-dahme-heideseen\/\",\"name\":\"Erinnerung: Foto-Wettbewerb f\u00fcr das JahreBuch 2022 \u2013 Mein Lieblingsplatz im Naturpark Dahme-Heideseen - Naturpark Dahme-Heideseen\",\"isPartOf\":{\"@id\":\"https:\/\/www.naturparkmagazin.de\/dahme-heideseen\/#website\"},\"datePublished\":\"2021-03-22T13:06:04+00:00\",\"dateModified\":\"2021-03-22T13:06:04+00:00\",\"author\":{\"@id\":\"https:\/\/www.naturparkmagazin.de\/dahme-heideseen\/#\/schema\/person\/a0510aafafdf8183c95fc98faf0c9f21\"},\"breadcrumb\":{\"@id\":\"https:\/\/www.naturparkmagazin.de\/dahme-heideseen\/erinnerung-foto-wettbewerb-fuer-das-jahrebuch-2022-mein-lieblingsplatz-im-naturpark-dahme-heideseen\/#breadcrumb\"},\"inLanguage\":\"de\",\"potentialAction\":[{\"@type\":\"ReadAction\",\"target\":[\"https:\/\/www.naturparkmagazin.de\/dahme-heideseen\/erinnerung-foto-wettbewerb-fuer-das-jahrebuch-2022-mein-lieblingsplatz-im-naturpark-dahme-heideseen\/\"]}]},{\"@type\":\"BreadcrumbList\",\"@id\":\"https:\/\/www.naturparkmagazin.de\/dahme-heideseen\/erinnerung-foto-wettbewerb-fuer-das-jahrebuch-2022-mein-lieblingsplatz-im-naturpark-dahme-heideseen\/#breadcrumb\",\"itemListElement\":[{\"@type\":\"ListItem\",\"position\":1,\"name\":\"Home\",\"item\":\"https:\/\/www.naturparkmagazin.de\/dahme-heideseen\/\"},{\"@type\":\"ListItem\",\"position\":2,\"name\":\"Erinnerung: Foto-Wettbewerb f\u00fcr das JahreBuch 2022 \u2013 Mein Lieblingsplatz im Naturpark Dahme-Heideseen\"}]},{\"@type\":\"WebSite\",\"@id\":\"https:\/\/www.naturparkmagazin.de\/dahme-heideseen\/#website\",\"url\":\"https:\/\/www.naturparkmagazin.de\/dahme-heideseen\/\",\"name\":\"Naturpark Dahme-Heideseen\",\"description\":\"\",\"potentialAction\":[{\"@type\":\"SearchAction\",\"target\":{\"@type\":\"EntryPoint\",\"urlTemplate\":\"https:\/\/www.naturparkmagazin.de\/dahme-heideseen\/?s={search_term_string}\"},\"query-input\":\"required name=search_term_string\"}],\"inLanguage\":\"de\"},{\"@type\":\"Person\",\"@id\":\"https:\/\/www.naturparkmagazin.de\/dahme-heideseen\/#\/schema\/person\/a0510aafafdf8183c95fc98faf0c9f21\",\"name\":\"Astrid Osenbr\u00fcck\",\"sameAs\":[\"http:\/\/www.dahme-heideseen-naturpark.de\"],\"url\":\"https:\/\/www.naturparkmagazin.de\/dahme-heideseen\/author\/astridosenbrueck\/\"}]}<\/script>\n<!-- \/ Yoast SEO plugin. -->","yoast_head_json":{"title":"Erinnerung: Foto-Wettbewerb f\u00fcr das JahreBuch 2022 \u2013 Mein Lieblingsplatz im Naturpark Dahme-Heideseen - Naturpark Dahme-Heideseen","robots":{"index":"index","follow":"follow","max-snippet":"max-snippet:-1","max-image-preview":"max-image-preview:large","max-video-preview":"max-video-preview:-1"},"canonical":"https:\/\/www.naturparkmagazin.de\/dahme-heideseen\/erinnerung-foto-wettbewerb-fuer-das-jahrebuch-2022-mein-lieblingsplatz-im-naturpark-dahme-heideseen\/","og_locale":"de_DE","og_type":"article","og_title":"Erinnerung: Foto-Wettbewerb f\u00fcr das JahreBuch 2022 \u2013 Mein Lieblingsplatz im Naturpark Dahme-Heideseen - Naturpark Dahme-Heideseen","og_description":"Seit Anfang des Jahres sucht der Naturpark Dahme-Heideseen gemeinsam mit dem NABU Dahmeland e. V. nach den sch\u00f6nsten Fotos zu Lieblingspl\u00e4tzen im Naturpark. Jeder \u2013 egal, ob Hobby- oder Profi-Fotograf - darf bis zu drei Fotos einsenden. Einsendeschluss ist der 31. Mai 2021. Die sch\u00f6nsten Fotos schm\u00fccken im folgenden Jahr den Kalenderteil des JahreBuches. Eine Fach-Jury stimmt \u00fcber die eingesandten Bilder ab.","og_url":"https:\/\/www.naturparkmagazin.de\/dahme-heideseen\/erinnerung-foto-wettbewerb-fuer-das-jahrebuch-2022-mein-lieblingsplatz-im-naturpark-dahme-heideseen\/","og_site_name":"Naturpark Dahme-Heideseen","article_published_time":"2021-03-22T13:06:04+00:00","og_image":[{"width":333,"height":223,"url":"https:\/\/www.naturparkmagazin.de\/dahme-heideseen\/wp-content\/uploads\/sites\/37\/csm_pexels-element-digital-1051076_27bbb21fbe.jpg","type":"image\/jpeg"}],"author":"Astrid Osenbr\u00fcck","twitter_misc":{"Verfasst von":"Astrid Osenbr\u00fcck","Gesch\u00e4tzte Lesezeit":"2\u00a0Minuten"},"schema":{"@context":"https:\/\/schema.org","@graph":[{"@type":"WebPage","@id":"https:\/\/www.naturparkmagazin.de\/dahme-heideseen\/erinnerung-foto-wettbewerb-fuer-das-jahrebuch-2022-mein-lieblingsplatz-im-naturpark-dahme-heideseen\/","url":"https:\/\/www.naturparkmagazin.de\/dahme-heideseen\/erinnerung-foto-wettbewerb-fuer-das-jahrebuch-2022-mein-lieblingsplatz-im-naturpark-dahme-heideseen\/","name":"Erinnerung: Foto-Wettbewerb f\u00fcr das JahreBuch 2022 \u2013 Mein Lieblingsplatz im Naturpark Dahme-Heideseen - Naturpark Dahme-Heideseen","isPartOf":{"@id":"https:\/\/www.naturparkmagazin.de\/dahme-heideseen\/#website"},"datePublished":"2021-03-22T13:06:04+00:00","dateModified":"2021-03-22T13:06:04+00:00","author":{"@id":"https:\/\/www.naturparkmagazin.de\/dahme-heideseen\/#\/schema\/person\/a0510aafafdf8183c95fc98faf0c9f21"},"breadcrumb":{"@id":"https:\/\/www.naturparkmagazin.de\/dahme-heideseen\/erinnerung-foto-wettbewerb-fuer-das-jahrebuch-2022-mein-lieblingsplatz-im-naturpark-dahme-heideseen\/#breadcrumb"},"inLanguage":"de","potentialAction":[{"@type":"ReadAction","target":["https:\/\/www.naturparkmagazin.de\/dahme-heideseen\/erinnerung-foto-wettbewerb-fuer-das-jahrebuch-2022-mein-lieblingsplatz-im-naturpark-dahme-heideseen\/"]}]},{"@type":"BreadcrumbList","@id":"https:\/\/www.naturparkmagazin.de\/dahme-heideseen\/erinnerung-foto-wettbewerb-fuer-das-jahrebuch-2022-mein-lieblingsplatz-im-naturpark-dahme-heideseen\/#breadcrumb","itemListElement":[{"@type":"ListItem","position":1,"name":"Home","item":"https:\/\/www.naturparkmagazin.de\/dahme-heideseen\/"},{"@type":"ListItem","position":2,"name":"Erinnerung: Foto-Wettbewerb f\u00fcr das JahreBuch 2022 \u2013 Mein Lieblingsplatz im Naturpark Dahme-Heideseen"}]},{"@type":"WebSite","@id":"https:\/\/www.naturparkmagazin.de\/dahme-heideseen\/#website","url":"https:\/\/www.naturparkmagazin.de\/dahme-heideseen\/","name":"Naturpark Dahme-Heideseen","description":"","potentialAction":[{"@type":"SearchAction","target":{"@type":"EntryPoint","urlTemplate":"https:\/\/www.naturparkmagazin.de\/dahme-heideseen\/?s={search_term_string}"},"query-input":"required name=search_term_string"}],"inLanguage":"de"},{"@type":"Person","@id":"https:\/\/www.naturparkmagazin.de\/dahme-heideseen\/#\/schema\/person\/a0510aafafdf8183c95fc98faf0c9f21","name":"Astrid Osenbr\u00fcck","sameAs":["http:\/\/www.dahme-heideseen-naturpark.de"],"url":"https:\/\/www.naturparkmagazin.de\/dahme-heideseen\/author\/astridosenbrueck\/"}]}},"_links":{"self":[{"href":"https:\/\/www.naturparkmagazin.de\/dahme-heideseen\/wp-json\/wp\/v2\/posts\/3653"}],"collection":[{"href":"https:\/\/www.naturparkmagazin.de\/dahme-heideseen\/wp-json\/wp\/v2\/posts"}],"about":[{"href":"https:\/\/www.naturparkmagazin.de\/dahme-heideseen\/wp-json\/wp\/v2\/types\/post"}],"author":[{"embeddable":true,"href":"https:\/\/www.naturparkmagazin.de\/dahme-heideseen\/wp-json\/wp\/v2\/users\/83"}],"replies":[{"embeddable":true,"href":"https:\/\/www.naturparkmagazin.de\/dahme-heideseen\/wp-json\/wp\/v2\/comments?post=3653"}],"version-history":[{"count":1,"href":"https:\/\/www.naturparkmagazin.de\/dahme-heideseen\/wp-json\/wp\/v2\/posts\/3653\/revisions"}],"predecessor-version":[{"id":3656,"href":"https:\/\/www.naturparkmagazin.de\/dahme-heideseen\/wp-json\/wp\/v2\/posts\/3653\/revisions\/3656"}],"wp:featuredmedia":[{"embeddable":true,"href":"https:\/\/www.naturparkmagazin.de\/dahme-heideseen\/wp-json\/wp\/v2\/media\/3549"}],"wp:attachment":[{"href":"https:\/\/www.naturparkmagazin.de\/dahme-heideseen\/wp-json\/wp\/v2\/media?parent=3653"}],"wp:term":[{"taxonomy":"category","embeddable":true,"href":"https:\/\/www.naturparkmagazin.de\/dahme-heideseen\/wp-json\/wp\/v2\/categories?post=3653"},{"taxonomy":"post_tag","embeddable":true,"href":"https:\/\/www.naturparkmagazin.de\/dahme-heideseen\/wp-json\/wp\/v2\/tags?post=3653"}],"curies":[{"name":"wp","href":"https:\/\/api.w.org\/{rel}","templated":true}]}}