{"id":3661,"date":"2021-03-25T08:16:00","date_gmt":"2021-03-25T07:16:00","guid":{"rendered":"https:\/\/www.naturparkmagazin.de\/dahme-heideseen\/?p=3661"},"modified":"2021-03-25T08:16:00","modified_gmt":"2021-03-25T07:16:00","slug":"oekoaktionsplan-agrarministerium-sucht-bis-11-april-buergerinnen-und-buerger-die-ihre-perspektiven-einbringen","status":"publish","type":"post","link":"https:\/\/www.naturparkmagazin.de\/dahme-heideseen\/oekoaktionsplan-agrarministerium-sucht-bis-11-april-buergerinnen-und-buerger-die-ihre-perspektiven-einbringen\/","title":{"rendered":"\u00d6koaktionsplan: Agrarministerium sucht bis 11. April B\u00fcrgerinnen und B\u00fcrger, die ihre Perspektiven einbringen"},"content":{"rendered":"<p>Auch in Brandenburg hat der \u00f6kologische Landbau Wachstumspotenzial: Aktuell kann die Nachfrage nach Bio-Produkten aus Brandenburg nicht gestillt werden. Vor allem mit dem gro\u00dfen Markt der Millionenmetropole Berlin inmitten Brandenburgs bieten sich zus\u00e4tzliche Chancen f\u00fcr Angebote und Produkte aus dem \u00d6kolandbau und dadurch f\u00fcr die Brandenburger Betriebe.<\/p>\n<p>Das Ziel der Landesregierung ist, die <strong>\u00f6kologisch bewirtschaftete Fl\u00e4che in Brandenburg bis 2024 auf 20 Prozent<\/strong> zu steigern. Daf\u00fcr erarbeitet das Agrarumweltministerium einen <strong>\u00d6koaktionsplan<\/strong>.<\/p>\n<p><span style=\"text-decoration: underline\">Ziel<\/span> des \u00d6koaktionsplans ist die F\u00f6rderung einer engen <strong>Zusammenarbeit aller im Biosektor t\u00e4tigen Akteurinnen und Akteure<\/strong>.<\/p>\n<p>Bereits im Oktober 2020 startete ein breit angelegter Beteiligungsprozess, indem sich Verb\u00e4nde und Organisationen aus den Bereichen Erzeugung, Verarbeitung, Bildung, Beratung und Forschung sowie Beh\u00f6rden einbringen.<\/p>\n<p>Nach einem sogenannten Bottom-Up Prinzip wird der \u00d6koaktionsplan erarbeitet und die unterschiedlichen Anforderungen und Bedarfe der Interessengruppen ber\u00fccksichtigt.<\/p>\n<p>&nbsp;<\/p>\n<p><span style=\"text-decoration: underline\">Projekt \u00d6koaktionsplan &#8211; Ablauf:<\/span><\/p>\n<p>Ab Ende April 2021 sind <strong>f\u00fcnf mehrst\u00fcndige Workshops in einem vier- bis sechsw\u00f6chigen Rhythmus<\/strong> geplant. Die Abschlussveranstaltung zur <strong>Vorstellung des erarbeiteten \u00d6koaktionsplans ist im Sp\u00e4therbst 2021<\/strong> vorgesehen.<\/p>\n<p>&nbsp;<\/p>\n<p><span style=\"text-decoration: underline\">Teilnahmebedingungen:<\/span><\/p>\n<p><strong>Teilnehmen kann Jede\/r!<\/strong> Es ist kein besonderes Fachwissen n\u00f6tig, jedoch der Wille, sich konstruktiv in die Fachdiskussionen zum \u00d6koaktionsplan einzubringen.<\/p>\n<p>Die Begleitgruppe soll aus maximal sechs gelosten Personen bestehen. Um eine ausreichende Diversit\u00e4t zu gew\u00e4hrleisten, werden verschiedene Los-T\u00f6pfe nach relevanten soziodemografischen Merkmalen, unter anderem Alter und Geschlecht, gebildet.<\/p>\n<p><strong>Einsendeschluss: 11. April 2021 <\/strong><\/p>\n<p><strong>Sende dein Motivationsschreiben per Mail an: <\/strong><a href=\"mailto:oekoaktionsplan@mluk.brandenburg.de\"><strong>oekoaktionsplan@mluk.brandenburg.de<\/strong><\/a><\/p>\n<p>&nbsp;<\/p>\n<p><span style=\"text-decoration: underline\"><a href=\"https:\/\/mluk.brandenburg.de\/mluk\/de\/landwirtschaft\/oekologischer-landbau\/oekoaktionsplan\/\">Alle Informationen zum \u00d6koaktionsplan Brandenburg<\/a><\/span><\/p>\n","protected":false},"excerpt":{"rendered":"<p>Werde Teil des Projekts \u201e\u00d6koaktionsplan\u201c des Agrarumweltministeriums und begleite den Prozess aus Verbraucher-Perspektive! Die n\u00e4chste Phase der Erarbeitung des \u00d6koaktionsplans, um den \u00f6kologischen Landbau sowie die Verarbeitung und Vermarktung von Bio-Lebensmitteln voranzubringen, ist gestartet. Bis zum 11. April 2021 k\u00f6nnen Verbraucherinnen und Verbraucher, Erzeugerinnen und Erzeuger, Verb\u00e4nde, Verwaltung und weitere Stakeholder ihr Interesse zur Teilnahme bekunden.<\/p>\n","protected":false},"author":83,"featured_media":3662,"comment_status":"open","ping_status":"open","sticky":false,"template":"","format":"standard","meta":[],"categories":[7],"tags":[],"yoast_head":"<!-- This site is optimized with the Yoast SEO plugin v19.10 - https:\/\/yoast.com\/wordpress\/plugins\/seo\/ -->\n<title>\u00d6koaktionsplan: Agrarministerium sucht bis 11. April B\u00fcrgerinnen und B\u00fcrger, die ihre Perspektiven einbringen - Naturpark Dahme-Heideseen<\/title>\n<meta name=\"robots\" content=\"index, follow, max-snippet:-1, max-image-preview:large, max-video-preview:-1\" \/>\n<link rel=\"canonical\" href=\"https:\/\/www.naturparkmagazin.de\/dahme-heideseen\/oekoaktionsplan-agrarministerium-sucht-bis-11-april-buergerinnen-und-buerger-die-ihre-perspektiven-einbringen\/\" \/>\n<meta property=\"og:locale\" content=\"de_DE\" \/>\n<meta property=\"og:type\" content=\"article\" \/>\n<meta property=\"og:title\" content=\"\u00d6koaktionsplan: Agrarministerium sucht bis 11. April B\u00fcrgerinnen und B\u00fcrger, die ihre Perspektiven einbringen - Naturpark Dahme-Heideseen\" \/>\n<meta property=\"og:description\" content=\"Werde Teil des Projekts \u201e\u00d6koaktionsplan\u201c des Agrarumweltministeriums und begleite den Prozess aus Verbraucher-Perspektive! Die n\u00e4chste Phase der Erarbeitung des \u00d6koaktionsplans, um den \u00f6kologischen Landbau sowie die Verarbeitung und Vermarktung von Bio-Lebensmitteln voranzubringen, ist gestartet. Bis zum 11. April 2021 k\u00f6nnen Verbraucherinnen und Verbraucher, Erzeugerinnen und Erzeuger, Verb\u00e4nde, Verwaltung und weitere Stakeholder ihr Interesse zur Teilnahme bekunden.\" \/>\n<meta property=\"og:url\" content=\"https:\/\/www.naturparkmagazin.de\/dahme-heideseen\/oekoaktionsplan-agrarministerium-sucht-bis-11-april-buergerinnen-und-buerger-die-ihre-perspektiven-einbringen\/\" \/>\n<meta property=\"og:site_name\" content=\"Naturpark Dahme-Heideseen\" \/>\n<meta property=\"article:published_time\" content=\"2021-03-25T07:16:00+00:00\" \/>\n<meta property=\"og:image\" content=\"https:\/\/www.naturparkmagazin.de\/dahme-heideseen\/wp-content\/uploads\/sites\/37\/\u00d6koBB.jpg\" \/>\n\t<meta property=\"og:image:width\" content=\"540\" \/>\n\t<meta property=\"og:image:height\" content=\"540\" \/>\n\t<meta property=\"og:image:type\" content=\"image\/jpeg\" \/>\n<meta name=\"author\" content=\"Astrid Osenbr\u00fcck\" \/>\n<meta name=\"twitter:label1\" content=\"Verfasst von\" \/>\n\t<meta name=\"twitter:data1\" content=\"Astrid Osenbr\u00fcck\" \/>\n\t<meta name=\"twitter:label2\" content=\"Gesch\u00e4tzte Lesezeit\" \/>\n\t<meta name=\"twitter:data2\" content=\"1\u00a0Minute\" \/>\n<script type=\"application\/ld+json\" class=\"yoast-schema-graph\">{\"@context\":\"https:\/\/schema.org\",\"@graph\":[{\"@type\":\"WebPage\",\"@id\":\"https:\/\/www.naturparkmagazin.de\/dahme-heideseen\/oekoaktionsplan-agrarministerium-sucht-bis-11-april-buergerinnen-und-buerger-die-ihre-perspektiven-einbringen\/\",\"url\":\"https:\/\/www.naturparkmagazin.de\/dahme-heideseen\/oekoaktionsplan-agrarministerium-sucht-bis-11-april-buergerinnen-und-buerger-die-ihre-perspektiven-einbringen\/\",\"name\":\"\u00d6koaktionsplan: Agrarministerium sucht bis 11. April B\u00fcrgerinnen und B\u00fcrger, die ihre Perspektiven einbringen - Naturpark Dahme-Heideseen\",\"isPartOf\":{\"@id\":\"https:\/\/www.naturparkmagazin.de\/dahme-heideseen\/#website\"},\"datePublished\":\"2021-03-25T07:16:00+00:00\",\"dateModified\":\"2021-03-25T07:16:00+00:00\",\"author\":{\"@id\":\"https:\/\/www.naturparkmagazin.de\/dahme-heideseen\/#\/schema\/person\/a0510aafafdf8183c95fc98faf0c9f21\"},\"breadcrumb\":{\"@id\":\"https:\/\/www.naturparkmagazin.de\/dahme-heideseen\/oekoaktionsplan-agrarministerium-sucht-bis-11-april-buergerinnen-und-buerger-die-ihre-perspektiven-einbringen\/#breadcrumb\"},\"inLanguage\":\"de\",\"potentialAction\":[{\"@type\":\"ReadAction\",\"target\":[\"https:\/\/www.naturparkmagazin.de\/dahme-heideseen\/oekoaktionsplan-agrarministerium-sucht-bis-11-april-buergerinnen-und-buerger-die-ihre-perspektiven-einbringen\/\"]}]},{\"@type\":\"BreadcrumbList\",\"@id\":\"https:\/\/www.naturparkmagazin.de\/dahme-heideseen\/oekoaktionsplan-agrarministerium-sucht-bis-11-april-buergerinnen-und-buerger-die-ihre-perspektiven-einbringen\/#breadcrumb\",\"itemListElement\":[{\"@type\":\"ListItem\",\"position\":1,\"name\":\"Home\",\"item\":\"https:\/\/www.naturparkmagazin.de\/dahme-heideseen\/\"},{\"@type\":\"ListItem\",\"position\":2,\"name\":\"\u00d6koaktionsplan: Agrarministerium sucht bis 11. April B\u00fcrgerinnen und B\u00fcrger, die ihre Perspektiven einbringen\"}]},{\"@type\":\"WebSite\",\"@id\":\"https:\/\/www.naturparkmagazin.de\/dahme-heideseen\/#website\",\"url\":\"https:\/\/www.naturparkmagazin.de\/dahme-heideseen\/\",\"name\":\"Naturpark Dahme-Heideseen\",\"description\":\"\",\"potentialAction\":[{\"@type\":\"SearchAction\",\"target\":{\"@type\":\"EntryPoint\",\"urlTemplate\":\"https:\/\/www.naturparkmagazin.de\/dahme-heideseen\/?s={search_term_string}\"},\"query-input\":\"required name=search_term_string\"}],\"inLanguage\":\"de\"},{\"@type\":\"Person\",\"@id\":\"https:\/\/www.naturparkmagazin.de\/dahme-heideseen\/#\/schema\/person\/a0510aafafdf8183c95fc98faf0c9f21\",\"name\":\"Astrid Osenbr\u00fcck\",\"sameAs\":[\"http:\/\/www.dahme-heideseen-naturpark.de\"],\"url\":\"https:\/\/www.naturparkmagazin.de\/dahme-heideseen\/author\/astridosenbrueck\/\"}]}<\/script>\n<!-- \/ Yoast SEO plugin. -->","yoast_head_json":{"title":"\u00d6koaktionsplan: Agrarministerium sucht bis 11. April B\u00fcrgerinnen und B\u00fcrger, die ihre Perspektiven einbringen - Naturpark Dahme-Heideseen","robots":{"index":"index","follow":"follow","max-snippet":"max-snippet:-1","max-image-preview":"max-image-preview:large","max-video-preview":"max-video-preview:-1"},"canonical":"https:\/\/www.naturparkmagazin.de\/dahme-heideseen\/oekoaktionsplan-agrarministerium-sucht-bis-11-april-buergerinnen-und-buerger-die-ihre-perspektiven-einbringen\/","og_locale":"de_DE","og_type":"article","og_title":"\u00d6koaktionsplan: Agrarministerium sucht bis 11. April B\u00fcrgerinnen und B\u00fcrger, die ihre Perspektiven einbringen - Naturpark Dahme-Heideseen","og_description":"Werde Teil des Projekts \u201e\u00d6koaktionsplan\u201c des Agrarumweltministeriums und begleite den Prozess aus Verbraucher-Perspektive! Die n\u00e4chste Phase der Erarbeitung des \u00d6koaktionsplans, um den \u00f6kologischen Landbau sowie die Verarbeitung und Vermarktung von Bio-Lebensmitteln voranzubringen, ist gestartet. Bis zum 11. April 2021 k\u00f6nnen Verbraucherinnen und Verbraucher, Erzeugerinnen und Erzeuger, Verb\u00e4nde, Verwaltung und weitere Stakeholder ihr Interesse zur Teilnahme bekunden.","og_url":"https:\/\/www.naturparkmagazin.de\/dahme-heideseen\/oekoaktionsplan-agrarministerium-sucht-bis-11-april-buergerinnen-und-buerger-die-ihre-perspektiven-einbringen\/","og_site_name":"Naturpark Dahme-Heideseen","article_published_time":"2021-03-25T07:16:00+00:00","og_image":[{"width":540,"height":540,"url":"https:\/\/www.naturparkmagazin.de\/dahme-heideseen\/wp-content\/uploads\/sites\/37\/\u00d6koBB.jpg","type":"image\/jpeg"}],"author":"Astrid Osenbr\u00fcck","twitter_misc":{"Verfasst von":"Astrid Osenbr\u00fcck","Gesch\u00e4tzte Lesezeit":"1\u00a0Minute"},"schema":{"@context":"https:\/\/schema.org","@graph":[{"@type":"WebPage","@id":"https:\/\/www.naturparkmagazin.de\/dahme-heideseen\/oekoaktionsplan-agrarministerium-sucht-bis-11-april-buergerinnen-und-buerger-die-ihre-perspektiven-einbringen\/","url":"https:\/\/www.naturparkmagazin.de\/dahme-heideseen\/oekoaktionsplan-agrarministerium-sucht-bis-11-april-buergerinnen-und-buerger-die-ihre-perspektiven-einbringen\/","name":"\u00d6koaktionsplan: Agrarministerium sucht bis 11. April B\u00fcrgerinnen und B\u00fcrger, die ihre Perspektiven einbringen - Naturpark Dahme-Heideseen","isPartOf":{"@id":"https:\/\/www.naturparkmagazin.de\/dahme-heideseen\/#website"},"datePublished":"2021-03-25T07:16:00+00:00","dateModified":"2021-03-25T07:16:00+00:00","author":{"@id":"https:\/\/www.naturparkmagazin.de\/dahme-heideseen\/#\/schema\/person\/a0510aafafdf8183c95fc98faf0c9f21"},"breadcrumb":{"@id":"https:\/\/www.naturparkmagazin.de\/dahme-heideseen\/oekoaktionsplan-agrarministerium-sucht-bis-11-april-buergerinnen-und-buerger-die-ihre-perspektiven-einbringen\/#breadcrumb"},"inLanguage":"de","potentialAction":[{"@type":"ReadAction","target":["https:\/\/www.naturparkmagazin.de\/dahme-heideseen\/oekoaktionsplan-agrarministerium-sucht-bis-11-april-buergerinnen-und-buerger-die-ihre-perspektiven-einbringen\/"]}]},{"@type":"BreadcrumbList","@id":"https:\/\/www.naturparkmagazin.de\/dahme-heideseen\/oekoaktionsplan-agrarministerium-sucht-bis-11-april-buergerinnen-und-buerger-die-ihre-perspektiven-einbringen\/#breadcrumb","itemListElement":[{"@type":"ListItem","position":1,"name":"Home","item":"https:\/\/www.naturparkmagazin.de\/dahme-heideseen\/"},{"@type":"ListItem","position":2,"name":"\u00d6koaktionsplan: Agrarministerium sucht bis 11. April B\u00fcrgerinnen und B\u00fcrger, die ihre Perspektiven einbringen"}]},{"@type":"WebSite","@id":"https:\/\/www.naturparkmagazin.de\/dahme-heideseen\/#website","url":"https:\/\/www.naturparkmagazin.de\/dahme-heideseen\/","name":"Naturpark Dahme-Heideseen","description":"","potentialAction":[{"@type":"SearchAction","target":{"@type":"EntryPoint","urlTemplate":"https:\/\/www.naturparkmagazin.de\/dahme-heideseen\/?s={search_term_string}"},"query-input":"required name=search_term_string"}],"inLanguage":"de"},{"@type":"Person","@id":"https:\/\/www.naturparkmagazin.de\/dahme-heideseen\/#\/schema\/person\/a0510aafafdf8183c95fc98faf0c9f21","name":"Astrid Osenbr\u00fcck","sameAs":["http:\/\/www.dahme-heideseen-naturpark.de"],"url":"https:\/\/www.naturparkmagazin.de\/dahme-heideseen\/author\/astridosenbrueck\/"}]}},"_links":{"self":[{"href":"https:\/\/www.naturparkmagazin.de\/dahme-heideseen\/wp-json\/wp\/v2\/posts\/3661"}],"collection":[{"href":"https:\/\/www.naturparkmagazin.de\/dahme-heideseen\/wp-json\/wp\/v2\/posts"}],"about":[{"href":"https:\/\/www.naturparkmagazin.de\/dahme-heideseen\/wp-json\/wp\/v2\/types\/post"}],"author":[{"embeddable":true,"href":"https:\/\/www.naturparkmagazin.de\/dahme-heideseen\/wp-json\/wp\/v2\/users\/83"}],"replies":[{"embeddable":true,"href":"https:\/\/www.naturparkmagazin.de\/dahme-heideseen\/wp-json\/wp\/v2\/comments?post=3661"}],"version-history":[{"count":2,"href":"https:\/\/www.naturparkmagazin.de\/dahme-heideseen\/wp-json\/wp\/v2\/posts\/3661\/revisions"}],"predecessor-version":[{"id":3665,"href":"https:\/\/www.naturparkmagazin.de\/dahme-heideseen\/wp-json\/wp\/v2\/posts\/3661\/revisions\/3665"}],"wp:featuredmedia":[{"embeddable":true,"href":"https:\/\/www.naturparkmagazin.de\/dahme-heideseen\/wp-json\/wp\/v2\/media\/3662"}],"wp:attachment":[{"href":"https:\/\/www.naturparkmagazin.de\/dahme-heideseen\/wp-json\/wp\/v2\/media?parent=3661"}],"wp:term":[{"taxonomy":"category","embeddable":true,"href":"https:\/\/www.naturparkmagazin.de\/dahme-heideseen\/wp-json\/wp\/v2\/categories?post=3661"},{"taxonomy":"post_tag","embeddable":true,"href":"https:\/\/www.naturparkmagazin.de\/dahme-heideseen\/wp-json\/wp\/v2\/tags?post=3661"}],"curies":[{"name":"wp","href":"https:\/\/api.w.org\/{rel}","templated":true}]}}