{"id":3669,"date":"2026-04-10T11:27:56","date_gmt":"2026-04-10T09:27:56","guid":{"rendered":"https:\/\/www.naturparkmagazin.de\/dahme-heideseen\/?p=3669"},"modified":"2026-04-28T09:32:21","modified_gmt":"2026-04-28T07:32:21","slug":"stunde-der-gartenvoegel-mach-mit","status":"publish","type":"post","link":"https:\/\/www.naturparkmagazin.de\/dahme-heideseen\/stunde-der-gartenvoegel-mach-mit\/","title":{"rendered":"Stunde der Gartenv\u00f6gel &#8211; Mach mit!"},"content":{"rendered":"<p>Vom 9. bis 11 . Mai findet die bundesweite \u201eStunde der Gartenv\u00f6gel\u201c statt. Mitmachen kann Jede\/r, der Interesse an den gefiederten Freunden hat.<\/p>\n<div id=\"attachment_3671\" style=\"width: 310px\" class=\"wp-caption alignnone\"><a href=\"https:\/\/www.naturparkmagazin.de\/dahme-heideseen\/wp-content\/uploads\/sites\/37\/Gartenv\u00f6gel_Nabu.jpeg\"><img aria-describedby=\"caption-attachment-3671\" decoding=\"async\" loading=\"lazy\" class=\"wp-image-3671 size-thumbnail\" src=\"https:\/\/www.naturparkmagazin.de\/dahme-heideseen\/wp-content\/uploads\/sites\/37\/Gartenv\u00f6gel_Nabu-300x150.jpeg\" alt=\"Stunde der Gartenv\u00f6gel (\u00a9 NABU \u2013 Naturschutzbund Deutschland e.V.)\" width=\"300\" height=\"150\" srcset=\"https:\/\/www.naturparkmagazin.de\/dahme-heideseen\/wp-content\/uploads\/sites\/37\/Gartenv\u00f6gel_Nabu-300x150.jpeg 300w, https:\/\/www.naturparkmagazin.de\/dahme-heideseen\/wp-content\/uploads\/sites\/37\/Gartenv\u00f6gel_Nabu-620x310.jpeg 620w, https:\/\/www.naturparkmagazin.de\/dahme-heideseen\/wp-content\/uploads\/sites\/37\/Gartenv\u00f6gel_Nabu-670x335.jpeg 670w, https:\/\/www.naturparkmagazin.de\/dahme-heideseen\/wp-content\/uploads\/sites\/37\/Gartenv\u00f6gel_Nabu-200x100.jpeg 200w, https:\/\/www.naturparkmagazin.de\/dahme-heideseen\/wp-content\/uploads\/sites\/37\/Gartenv\u00f6gel_Nabu.jpeg 766w\" sizes=\"(max-width: 300px) 100vw, 300px\" \/><\/a><p id=\"caption-attachment-3671\" class=\"wp-caption-text\">Stunde der Gartenv\u00f6gel (\u00a9 NABU)<\/p><\/div>\n<p>Die Teilnahme ist einfach: gez\u00e4hlt werden f\u00fcr jeweils eine Stunde alle V\u00f6gel im n\u00e4heren Umfeld \u2013 egal ob im Garten, vom Balkon aus, oder im benachbarten Park. Es wird dabei die h\u00f6chste Anzahl von jeder Art, die gleichzeitig zu sehen ist, notiert. So werden V\u00f6gel, die wegflattern und wiederkommen, nicht doppelt gez\u00e4hlt.<\/p>\n<p>Alle flei\u00dfigen Vogelbeobachter k\u00f6nnen die Ergebnisse dem NABU melden und an einem Gewinnspiel teilnehmen.<\/p>\n<p>N\u00e4here <a href=\"https:\/\/www.nabu.de\/tiere-und-pflanzen\/aktionen-und-projekte\/stunde-der-gartenvoegel\/index.html\" target=\"_blank\" rel=\"noopener\">Informationen zur Aktion &#8222;Stunde der Gartenv\u00f6gel&#8220;<\/a> findet Sie hier.<\/p>\n","protected":false},"excerpt":{"rendered":"<p>Vom 8. bis 10. Mai findet die bundesweite \u201eStunde der Gartenv\u00f6gel\u201c statt. <\/p>\n","protected":false},"author":83,"featured_media":3671,"comment_status":"open","ping_status":"open","sticky":false,"template":"","format":"standard","meta":[],"categories":[11],"tags":[],"yoast_head":"<!-- This site is optimized with the Yoast SEO plugin v19.10 - https:\/\/yoast.com\/wordpress\/plugins\/seo\/ -->\n<title>Stunde der Gartenv\u00f6gel - Mach mit! - Naturpark Dahme-Heideseen<\/title>\n<meta name=\"robots\" content=\"index, follow, max-snippet:-1, max-image-preview:large, max-video-preview:-1\" \/>\n<link rel=\"canonical\" href=\"https:\/\/www.naturparkmagazin.de\/dahme-heideseen\/stunde-der-gartenvoegel-mach-mit\/\" \/>\n<meta property=\"og:locale\" content=\"de_DE\" \/>\n<meta property=\"og:type\" content=\"article\" \/>\n<meta property=\"og:title\" content=\"Stunde der Gartenv\u00f6gel - Mach mit! - Naturpark Dahme-Heideseen\" \/>\n<meta property=\"og:description\" content=\"Vom 8. bis 10. Mai findet die bundesweite \u201eStunde der Gartenv\u00f6gel\u201c statt.\" \/>\n<meta property=\"og:url\" content=\"https:\/\/www.naturparkmagazin.de\/dahme-heideseen\/stunde-der-gartenvoegel-mach-mit\/\" \/>\n<meta property=\"og:site_name\" content=\"Naturpark Dahme-Heideseen\" \/>\n<meta property=\"article:published_time\" content=\"2026-04-10T09:27:56+00:00\" \/>\n<meta property=\"article:modified_time\" content=\"2026-04-28T07:32:21+00:00\" \/>\n<meta property=\"og:image\" content=\"https:\/\/www.naturparkmagazin.de\/dahme-heideseen\/wp-content\/uploads\/sites\/37\/Gartenv\u00f6gel_Nabu.jpeg\" \/>\n\t<meta property=\"og:image:width\" content=\"766\" \/>\n\t<meta property=\"og:image:height\" content=\"383\" \/>\n\t<meta property=\"og:image:type\" content=\"image\/jpeg\" \/>\n<meta name=\"author\" content=\"Astrid Osenbr\u00fcck\" \/>\n<meta name=\"twitter:label1\" content=\"Verfasst von\" \/>\n\t<meta name=\"twitter:data1\" content=\"Astrid Osenbr\u00fcck\" \/>\n\t<meta name=\"twitter:label2\" content=\"Gesch\u00e4tzte Lesezeit\" \/>\n\t<meta name=\"twitter:data2\" content=\"1\u00a0Minute\" \/>\n<script type=\"application\/ld+json\" class=\"yoast-schema-graph\">{\"@context\":\"https:\/\/schema.org\",\"@graph\":[{\"@type\":\"WebPage\",\"@id\":\"https:\/\/www.naturparkmagazin.de\/dahme-heideseen\/stunde-der-gartenvoegel-mach-mit\/\",\"url\":\"https:\/\/www.naturparkmagazin.de\/dahme-heideseen\/stunde-der-gartenvoegel-mach-mit\/\",\"name\":\"Stunde der Gartenv\u00f6gel - Mach mit! - Naturpark Dahme-Heideseen\",\"isPartOf\":{\"@id\":\"https:\/\/www.naturparkmagazin.de\/dahme-heideseen\/#website\"},\"datePublished\":\"2026-04-10T09:27:56+00:00\",\"dateModified\":\"2026-04-28T07:32:21+00:00\",\"author\":{\"@id\":\"https:\/\/www.naturparkmagazin.de\/dahme-heideseen\/#\/schema\/person\/a0510aafafdf8183c95fc98faf0c9f21\"},\"breadcrumb\":{\"@id\":\"https:\/\/www.naturparkmagazin.de\/dahme-heideseen\/stunde-der-gartenvoegel-mach-mit\/#breadcrumb\"},\"inLanguage\":\"de\",\"potentialAction\":[{\"@type\":\"ReadAction\",\"target\":[\"https:\/\/www.naturparkmagazin.de\/dahme-heideseen\/stunde-der-gartenvoegel-mach-mit\/\"]}]},{\"@type\":\"BreadcrumbList\",\"@id\":\"https:\/\/www.naturparkmagazin.de\/dahme-heideseen\/stunde-der-gartenvoegel-mach-mit\/#breadcrumb\",\"itemListElement\":[{\"@type\":\"ListItem\",\"position\":1,\"name\":\"Home\",\"item\":\"https:\/\/www.naturparkmagazin.de\/dahme-heideseen\/\"},{\"@type\":\"ListItem\",\"position\":2,\"name\":\"Stunde der Gartenv\u00f6gel &#8211; Mach mit!\"}]},{\"@type\":\"WebSite\",\"@id\":\"https:\/\/www.naturparkmagazin.de\/dahme-heideseen\/#website\",\"url\":\"https:\/\/www.naturparkmagazin.de\/dahme-heideseen\/\",\"name\":\"Naturpark Dahme-Heideseen\",\"description\":\"\",\"potentialAction\":[{\"@type\":\"SearchAction\",\"target\":{\"@type\":\"EntryPoint\",\"urlTemplate\":\"https:\/\/www.naturparkmagazin.de\/dahme-heideseen\/?s={search_term_string}\"},\"query-input\":\"required name=search_term_string\"}],\"inLanguage\":\"de\"},{\"@type\":\"Person\",\"@id\":\"https:\/\/www.naturparkmagazin.de\/dahme-heideseen\/#\/schema\/person\/a0510aafafdf8183c95fc98faf0c9f21\",\"name\":\"Astrid Osenbr\u00fcck\",\"sameAs\":[\"http:\/\/www.dahme-heideseen-naturpark.de\"],\"url\":\"https:\/\/www.naturparkmagazin.de\/dahme-heideseen\/author\/astridosenbrueck\/\"}]}<\/script>\n<!-- \/ Yoast SEO plugin. -->","yoast_head_json":{"title":"Stunde der Gartenv\u00f6gel - Mach mit! - Naturpark Dahme-Heideseen","robots":{"index":"index","follow":"follow","max-snippet":"max-snippet:-1","max-image-preview":"max-image-preview:large","max-video-preview":"max-video-preview:-1"},"canonical":"https:\/\/www.naturparkmagazin.de\/dahme-heideseen\/stunde-der-gartenvoegel-mach-mit\/","og_locale":"de_DE","og_type":"article","og_title":"Stunde der Gartenv\u00f6gel - Mach mit! - Naturpark Dahme-Heideseen","og_description":"Vom 8. bis 10. Mai findet die bundesweite \u201eStunde der Gartenv\u00f6gel\u201c statt.","og_url":"https:\/\/www.naturparkmagazin.de\/dahme-heideseen\/stunde-der-gartenvoegel-mach-mit\/","og_site_name":"Naturpark Dahme-Heideseen","article_published_time":"2026-04-10T09:27:56+00:00","article_modified_time":"2026-04-28T07:32:21+00:00","og_image":[{"width":766,"height":383,"url":"https:\/\/www.naturparkmagazin.de\/dahme-heideseen\/wp-content\/uploads\/sites\/37\/Gartenv\u00f6gel_Nabu.jpeg","type":"image\/jpeg"}],"author":"Astrid Osenbr\u00fcck","twitter_misc":{"Verfasst von":"Astrid Osenbr\u00fcck","Gesch\u00e4tzte Lesezeit":"1\u00a0Minute"},"schema":{"@context":"https:\/\/schema.org","@graph":[{"@type":"WebPage","@id":"https:\/\/www.naturparkmagazin.de\/dahme-heideseen\/stunde-der-gartenvoegel-mach-mit\/","url":"https:\/\/www.naturparkmagazin.de\/dahme-heideseen\/stunde-der-gartenvoegel-mach-mit\/","name":"Stunde der Gartenv\u00f6gel - Mach mit! - Naturpark Dahme-Heideseen","isPartOf":{"@id":"https:\/\/www.naturparkmagazin.de\/dahme-heideseen\/#website"},"datePublished":"2026-04-10T09:27:56+00:00","dateModified":"2026-04-28T07:32:21+00:00","author":{"@id":"https:\/\/www.naturparkmagazin.de\/dahme-heideseen\/#\/schema\/person\/a0510aafafdf8183c95fc98faf0c9f21"},"breadcrumb":{"@id":"https:\/\/www.naturparkmagazin.de\/dahme-heideseen\/stunde-der-gartenvoegel-mach-mit\/#breadcrumb"},"inLanguage":"de","potentialAction":[{"@type":"ReadAction","target":["https:\/\/www.naturparkmagazin.de\/dahme-heideseen\/stunde-der-gartenvoegel-mach-mit\/"]}]},{"@type":"BreadcrumbList","@id":"https:\/\/www.naturparkmagazin.de\/dahme-heideseen\/stunde-der-gartenvoegel-mach-mit\/#breadcrumb","itemListElement":[{"@type":"ListItem","position":1,"name":"Home","item":"https:\/\/www.naturparkmagazin.de\/dahme-heideseen\/"},{"@type":"ListItem","position":2,"name":"Stunde der Gartenv\u00f6gel &#8211; Mach mit!"}]},{"@type":"WebSite","@id":"https:\/\/www.naturparkmagazin.de\/dahme-heideseen\/#website","url":"https:\/\/www.naturparkmagazin.de\/dahme-heideseen\/","name":"Naturpark Dahme-Heideseen","description":"","potentialAction":[{"@type":"SearchAction","target":{"@type":"EntryPoint","urlTemplate":"https:\/\/www.naturparkmagazin.de\/dahme-heideseen\/?s={search_term_string}"},"query-input":"required name=search_term_string"}],"inLanguage":"de"},{"@type":"Person","@id":"https:\/\/www.naturparkmagazin.de\/dahme-heideseen\/#\/schema\/person\/a0510aafafdf8183c95fc98faf0c9f21","name":"Astrid Osenbr\u00fcck","sameAs":["http:\/\/www.dahme-heideseen-naturpark.de"],"url":"https:\/\/www.naturparkmagazin.de\/dahme-heideseen\/author\/astridosenbrueck\/"}]}},"_links":{"self":[{"href":"https:\/\/www.naturparkmagazin.de\/dahme-heideseen\/wp-json\/wp\/v2\/posts\/3669"}],"collection":[{"href":"https:\/\/www.naturparkmagazin.de\/dahme-heideseen\/wp-json\/wp\/v2\/posts"}],"about":[{"href":"https:\/\/www.naturparkmagazin.de\/dahme-heideseen\/wp-json\/wp\/v2\/types\/post"}],"author":[{"embeddable":true,"href":"https:\/\/www.naturparkmagazin.de\/dahme-heideseen\/wp-json\/wp\/v2\/users\/83"}],"replies":[{"embeddable":true,"href":"https:\/\/www.naturparkmagazin.de\/dahme-heideseen\/wp-json\/wp\/v2\/comments?post=3669"}],"version-history":[{"count":7,"href":"https:\/\/www.naturparkmagazin.de\/dahme-heideseen\/wp-json\/wp\/v2\/posts\/3669\/revisions"}],"predecessor-version":[{"id":8011,"href":"https:\/\/www.naturparkmagazin.de\/dahme-heideseen\/wp-json\/wp\/v2\/posts\/3669\/revisions\/8011"}],"wp:featuredmedia":[{"embeddable":true,"href":"https:\/\/www.naturparkmagazin.de\/dahme-heideseen\/wp-json\/wp\/v2\/media\/3671"}],"wp:attachment":[{"href":"https:\/\/www.naturparkmagazin.de\/dahme-heideseen\/wp-json\/wp\/v2\/media?parent=3669"}],"wp:term":[{"taxonomy":"category","embeddable":true,"href":"https:\/\/www.naturparkmagazin.de\/dahme-heideseen\/wp-json\/wp\/v2\/categories?post=3669"},{"taxonomy":"post_tag","embeddable":true,"href":"https:\/\/www.naturparkmagazin.de\/dahme-heideseen\/wp-json\/wp\/v2\/tags?post=3669"}],"curies":[{"name":"wp","href":"https:\/\/api.w.org\/{rel}","templated":true}]}}