{"id":3681,"date":"2021-04-20T11:55:13","date_gmt":"2021-04-20T09:55:13","guid":{"rendered":"https:\/\/www.naturparkmagazin.de\/dahme-heideseen\/?p=3681"},"modified":"2021-04-28T12:16:13","modified_gmt":"2021-04-28T10:16:13","slug":"promi-des-monats-klaus-haubold","status":"publish","type":"post","link":"https:\/\/www.naturparkmagazin.de\/dahme-heideseen\/promi-des-monats-klaus-haubold\/","title":{"rendered":"Promi des Monats: Klaus Haubold"},"content":{"rendered":"<p>In der Rubrik \u201ePromi des Monats\u201c stellen wir jeden Monat eine\/n Akteur\/in aus dem Naturpark Dahme-Heideseen vor, um die Entwicklung des Naturparks und die Vielfalt der Arbeitsbereiche darzustellen. Diesmal beantwortet <strong>Klaus Haubold, Mitarbeiter des Naturparks Dahme-Heideseen,<\/strong> unsere Fragen und gibt einen interessanten Einblick in seinen Arbeitsalltag und den Bereich &#8222;<strong>\u00d6kologisierung der Landnutzung<\/strong>&#8222;.<\/p>\n<p><em>1. Hallo Herr Haubold, vielen Dank, dass Sie sich f\u00fcr ein kurzes Interview Zeit nehmen. Seit Herbst 1998 sind Sie in der Naturpark-Verwaltung haupts\u00e4chlich f\u00fcr die \u00d6kologisierung der Landnutzung zust\u00e4ndig und somit seit Gr\u00fcndung des Naturparks dabei*. Wie sind Sie zu diesem Berufsbild gekommen?<\/em><\/p>\n<p>Nach meinem Studium an der HU Berlin, Gew\u00e4sser\u00f6kologie und Binnenfischerei, habe ich ein Freiwilliges \u00d6kologisches Jahr absolviert und bin dann als Gew\u00e4sser\u00f6kologe im Biosph\u00e4renreservat Spreewald gestartet. In dieser Zeit habe ich Hans Sonnenberg, damals u.a. f\u00fcr Landschaftsplanung im Naturparks verantwortlich, kennengelernt. Als w\u00e4hrend der Gr\u00fcndungsphase des Naturparks Dahme-Heideseen der Pflege- und Entwicklungsplan (PEP) f\u00fcr das Gebiet erstellt wurde, wurde ich von der Landesanstalt f\u00fcr Gro\u00dfschutzgebiete als Verantwortlicher f\u00fcr die \u00d6kologisierung der Landnutzung und GIS eingestellt. Seitdem bin ich in diesem Bereich t\u00e4tig und verhandle haupts\u00e4chlich die Umsetzung der Naturschutzma\u00dfnahmen mit den LandbesitzernInnen.<\/p>\n<p>*Anmerkung: Der Naturpark Dahme-Heideseen wurde am 24. Juli 1998 gegr\u00fcndet. Der Sitz der Naturpark-Verwaltung ist seitdem die Alte Schule in Prieros.<\/p>\n<p>&nbsp;<\/p>\n<p><em>2. Welche Voraussetzungen ben\u00f6tigt man f\u00fcr diesen Arbeitsbereich in der Naturpark-Verwaltung?<\/em><\/p>\n<p>Grunds\u00e4tzlich sollte man Einf\u00fchlungsverm\u00f6gen besitzen, auf die Bed\u00fcrfnisse der LandbesitzerInnen eingehen k\u00f6nnen und Freude am Netzwerken haben. Auch ein technisches Verst\u00e4ndnis f\u00fcr Landschaftspflegeger\u00e4tschaften und allgemeine Kenntnisse in den Bereichen Naturschutz, Pflanzenarten und deren Standortanspr\u00fcche sollten mitgebracht werden. Denn eine der Kern-Fragen ist, wie sich die Landschaftspflege auf ein Biotop auswirkt. Zus\u00e4tzlich sollte man einen guten \u00dcberblick \u00fcber F\u00f6rderprogramme besitzen.<\/p>\n<p>&nbsp;<\/p>\n<p><em>3. Was ist eins Ihrer sch\u00f6nsten Erlebnisse?<\/em><\/p>\n<p>Das war die Er\u00f6ffnung des Naturparks im Sommer 1998. Obwohl ich damals noch nicht in der Naturpark-Verwaltung angestellt war, kann ich mich noch sehr gut an die Er\u00f6ffnungsfeier erinnern. Solch ein buntes Treiben auf der Prieroser Dorfaue mit vielen Naturpark-Interessenten habe ich seitdem selten erlebt.<\/p>\n<p>&nbsp;<\/p>\n<p><em>4. An welche skurrilen Erlebnisse erinnern Sie sich?<\/em><\/p>\n<p>Da gibt es ein Erlebnis aus dem letzten Herbst, welches sehr aufregend aber auch sehr sch\u00f6n war. Wir sollten damals im Gebiet der Hermsdorfer M\u00fchle, bei der D\u00fcne Bienenhorst, eine gro\u00dfe Traubenkirsche f\u00e4llen lassen. Der zust\u00e4ndige Forstwirt ist beim Transport des Baumes mit seinem gro\u00dfen Forsttraktor inklusive Ladekran am sp\u00e4ten Abend im Schlamm stecken geblieben. Aufgrund der gro\u00dfen Ladung war es f\u00fcr ihn unm\u00f6glich ohne Hilfe aus dem Schlamm zu fahren. Ein uns gut bekannter Landwirt wurde zu sp\u00e4ter Stunde dazu geholt und zog mit seinem gro\u00dfen Traktor das Fahrzeug heraus. Durch die ganze Aufregung ist auch mein Hund verschwunden, der gl\u00fccklicherweise wiederaufgetaucht ist. *lacht* Gegen Mitternacht waren wir mit der Bergung des Fahrzeugs fertig. Somit ist ohne Sch\u00e4den doch noch alles gut gegangen. Da war ich sehr dankbar f\u00fcr das gute Naturpark-Netzwerk.<\/p>\n<p>&nbsp;<\/p>\n<p><em>5. Wie halten Sie Ihr Wissen auf dem neuesten Stand?<\/em><\/p>\n<p>Es gibt einen beh\u00f6rdeninternen Arbeitskreis \u201eLandnutzung\u201c, wo ein st\u00e4ndiger Wissensaustausch stattfindet. Das ist sehr wertvoll. Des Weiteren nehme ich einmal pro Jahr an dem Landschaftspflegetag teil, auf dem Referenten aus Brandenburg und ganz Deutschland sprechen. Aber auch aktuelle Studien, Tagungsberichte und Gespr\u00e4che mit Landwirten geh\u00f6ren zum regelm\u00e4\u00dfigen Wissensaustausch.<\/p>\n<p>&nbsp;<\/p>\n<p><em>6. Wenn Sie als Naturpark-Mitarbeiter unseren Kindern eine Sache mitgeben k\u00f6nnten, was w\u00e4re dies?<\/em><\/p>\n<p>Ich w\u00fcrde den Kindern raten, sich mehr im Freien aufzuhalten und mit offenen Augen &amp; Ohren durch die Natur zu gehen. Ob Outdoor-Aktivit\u00e4ten mit den Eltern oder einfach mal einen Landwirt bei seiner Arbeit beobachten \u2013 in der Natur gibt es viele spannende Sachen zu entdecken und zu lernen.<\/p>\n<p>&nbsp;<\/p>\n<p><em>7. Was macht den Naturpark ihrer Meinung nach so besonders?<\/em><\/p>\n<p>Allgemein ist in unserem Naturpark besonders die enge Verzahnung zwischen nassen und trockenen Standorten wie Seen und D\u00fcnen auff\u00e4llig. Das zeichnet unser Gebiet als ein vielf\u00e4ltiges Erholungsgebiet, dessen Seen \u00fcber viele Wasserstra\u00dfen verbunden sind, aus.<\/p>\n<p>Auch die weit verbreitete extensive Landnutzung mit 70% \u00d6ko-Landbau gemeinsam mit der Region Spreewald ist eine Besonderheit.<\/p>\n<p>Des Weiteren haben wir im Naturpark einen sehr hohen Waldanteil. Dabei ist erw\u00e4hnenswert, dass Landeswald, Bundesforst und private Forstbetriebe, wie die Hatzfeldt-Wildenburg\u00b4sche Verwaltung mit ca. 6000 ha Wald-Fl\u00e4che, FSC- und PEFC zertifiziert sind und sich somit freiwillig Bewirtschaftungskriterien, die auf Nachhaltigkeit ausgelegt sind, und regelm\u00e4\u00dfigen Kontrollen unterwerfen. Das ist ein Brandenburg sehr selten.<\/p>\n<p>&nbsp;<\/p>\n<p><em>8. Welche Entwicklung w\u00fcnschen Sie sich f\u00fcr den Naturpark?<\/em><\/p>\n<p>Meiner Meinung nach ist der Naturpark bereits gut vernetzt und auf einem guten Stand. Jedoch w\u00fcnsche ich mir, dass die Menschen noch bewusster \u00fcber ihr eigenes Handeln nachdenken, auch wenn es \u201enur\u201c die Pflege des eigenen Gartens ist. Daf\u00fcr w\u00e4re es f\u00f6rderlich den Bereich Umweltbildung zu st\u00e4rken und beispielsweise Projekte im Biogarten und an Schulen auszubauen.<\/p>\n<p>&nbsp;<\/p>\n<p><em>9. Was ist Ihre Lieblingsecke im Naturpark?<\/em><\/p>\n<p>*lacht* Der Dobrasee zum Baden!<\/p>\n<p>Eine weitere Lieblingsecke ist das gro\u00dfe Naturschutzgebiet beim P\u00e4tzer Hintersee. Auf dem Hofjagdweg oder dem Rundweg um die P\u00e4tzer Seen kann man die Vielfalt dieses Naturschutzgebietes zu Fu\u00df oder auf dem Fahrrad entdecken.<\/p>\n<p>&nbsp;<\/p>\n<div id=\"attachment_3693\" style=\"width: 310px\" class=\"wp-caption alignnone\"><a href=\"https:\/\/www.naturparkmagazin.de\/dahme-heideseen\/wp-content\/uploads\/sites\/37\/Klaus_Teamausflug.jpg\"><img aria-describedby=\"caption-attachment-3693\" decoding=\"async\" loading=\"lazy\" class=\"size-thumbnail wp-image-3693\" src=\"https:\/\/www.naturparkmagazin.de\/dahme-heideseen\/wp-content\/uploads\/sites\/37\/Klaus_Teamausflug-300x225.jpg\" alt=\"Klaus Haubold beim N4 Teamtag 2017  (\u00a9 Klaus Haubold)\" width=\"300\" height=\"225\" srcset=\"https:\/\/www.naturparkmagazin.de\/dahme-heideseen\/wp-content\/uploads\/sites\/37\/Klaus_Teamausflug-300x225.jpg 300w, https:\/\/www.naturparkmagazin.de\/dahme-heideseen\/wp-content\/uploads\/sites\/37\/Klaus_Teamausflug-620x465.jpg 620w, https:\/\/www.naturparkmagazin.de\/dahme-heideseen\/wp-content\/uploads\/sites\/37\/Klaus_Teamausflug-580x435.jpg 580w, https:\/\/www.naturparkmagazin.de\/dahme-heideseen\/wp-content\/uploads\/sites\/37\/Klaus_Teamausflug-420x315.jpg 420w, https:\/\/www.naturparkmagazin.de\/dahme-heideseen\/wp-content\/uploads\/sites\/37\/Klaus_Teamausflug-180x135.jpg 180w, https:\/\/www.naturparkmagazin.de\/dahme-heideseen\/wp-content\/uploads\/sites\/37\/Klaus_Teamausflug-95x71.jpg 95w, https:\/\/www.naturparkmagazin.de\/dahme-heideseen\/wp-content\/uploads\/sites\/37\/Klaus_Teamausflug-670x503.jpg 670w, https:\/\/www.naturparkmagazin.de\/dahme-heideseen\/wp-content\/uploads\/sites\/37\/Klaus_Teamausflug-200x150.jpg 200w, https:\/\/www.naturparkmagazin.de\/dahme-heideseen\/wp-content\/uploads\/sites\/37\/Klaus_Teamausflug.jpg 794w\" sizes=\"(max-width: 300px) 100vw, 300px\" \/><\/a><p id=\"caption-attachment-3693\" class=\"wp-caption-text\">Klaus Haubold beim N4 Teamtag 2017 (\u00a9 Klaus Haubold)<\/p><\/div>\n<p>&nbsp;<\/p>\n<p><em>10. Empfehlung: n\u00e4chster Promi des Monats<\/em><\/p>\n<p>Als n\u00e4chsten Interview-Partner empfehle ich einen Akteur aus der Landwirtschaft.<\/p>\n<p>&nbsp;<\/p>\n<p><em>Herr Haubold, vielen Dank f\u00fcr das nette und sehr informative Gespr\u00e4ch.<\/em><\/p>\n","protected":false},"excerpt":{"rendered":"<p>In der Rubrik \u201ePromi des Monats\u201c stellen wir jeden Monat eine\/n Akteur\/in aus dem Naturpark Dahme-Heideseen vor, um die Entwicklung des Naturparks und die Vielfalt der Arbeitsbereiche darzustellen.<\/p>\n","protected":false},"author":83,"featured_media":3693,"comment_status":"open","ping_status":"open","sticky":false,"template":"","format":"standard","meta":[],"categories":[15,8],"tags":[],"yoast_head":"<!-- This site is optimized with the Yoast SEO plugin v19.10 - https:\/\/yoast.com\/wordpress\/plugins\/seo\/ -->\n<title>Promi des Monats: Klaus Haubold - Naturpark Dahme-Heideseen<\/title>\n<meta name=\"robots\" content=\"index, follow, max-snippet:-1, max-image-preview:large, max-video-preview:-1\" \/>\n<link rel=\"canonical\" href=\"https:\/\/www.naturparkmagazin.de\/dahme-heideseen\/promi-des-monats-klaus-haubold\/\" \/>\n<meta property=\"og:locale\" content=\"de_DE\" \/>\n<meta property=\"og:type\" content=\"article\" \/>\n<meta property=\"og:title\" content=\"Promi des Monats: Klaus Haubold - Naturpark Dahme-Heideseen\" \/>\n<meta property=\"og:description\" content=\"In der Rubrik \u201ePromi des Monats\u201c stellen wir jeden Monat eine\/n Akteur\/in aus dem Naturpark Dahme-Heideseen vor, um die Entwicklung des Naturparks und die Vielfalt der Arbeitsbereiche darzustellen.\" \/>\n<meta property=\"og:url\" content=\"https:\/\/www.naturparkmagazin.de\/dahme-heideseen\/promi-des-monats-klaus-haubold\/\" \/>\n<meta property=\"og:site_name\" content=\"Naturpark Dahme-Heideseen\" \/>\n<meta property=\"article:published_time\" content=\"2021-04-20T09:55:13+00:00\" \/>\n<meta property=\"article:modified_time\" content=\"2021-04-28T10:16:13+00:00\" \/>\n<meta property=\"og:image\" content=\"https:\/\/www.naturparkmagazin.de\/dahme-heideseen\/wp-content\/uploads\/sites\/37\/Klaus_Teamausflug.jpg\" \/>\n\t<meta property=\"og:image:width\" content=\"794\" \/>\n\t<meta property=\"og:image:height\" content=\"596\" \/>\n\t<meta property=\"og:image:type\" content=\"image\/jpeg\" \/>\n<meta name=\"author\" content=\"Astrid Osenbr\u00fcck\" \/>\n<meta name=\"twitter:label1\" content=\"Verfasst von\" \/>\n\t<meta name=\"twitter:data1\" content=\"Astrid Osenbr\u00fcck\" \/>\n\t<meta name=\"twitter:label2\" content=\"Gesch\u00e4tzte Lesezeit\" \/>\n\t<meta name=\"twitter:data2\" content=\"5\u00a0Minuten\" \/>\n<script type=\"application\/ld+json\" class=\"yoast-schema-graph\">{\"@context\":\"https:\/\/schema.org\",\"@graph\":[{\"@type\":\"WebPage\",\"@id\":\"https:\/\/www.naturparkmagazin.de\/dahme-heideseen\/promi-des-monats-klaus-haubold\/\",\"url\":\"https:\/\/www.naturparkmagazin.de\/dahme-heideseen\/promi-des-monats-klaus-haubold\/\",\"name\":\"Promi des Monats: Klaus Haubold - Naturpark Dahme-Heideseen\",\"isPartOf\":{\"@id\":\"https:\/\/www.naturparkmagazin.de\/dahme-heideseen\/#website\"},\"datePublished\":\"2021-04-20T09:55:13+00:00\",\"dateModified\":\"2021-04-28T10:16:13+00:00\",\"author\":{\"@id\":\"https:\/\/www.naturparkmagazin.de\/dahme-heideseen\/#\/schema\/person\/a0510aafafdf8183c95fc98faf0c9f21\"},\"breadcrumb\":{\"@id\":\"https:\/\/www.naturparkmagazin.de\/dahme-heideseen\/promi-des-monats-klaus-haubold\/#breadcrumb\"},\"inLanguage\":\"de\",\"potentialAction\":[{\"@type\":\"ReadAction\",\"target\":[\"https:\/\/www.naturparkmagazin.de\/dahme-heideseen\/promi-des-monats-klaus-haubold\/\"]}]},{\"@type\":\"BreadcrumbList\",\"@id\":\"https:\/\/www.naturparkmagazin.de\/dahme-heideseen\/promi-des-monats-klaus-haubold\/#breadcrumb\",\"itemListElement\":[{\"@type\":\"ListItem\",\"position\":1,\"name\":\"Home\",\"item\":\"https:\/\/www.naturparkmagazin.de\/dahme-heideseen\/\"},{\"@type\":\"ListItem\",\"position\":2,\"name\":\"Promi des Monats: Klaus Haubold\"}]},{\"@type\":\"WebSite\",\"@id\":\"https:\/\/www.naturparkmagazin.de\/dahme-heideseen\/#website\",\"url\":\"https:\/\/www.naturparkmagazin.de\/dahme-heideseen\/\",\"name\":\"Naturpark Dahme-Heideseen\",\"description\":\"\",\"potentialAction\":[{\"@type\":\"SearchAction\",\"target\":{\"@type\":\"EntryPoint\",\"urlTemplate\":\"https:\/\/www.naturparkmagazin.de\/dahme-heideseen\/?s={search_term_string}\"},\"query-input\":\"required name=search_term_string\"}],\"inLanguage\":\"de\"},{\"@type\":\"Person\",\"@id\":\"https:\/\/www.naturparkmagazin.de\/dahme-heideseen\/#\/schema\/person\/a0510aafafdf8183c95fc98faf0c9f21\",\"name\":\"Astrid Osenbr\u00fcck\",\"sameAs\":[\"http:\/\/www.dahme-heideseen-naturpark.de\"],\"url\":\"https:\/\/www.naturparkmagazin.de\/dahme-heideseen\/author\/astridosenbrueck\/\"}]}<\/script>\n<!-- \/ Yoast SEO plugin. -->","yoast_head_json":{"title":"Promi des Monats: Klaus Haubold - Naturpark Dahme-Heideseen","robots":{"index":"index","follow":"follow","max-snippet":"max-snippet:-1","max-image-preview":"max-image-preview:large","max-video-preview":"max-video-preview:-1"},"canonical":"https:\/\/www.naturparkmagazin.de\/dahme-heideseen\/promi-des-monats-klaus-haubold\/","og_locale":"de_DE","og_type":"article","og_title":"Promi des Monats: Klaus Haubold - Naturpark Dahme-Heideseen","og_description":"In der Rubrik \u201ePromi des Monats\u201c stellen wir jeden Monat eine\/n Akteur\/in aus dem Naturpark Dahme-Heideseen vor, um die Entwicklung des Naturparks und die Vielfalt der Arbeitsbereiche darzustellen.","og_url":"https:\/\/www.naturparkmagazin.de\/dahme-heideseen\/promi-des-monats-klaus-haubold\/","og_site_name":"Naturpark Dahme-Heideseen","article_published_time":"2021-04-20T09:55:13+00:00","article_modified_time":"2021-04-28T10:16:13+00:00","og_image":[{"width":794,"height":596,"url":"https:\/\/www.naturparkmagazin.de\/dahme-heideseen\/wp-content\/uploads\/sites\/37\/Klaus_Teamausflug.jpg","type":"image\/jpeg"}],"author":"Astrid Osenbr\u00fcck","twitter_misc":{"Verfasst von":"Astrid Osenbr\u00fcck","Gesch\u00e4tzte Lesezeit":"5\u00a0Minuten"},"schema":{"@context":"https:\/\/schema.org","@graph":[{"@type":"WebPage","@id":"https:\/\/www.naturparkmagazin.de\/dahme-heideseen\/promi-des-monats-klaus-haubold\/","url":"https:\/\/www.naturparkmagazin.de\/dahme-heideseen\/promi-des-monats-klaus-haubold\/","name":"Promi des Monats: Klaus Haubold - Naturpark Dahme-Heideseen","isPartOf":{"@id":"https:\/\/www.naturparkmagazin.de\/dahme-heideseen\/#website"},"datePublished":"2021-04-20T09:55:13+00:00","dateModified":"2021-04-28T10:16:13+00:00","author":{"@id":"https:\/\/www.naturparkmagazin.de\/dahme-heideseen\/#\/schema\/person\/a0510aafafdf8183c95fc98faf0c9f21"},"breadcrumb":{"@id":"https:\/\/www.naturparkmagazin.de\/dahme-heideseen\/promi-des-monats-klaus-haubold\/#breadcrumb"},"inLanguage":"de","potentialAction":[{"@type":"ReadAction","target":["https:\/\/www.naturparkmagazin.de\/dahme-heideseen\/promi-des-monats-klaus-haubold\/"]}]},{"@type":"BreadcrumbList","@id":"https:\/\/www.naturparkmagazin.de\/dahme-heideseen\/promi-des-monats-klaus-haubold\/#breadcrumb","itemListElement":[{"@type":"ListItem","position":1,"name":"Home","item":"https:\/\/www.naturparkmagazin.de\/dahme-heideseen\/"},{"@type":"ListItem","position":2,"name":"Promi des Monats: Klaus Haubold"}]},{"@type":"WebSite","@id":"https:\/\/www.naturparkmagazin.de\/dahme-heideseen\/#website","url":"https:\/\/www.naturparkmagazin.de\/dahme-heideseen\/","name":"Naturpark Dahme-Heideseen","description":"","potentialAction":[{"@type":"SearchAction","target":{"@type":"EntryPoint","urlTemplate":"https:\/\/www.naturparkmagazin.de\/dahme-heideseen\/?s={search_term_string}"},"query-input":"required name=search_term_string"}],"inLanguage":"de"},{"@type":"Person","@id":"https:\/\/www.naturparkmagazin.de\/dahme-heideseen\/#\/schema\/person\/a0510aafafdf8183c95fc98faf0c9f21","name":"Astrid Osenbr\u00fcck","sameAs":["http:\/\/www.dahme-heideseen-naturpark.de"],"url":"https:\/\/www.naturparkmagazin.de\/dahme-heideseen\/author\/astridosenbrueck\/"}]}},"_links":{"self":[{"href":"https:\/\/www.naturparkmagazin.de\/dahme-heideseen\/wp-json\/wp\/v2\/posts\/3681"}],"collection":[{"href":"https:\/\/www.naturparkmagazin.de\/dahme-heideseen\/wp-json\/wp\/v2\/posts"}],"about":[{"href":"https:\/\/www.naturparkmagazin.de\/dahme-heideseen\/wp-json\/wp\/v2\/types\/post"}],"author":[{"embeddable":true,"href":"https:\/\/www.naturparkmagazin.de\/dahme-heideseen\/wp-json\/wp\/v2\/users\/83"}],"replies":[{"embeddable":true,"href":"https:\/\/www.naturparkmagazin.de\/dahme-heideseen\/wp-json\/wp\/v2\/comments?post=3681"}],"version-history":[{"count":10,"href":"https:\/\/www.naturparkmagazin.de\/dahme-heideseen\/wp-json\/wp\/v2\/posts\/3681\/revisions"}],"predecessor-version":[{"id":3707,"href":"https:\/\/www.naturparkmagazin.de\/dahme-heideseen\/wp-json\/wp\/v2\/posts\/3681\/revisions\/3707"}],"wp:featuredmedia":[{"embeddable":true,"href":"https:\/\/www.naturparkmagazin.de\/dahme-heideseen\/wp-json\/wp\/v2\/media\/3693"}],"wp:attachment":[{"href":"https:\/\/www.naturparkmagazin.de\/dahme-heideseen\/wp-json\/wp\/v2\/media?parent=3681"}],"wp:term":[{"taxonomy":"category","embeddable":true,"href":"https:\/\/www.naturparkmagazin.de\/dahme-heideseen\/wp-json\/wp\/v2\/categories?post=3681"},{"taxonomy":"post_tag","embeddable":true,"href":"https:\/\/www.naturparkmagazin.de\/dahme-heideseen\/wp-json\/wp\/v2\/tags?post=3681"}],"curies":[{"name":"wp","href":"https:\/\/api.w.org\/{rel}","templated":true}]}}