{"id":3701,"date":"2021-04-26T14:49:11","date_gmt":"2021-04-26T12:49:11","guid":{"rendered":"https:\/\/www.naturparkmagazin.de\/dahme-heideseen\/?p=3701"},"modified":"2021-04-26T15:23:05","modified_gmt":"2021-04-26T13:23:05","slug":"liebe-leserinnen-und-leser","status":"publish","type":"post","link":"https:\/\/www.naturparkmagazin.de\/dahme-heideseen\/liebe-leserinnen-und-leser\/","title":{"rendered":"Liebe Leserinnen und Leser,"},"content":{"rendered":"<p>im Fr\u00fchling starten wieder Aktivit\u00e4ten im Freien. So hat beispielsweise die Saison der <a href=\"https:\/\/www.naturparkmagazin.de\/dahme-heideseen\/tauchen-fuer-den-naturschutz\/\" target=\"_blank\">Naturschutz-Taucher<\/a>, die den Zustand ausgew\u00e4hlter Seen im Naturpark untersuchen, begonnen. Das fr\u00fchlingshafte Wetter l\u00e4dt zu achtsamen Spazierg\u00e4ngen im Naturpark ein und kann eine Inspiration zur Beobachtung der Gartenv\u00f6gel sein. Der NABU veranstaltet dazu wieder die <a href=\"https:\/\/www.naturparkmagazin.de\/dahme-heideseen\/stunde-der-gartenvoegel-mach-mit\/\" target=\"_blank\">Stunde der Gartenv\u00f6gel<\/a>.<\/p>\n<p>In der Rubrik \u201ePromi des Monats\u201c stellen wir Ihnen auch diesen Monat einen Akteur aus dem Naturpark Dahme-Heideseen vor, um die Entwicklung des Naturparks und die Vielfalt der Arbeitsbereiche darzustellen. Diesmal beantwortet <a href=\"https:\/\/www.naturparkmagazin.de\/dahme-heideseen\/promi-des-monats-klaus-haubold\/\" target=\"_blank\">Klaus Haubold, Mitarbeiter des Naturparks Dahme-Heideseen,<\/a> unsere Fragen und gibt einen interessanten Einblick in seinen Arbeitsalltag und den Bereich \u201c\u00d6kologisierung der Landnutzung\u201c.<\/p>\n<p>Zuletzt noch ein kurzer Hinweis: Aufgrund der derzeitigen Situation und als Ma\u00dfnahme gegen das Corona-Virus finden im Naturpark viele Veranstaltungen nicht statt. Die\u00a0Rubrik Veranstaltungen und Aktivit\u00e4ten ist in diesem Newsletter vertreten, wir bitten Sie trotzdem kurzfristig zu kl\u00e4ren ob die jeweilige Veranstaltung stattfindet.<\/p>\n<p>Wir w\u00fcnschen eine fr\u00f6hliche, bunte und vor allem gesunde Fr\u00fchlingszeit!<\/p>\n<p>Ihr Naturpark-Team<\/p>\n","protected":false},"excerpt":{"rendered":"<p>im Fr\u00fchling starten wieder Aktivit\u00e4ten im Freien. So hat beispielsweise die Saison der Naturschutz-Taucher, die den Zustand ausgew\u00e4hlter Seen im Naturpark untersuchen, begonnen. Das fr\u00fchlingshafte Wetter l\u00e4dt zu achtsamen Spazierg\u00e4ngen im Naturpark ein und kann eine Inspiration zur Beobachtung der Gartenv\u00f6gel sein. Der NABU veranstaltet dazu wieder die Stunde der Gartenv\u00f6gel. In der Rubrik \u201ePromi<\/p>\n","protected":false},"author":83,"featured_media":0,"comment_status":"open","ping_status":"open","sticky":false,"template":"","format":"standard","meta":[],"categories":[52],"tags":[],"yoast_head":"<!-- This site is optimized with the Yoast SEO plugin v19.10 - https:\/\/yoast.com\/wordpress\/plugins\/seo\/ -->\n<title>Liebe Leserinnen und Leser, - Naturpark Dahme-Heideseen<\/title>\n<meta name=\"robots\" content=\"index, follow, max-snippet:-1, max-image-preview:large, max-video-preview:-1\" \/>\n<link rel=\"canonical\" href=\"https:\/\/www.naturparkmagazin.de\/dahme-heideseen\/liebe-leserinnen-und-leser\/\" \/>\n<meta property=\"og:locale\" content=\"de_DE\" \/>\n<meta property=\"og:type\" content=\"article\" \/>\n<meta property=\"og:title\" content=\"Liebe Leserinnen und Leser, - Naturpark Dahme-Heideseen\" \/>\n<meta property=\"og:description\" content=\"im Fr\u00fchling starten wieder Aktivit\u00e4ten im Freien. So hat beispielsweise die Saison der Naturschutz-Taucher, die den Zustand ausgew\u00e4hlter Seen im Naturpark untersuchen, begonnen. Das fr\u00fchlingshafte Wetter l\u00e4dt zu achtsamen Spazierg\u00e4ngen im Naturpark ein und kann eine Inspiration zur Beobachtung der Gartenv\u00f6gel sein. Der NABU veranstaltet dazu wieder die Stunde der Gartenv\u00f6gel. In der Rubrik \u201ePromi\" \/>\n<meta property=\"og:url\" content=\"https:\/\/www.naturparkmagazin.de\/dahme-heideseen\/liebe-leserinnen-und-leser\/\" \/>\n<meta property=\"og:site_name\" content=\"Naturpark Dahme-Heideseen\" \/>\n<meta property=\"article:published_time\" content=\"2021-04-26T12:49:11+00:00\" \/>\n<meta property=\"article:modified_time\" content=\"2021-04-26T13:23:05+00:00\" \/>\n<meta name=\"author\" content=\"Astrid Osenbr\u00fcck\" \/>\n<meta name=\"twitter:label1\" content=\"Verfasst von\" \/>\n\t<meta name=\"twitter:data1\" content=\"Astrid Osenbr\u00fcck\" \/>\n\t<meta name=\"twitter:label2\" content=\"Gesch\u00e4tzte Lesezeit\" \/>\n\t<meta name=\"twitter:data2\" content=\"1\u00a0Minute\" \/>\n<script type=\"application\/ld+json\" class=\"yoast-schema-graph\">{\"@context\":\"https:\/\/schema.org\",\"@graph\":[{\"@type\":\"WebPage\",\"@id\":\"https:\/\/www.naturparkmagazin.de\/dahme-heideseen\/liebe-leserinnen-und-leser\/\",\"url\":\"https:\/\/www.naturparkmagazin.de\/dahme-heideseen\/liebe-leserinnen-und-leser\/\",\"name\":\"Liebe Leserinnen und Leser, - Naturpark Dahme-Heideseen\",\"isPartOf\":{\"@id\":\"https:\/\/www.naturparkmagazin.de\/dahme-heideseen\/#website\"},\"datePublished\":\"2021-04-26T12:49:11+00:00\",\"dateModified\":\"2021-04-26T13:23:05+00:00\",\"author\":{\"@id\":\"https:\/\/www.naturparkmagazin.de\/dahme-heideseen\/#\/schema\/person\/a0510aafafdf8183c95fc98faf0c9f21\"},\"breadcrumb\":{\"@id\":\"https:\/\/www.naturparkmagazin.de\/dahme-heideseen\/liebe-leserinnen-und-leser\/#breadcrumb\"},\"inLanguage\":\"de\",\"potentialAction\":[{\"@type\":\"ReadAction\",\"target\":[\"https:\/\/www.naturparkmagazin.de\/dahme-heideseen\/liebe-leserinnen-und-leser\/\"]}]},{\"@type\":\"BreadcrumbList\",\"@id\":\"https:\/\/www.naturparkmagazin.de\/dahme-heideseen\/liebe-leserinnen-und-leser\/#breadcrumb\",\"itemListElement\":[{\"@type\":\"ListItem\",\"position\":1,\"name\":\"Home\",\"item\":\"https:\/\/www.naturparkmagazin.de\/dahme-heideseen\/\"},{\"@type\":\"ListItem\",\"position\":2,\"name\":\"Liebe Leserinnen und Leser,\"}]},{\"@type\":\"WebSite\",\"@id\":\"https:\/\/www.naturparkmagazin.de\/dahme-heideseen\/#website\",\"url\":\"https:\/\/www.naturparkmagazin.de\/dahme-heideseen\/\",\"name\":\"Naturpark Dahme-Heideseen\",\"description\":\"\",\"potentialAction\":[{\"@type\":\"SearchAction\",\"target\":{\"@type\":\"EntryPoint\",\"urlTemplate\":\"https:\/\/www.naturparkmagazin.de\/dahme-heideseen\/?s={search_term_string}\"},\"query-input\":\"required name=search_term_string\"}],\"inLanguage\":\"de\"},{\"@type\":\"Person\",\"@id\":\"https:\/\/www.naturparkmagazin.de\/dahme-heideseen\/#\/schema\/person\/a0510aafafdf8183c95fc98faf0c9f21\",\"name\":\"Astrid Osenbr\u00fcck\",\"sameAs\":[\"http:\/\/www.dahme-heideseen-naturpark.de\"],\"url\":\"https:\/\/www.naturparkmagazin.de\/dahme-heideseen\/author\/astridosenbrueck\/\"}]}<\/script>\n<!-- \/ Yoast SEO plugin. -->","yoast_head_json":{"title":"Liebe Leserinnen und Leser, - Naturpark Dahme-Heideseen","robots":{"index":"index","follow":"follow","max-snippet":"max-snippet:-1","max-image-preview":"max-image-preview:large","max-video-preview":"max-video-preview:-1"},"canonical":"https:\/\/www.naturparkmagazin.de\/dahme-heideseen\/liebe-leserinnen-und-leser\/","og_locale":"de_DE","og_type":"article","og_title":"Liebe Leserinnen und Leser, - Naturpark Dahme-Heideseen","og_description":"im Fr\u00fchling starten wieder Aktivit\u00e4ten im Freien. So hat beispielsweise die Saison der Naturschutz-Taucher, die den Zustand ausgew\u00e4hlter Seen im Naturpark untersuchen, begonnen. Das fr\u00fchlingshafte Wetter l\u00e4dt zu achtsamen Spazierg\u00e4ngen im Naturpark ein und kann eine Inspiration zur Beobachtung der Gartenv\u00f6gel sein. Der NABU veranstaltet dazu wieder die Stunde der Gartenv\u00f6gel. In der Rubrik \u201ePromi","og_url":"https:\/\/www.naturparkmagazin.de\/dahme-heideseen\/liebe-leserinnen-und-leser\/","og_site_name":"Naturpark Dahme-Heideseen","article_published_time":"2021-04-26T12:49:11+00:00","article_modified_time":"2021-04-26T13:23:05+00:00","author":"Astrid Osenbr\u00fcck","twitter_misc":{"Verfasst von":"Astrid Osenbr\u00fcck","Gesch\u00e4tzte Lesezeit":"1\u00a0Minute"},"schema":{"@context":"https:\/\/schema.org","@graph":[{"@type":"WebPage","@id":"https:\/\/www.naturparkmagazin.de\/dahme-heideseen\/liebe-leserinnen-und-leser\/","url":"https:\/\/www.naturparkmagazin.de\/dahme-heideseen\/liebe-leserinnen-und-leser\/","name":"Liebe Leserinnen und Leser, - Naturpark Dahme-Heideseen","isPartOf":{"@id":"https:\/\/www.naturparkmagazin.de\/dahme-heideseen\/#website"},"datePublished":"2021-04-26T12:49:11+00:00","dateModified":"2021-04-26T13:23:05+00:00","author":{"@id":"https:\/\/www.naturparkmagazin.de\/dahme-heideseen\/#\/schema\/person\/a0510aafafdf8183c95fc98faf0c9f21"},"breadcrumb":{"@id":"https:\/\/www.naturparkmagazin.de\/dahme-heideseen\/liebe-leserinnen-und-leser\/#breadcrumb"},"inLanguage":"de","potentialAction":[{"@type":"ReadAction","target":["https:\/\/www.naturparkmagazin.de\/dahme-heideseen\/liebe-leserinnen-und-leser\/"]}]},{"@type":"BreadcrumbList","@id":"https:\/\/www.naturparkmagazin.de\/dahme-heideseen\/liebe-leserinnen-und-leser\/#breadcrumb","itemListElement":[{"@type":"ListItem","position":1,"name":"Home","item":"https:\/\/www.naturparkmagazin.de\/dahme-heideseen\/"},{"@type":"ListItem","position":2,"name":"Liebe Leserinnen und Leser,"}]},{"@type":"WebSite","@id":"https:\/\/www.naturparkmagazin.de\/dahme-heideseen\/#website","url":"https:\/\/www.naturparkmagazin.de\/dahme-heideseen\/","name":"Naturpark Dahme-Heideseen","description":"","potentialAction":[{"@type":"SearchAction","target":{"@type":"EntryPoint","urlTemplate":"https:\/\/www.naturparkmagazin.de\/dahme-heideseen\/?s={search_term_string}"},"query-input":"required name=search_term_string"}],"inLanguage":"de"},{"@type":"Person","@id":"https:\/\/www.naturparkmagazin.de\/dahme-heideseen\/#\/schema\/person\/a0510aafafdf8183c95fc98faf0c9f21","name":"Astrid Osenbr\u00fcck","sameAs":["http:\/\/www.dahme-heideseen-naturpark.de"],"url":"https:\/\/www.naturparkmagazin.de\/dahme-heideseen\/author\/astridosenbrueck\/"}]}},"_links":{"self":[{"href":"https:\/\/www.naturparkmagazin.de\/dahme-heideseen\/wp-json\/wp\/v2\/posts\/3701"}],"collection":[{"href":"https:\/\/www.naturparkmagazin.de\/dahme-heideseen\/wp-json\/wp\/v2\/posts"}],"about":[{"href":"https:\/\/www.naturparkmagazin.de\/dahme-heideseen\/wp-json\/wp\/v2\/types\/post"}],"author":[{"embeddable":true,"href":"https:\/\/www.naturparkmagazin.de\/dahme-heideseen\/wp-json\/wp\/v2\/users\/83"}],"replies":[{"embeddable":true,"href":"https:\/\/www.naturparkmagazin.de\/dahme-heideseen\/wp-json\/wp\/v2\/comments?post=3701"}],"version-history":[{"count":3,"href":"https:\/\/www.naturparkmagazin.de\/dahme-heideseen\/wp-json\/wp\/v2\/posts\/3701\/revisions"}],"predecessor-version":[{"id":3704,"href":"https:\/\/www.naturparkmagazin.de\/dahme-heideseen\/wp-json\/wp\/v2\/posts\/3701\/revisions\/3704"}],"wp:attachment":[{"href":"https:\/\/www.naturparkmagazin.de\/dahme-heideseen\/wp-json\/wp\/v2\/media?parent=3701"}],"wp:term":[{"taxonomy":"category","embeddable":true,"href":"https:\/\/www.naturparkmagazin.de\/dahme-heideseen\/wp-json\/wp\/v2\/categories?post=3701"},{"taxonomy":"post_tag","embeddable":true,"href":"https:\/\/www.naturparkmagazin.de\/dahme-heideseen\/wp-json\/wp\/v2\/tags?post=3701"}],"curies":[{"name":"wp","href":"https:\/\/api.w.org\/{rel}","templated":true}]}}